{"id":1027,"date":"2019-03-18T11:01:38","date_gmt":"2019-03-18T10:01:38","guid":{"rendered":"https:\/\/mto-kr.pl\/?p=1027"},"modified":"2019-03-22T17:07:44","modified_gmt":"2019-03-22T16:07:44","slug":"ii-wosenny-zjazd-mto","status":"publish","type":"post","link":"https:\/\/mto-kr.pl\/en\/2019\/03\/18\/ii-wosenny-zjazd-mto\/","title":{"rendered":"II Wiosenny Zjazd MTO"},"content":{"rendered":"<p style=\"text-align: justify;\"><a href=\"https:\/\/mto-kr.pl\/wp-content\/uploads\/2019\/03\/II_Wiosenny_Zjazd_MTO_190308_10.jpg\"><img loading=\"lazy\" decoding=\"async\" class=\"alignleft size-medium wp-image-1028\" src=\"https:\/\/mto-kr.pl\/wp-content\/uploads\/2019\/03\/II_Wiosenny_Zjazd_MTO_190308_10-300x218.jpg\" alt=\"\" width=\"300\" height=\"218\" srcset=\"https:\/\/mto-kr.pl\/wp-content\/uploads\/2019\/03\/II_Wiosenny_Zjazd_MTO_190308_10-300x218.jpg 300w, https:\/\/mto-kr.pl\/wp-content\/uploads\/2019\/03\/II_Wiosenny_Zjazd_MTO_190308_10-768x559.jpg 768w, https:\/\/mto-kr.pl\/wp-content\/uploads\/2019\/03\/II_Wiosenny_Zjazd_MTO_190308_10-1024x745.jpg 1024w, https:\/\/mto-kr.pl\/wp-content\/uploads\/2019\/03\/II_Wiosenny_Zjazd_MTO_190308_10-481x350.jpg 481w, https:\/\/mto-kr.pl\/wp-content\/uploads\/2019\/03\/II_Wiosenny_Zjazd_MTO_190308_10-150x109.jpg 150w, https:\/\/mto-kr.pl\/wp-content\/uploads\/2019\/03\/II_Wiosenny_Zjazd_MTO_190308_10.jpg 1181w\" sizes=\"auto, (max-width: 300px) 100vw, 300px\" \/><\/a><strong>Za nami II Wiosenny Zjazd Ma\u0142opolskiego Towarzystwa Ornitologicznego. Roboczo-integracyjne spotkanie ornitolog\u00f3w z po\u0142udnia Polski odby\u0142o si\u0119 w dniach 8-10 marca w Gruszowie ko\u0142o Dobczyc.\u00a0<\/strong><\/p>\n<p style=\"text-align: justify;\"><a href=\"https:\/\/mto-kr.pl\/en\/2019\/03\/18\/fotogaleria-z-ii-wiosennego-zjazdu-mto\/\">Fotogaleria ze Zjazdu &#8211; kliknij!<\/a><\/p>\n<p style=\"text-align: justify;\">Spotkanie ornitolog\u00f3w rozpocz\u0119\u0142o si\u0119 w pi\u0105tkowy wiecz\u00f3r interesuj\u0105cymi i obszernymi relacjami z wypraw w stref\u0119 arktyczn\u0105 Rosji (Damian Nowak) oraz wyjazdu do Maroka (Tomasz Wilk). Po zako\u0144czonych prezentacjach dyskusje trwa\u0142y do p\u00f3\u017anej nocy.<\/p>\n<p style=\"text-align: justify;\">Sobotni dzie\u0144 by\u0142 najbardziej pracowit\u0105 cz\u0119\u015bci\u0105 Zjazdu. Sesja referatowa trwa\u0142a od rana do kolacji, a w\u015br\u00f3d prelegent\u00f3w byli zar\u00f3wno zawodowi ornitolodzy, jak i osoby zajmuj\u0105ce si\u0119 ptakami hobbistycznie. Nakre\u015blono r\u00f3wnie\u017c cele zwi\u0105zane z <a href=\"http:\/\/www.iop.krakow.pl\/dbPtak\/atlas\">Atlasem ptak\u00f3w l\u0119gowych i zimuj\u0105cych Polski po\u0142udniowo-wschodniej 2014-2020<\/a> na najbli\u017cszy okres l\u0119gowy, kt\u00f3ry b\u0119dzie ostatnim sezonem licze\u0144. Po kolacji odby\u0142a si\u0119 impreza integracyjna z o\u017cywionymi dyskusjami.<\/p>\n<p style=\"text-align: justify;\">Na zako\u0144czenie zjazdu, w niedziel\u0119 10 marca, odby\u0142a si\u0119 wycieczka na Zbiornik Dobczycki, kt\u00f3r\u0105 poprowadzi\u0142 pan Krzysztof Czajowski. W\u015br\u00f3d obserwowanych ptak\u00f3w by\u0142y m.in. bielaczki, \u015bwistuny, kuropatwy, czajki, kszyk, pliszki g\u00f3rskie, siniaki, kopciuszki i \u015bwiergotki \u0142\u0105kowe. Sk\u0142ad gatunkowy i\u015bcie wiosenny.<\/p>\n<p style=\"text-align: justify;\">W zje\u017adzie wzi\u0119\u0142o udzia\u0142 blisko 40 os\u00f3b. Podczas zjazdu odby\u0142 si\u0119 r\u00f3wnie\u017c konkurs na najbystrzejszego obserwatora ptak\u00f3w. Wygrali wsp\u00f3lnie, podobnie jak rok temu, z podobnym dorobkiem jak rok temu, Wojciech Guzik i Mateusz \u0141odzi\u0144ski.<\/p>\n<p style=\"text-align: right;\"><em>JW<\/em><\/p>\n<p>&nbsp;<\/p>","protected":false},"excerpt":{"rendered":"<p>Za nami II Wiosenny Zjazd Ma\u0142opolskiego Towarzystwa Ornitologicznego. Roboczo-integracyjne spotkanie ornitolog\u00f3w z po\u0142udnia Polski odby\u0142o si\u0119 w dniach 8-10 marca w Gruszowie ko\u0142o Dobczyc.\u00a0 Fotogaleria ze Zjazdu &#8211; kliknij! Spotkanie ornitolog\u00f3w rozpocz\u0119\u0142o si\u0119 w pi\u0105tkowy wiecz\u00f3r interesuj\u0105cymi i obszernymi relacjami z wypraw w stref\u0119 arktyczn\u0105 Rosji (Damian Nowak) oraz wyjazdu do Maroka (Tomasz Wilk). Po zako\u0144czonych prezentacjach dyskusje trwa\u0142y do p\u00f3\u017anej nocy. Sobotni dzie\u0144 by\u0142 najbardziej pracowit\u0105 cz\u0119\u015bci\u0105 Zjazdu. Sesja referatowa trwa\u0142a od rana do kolacji, a w\u015br\u00f3d prelegent\u00f3w byli zar\u00f3wno zawodowi ornitolodzy, jak i osoby zajmuj\u0105ce si\u0119 ptakami hobbistycznie. Nakre\u015blono r\u00f3wnie\u017c cele zwi\u0105zane z Atlasem ptak\u00f3w l\u0119gowych i zimuj\u0105cych\u2026 <a class=\"continue-reading-link\" href=\"https:\/\/mto-kr.pl\/en\/2019\/03\/18\/ii-wosenny-zjazd-mto\/\">Czytaj dalej&#8230;<\/a><\/p>","protected":false},"author":1,"featured_media":1028,"comment_status":"closed","ping_status":"open","sticky":false,"template":"","format":"standard","meta":{"_monsterinsights_skip_tracking":false,"footnotes":""},"categories":[4],"tags":[],"class_list":["post-1027","post","type-post","status-publish","format-standard","has-post-thumbnail","hentry","category-aktualnosci"],"_links":{"self":[{"href":"https:\/\/mto-kr.pl\/en\/wp-json\/wp\/v2\/posts\/1027","targetHints":{"allow":["GET"]}}],"collection":[{"href":"https:\/\/mto-kr.pl\/en\/wp-json\/wp\/v2\/posts"}],"about":[{"href":"https:\/\/mto-kr.pl\/en\/wp-json\/wp\/v2\/types\/post"}],"author":[{"embeddable":true,"href":"https:\/\/mto-kr.pl\/en\/wp-json\/wp\/v2\/users\/1"}],"replies":[{"embeddable":true,"href":"https:\/\/mto-kr.pl\/en\/wp-json\/wp\/v2\/comments?post=1027"}],"version-history":[{"count":2,"href":"https:\/\/mto-kr.pl\/en\/wp-json\/wp\/v2\/posts\/1027\/revisions"}],"predecessor-version":[{"id":1044,"href":"https:\/\/mto-kr.pl\/en\/wp-json\/wp\/v2\/posts\/1027\/revisions\/1044"}],"wp:featuredmedia":[{"embeddable":true,"href":"https:\/\/mto-kr.pl\/en\/wp-json\/wp\/v2\/media\/1028"}],"wp:attachment":[{"href":"https:\/\/mto-kr.pl\/en\/wp-json\/wp\/v2\/media?parent=1027"}],"wp:term":[{"taxonomy":"category","embeddable":true,"href":"https:\/\/mto-kr.pl\/en\/wp-json\/wp\/v2\/categories?post=1027"},{"taxonomy":"post_tag","embeddable":true,"href":"https:\/\/mto-kr.pl\/en\/wp-json\/wp\/v2\/tags?post=1027"}],"curies":[{"name":"wp","href":"https:\/\/api.w.org\/{rel}","templated":true}]}}