{"id":1033,"date":"2019-03-22T11:01:08","date_gmt":"2019-03-22T10:01:08","guid":{"rendered":"https:\/\/mto-kr.pl\/?p=1033"},"modified":"2019-03-22T16:47:06","modified_gmt":"2019-03-22T15:47:06","slug":"dzien-otwarty-malopolskiego-towarzystwa-ornitologicznego","status":"publish","type":"post","link":"https:\/\/mto-kr.pl\/en\/2019\/03\/22\/dzien-otwarty-malopolskiego-towarzystwa-ornitologicznego\/","title":{"rendered":"Dzie\u0144 Otwarty MTO &#8211; budki l\u0119gowe"},"content":{"rendered":"<p style=\"text-align: justify;\"><strong><a href=\"https:\/\/mto-kr.pl\/wp-content\/uploads\/2019\/03\/dzien-Otwart-MTO-budki-Legowe-seidziba-radia-Krak\u00f3w-marzec-2008r.jpg\"><img loading=\"lazy\" decoding=\"async\" class=\"alignleft wp-image-1036 size-medium\" title=\"Dzie\u0144 Otwarty MTO - budki l\u0119gowe (siedziba Radia Krak\u00f3w, marzec 2008)\" src=\"https:\/\/mto-kr.pl\/wp-content\/uploads\/2019\/03\/dzien-Otwart-MTO-budki-Legowe-seidziba-radia-Krak\u00f3w-marzec-2008r-300x225.jpg\" alt=\"Dzie\u0144 Otwarty MTO - budki l\u0119gowe (siedziba Radia Krak\u00f3w, marzec 2008)\" width=\"300\" height=\"225\" srcset=\"https:\/\/mto-kr.pl\/wp-content\/uploads\/2019\/03\/dzien-Otwart-MTO-budki-Legowe-seidziba-radia-Krak\u00f3w-marzec-2008r-300x225.jpg 300w, https:\/\/mto-kr.pl\/wp-content\/uploads\/2019\/03\/dzien-Otwart-MTO-budki-Legowe-seidziba-radia-Krak\u00f3w-marzec-2008r-768x576.jpg 768w, https:\/\/mto-kr.pl\/wp-content\/uploads\/2019\/03\/dzien-Otwart-MTO-budki-Legowe-seidziba-radia-Krak\u00f3w-marzec-2008r.jpg 1024w, https:\/\/mto-kr.pl\/wp-content\/uploads\/2019\/03\/dzien-Otwart-MTO-budki-Legowe-seidziba-radia-Krak\u00f3w-marzec-2008r-467x350.jpg 467w, https:\/\/mto-kr.pl\/wp-content\/uploads\/2019\/03\/dzien-Otwart-MTO-budki-Legowe-seidziba-radia-Krak\u00f3w-marzec-2008r-150x113.jpg 150w\" sizes=\"auto, (max-width: 300px) 100vw, 300px\" \/><\/a>30.03.2019 &#8211; Dzie\u0144 Otwarty Ma\u0142opolskiego Towarzystwa Ornitologicznego po\u015bwi\u0119cony budkom l\u0119gowym dla ptak\u00f3w.<\/strong><\/p>\n<p style=\"text-align: justify;\">Wiosna! Ptaki coraz intensywniej \u015bpiewaj\u0105 i szukaj\u0105 dogodnych miejsc na swe lokum. Aby im pom\u00f3c, wywiesza si\u0119 specjalne budki (skrzynki) l\u0119gowe. Budki s\u0105 wa\u017cnym elementem zwi\u0119kszaj\u0105cym bior\u00f3\u017cnorodno\u015b\u0107 w r\u00f3\u017cnych ekosystemach. Szczeg\u00f3lnie wa\u017cne s\u0105 na terenach zurbanizowanych, gdzie, niestety, w coraz szybszym tempie ubywa naturalnych miejsc l\u0119gowych dla ptak\u00f3w.<\/p>\n<p style=\"text-align: justify;\">Jak pom\u00f3c ptakom w tym okresie? Jak dobrze robi\u0107 budki? Kiedy i jak je wiesza\u0107? Jakie typy ptasich domk\u00f3w stosuje si\u0119 dla s\u00f3w a jakie dla sikor? Jakie stosuje si\u0119 zabezpieczenia przed drapie\u017cnikami i czemu niekt\u00f3re wygl\u0105daj\u0105 jak kr\u00f3lewska korona? Dla czego musimy czy\u015bci\u0107 budki? Dla czego budka dla pe\u0142zacza ma kszta\u0142t klina a na budk\u0119 dla sowy p\u00f3jd\u017aki dziennikarze m\u00f3wi\u0105 \u201etrumienka\u201d?!<\/p>\n<p style=\"text-align: justify;\">Poka\u017cemy min. unikalne budki dla pliszki siwej, familijne dla wr\u00f3bli czy naturaln\u0105 dziupl\u0119 wykut\u0105 przez dzi\u0119cio\u0142a, a dla mi\u0142o\u015bnik\u00f3w szpak\u00f3w &#8211; budka \u201efull wypas\u201d z zabezpieczeniami! B\u0119d\u0105 tak\u017ce prezentowane nietypowe budki dla jerzyka, kawki i inne.<\/p>\n<p style=\"text-align: justify;\"><strong>Na wszelkie zapytania dotycz\u0105ce budek l\u0119gowych, ch\u0119tnie udzieli odpowiedzi Ma\u0142opolskie Towarzystwo Ornitologiczne w trakcie trwania Dnia Otwartego, kt\u00f3ry odb\u0119dzie si\u0119 <\/strong><strong>30 marca (sobota) w siedzibie Radia Krak\u00f3w, al. S\u0142owackiego 22, w godz. 10.00-13.00 (hol na parterze). <\/strong><\/p>\n<p style=\"text-align: justify;\"><strong>Na miejscu b\u0119dzie mo\u017cna ogl\u0105dn\u0105\u0107 r\u00f3\u017cne typy budek l\u0119gowych, zapozna\u0107 si\u0119 z literatur\u0105 tematu, uzyska\u0107 fachowe informacje, op\u0142aci\u0107 sk\u0142adk\u0119 cz\u0142onkowsk\u0105. O Dniu Otwartym &#8211; budki l\u0119gowe, b\u0119dzie tak\u017ce tego dnia w programie na \u017cywo \u201eKlinika zdrowego chomika\u201d Radia Krak\u00f3w, w godz. 9.00-10.00. <\/strong><\/p>\n<p style=\"text-align: justify;\"><strong>Serdecznie zapraszamy!<\/strong><\/p>\n<p>Prowadz\u0105cy DO MTO: Jacek Tyblewski<\/p>\n<p><strong>Patronat medialny nad imprez\u0105 obj\u0119\u0142o Radio Krak\u00f3w.<\/strong><\/p>\n<p><img loading=\"lazy\" decoding=\"async\" class=\"\" src=\"http:\/\/www.krakowskiedorozki.pl\/wp-content\/uploads\/2016\/02\/RK_logo.png\" alt=\"Znalezione obrazy dla zapytania radio krak\u00c3\u00b3w\" width=\"363\" height=\"145\" \/><\/p>","protected":false},"excerpt":{"rendered":"<p>30.03.2019 &#8211; Dzie\u0144 Otwarty Ma\u0142opolskiego Towarzystwa Ornitologicznego po\u015bwi\u0119cony budkom l\u0119gowym dla ptak\u00f3w. Wiosna! Ptaki coraz intensywniej \u015bpiewaj\u0105 i szukaj\u0105 dogodnych miejsc na swe lokum. Aby im pom\u00f3c, wywiesza si\u0119 specjalne budki (skrzynki) l\u0119gowe. Budki s\u0105 wa\u017cnym elementem zwi\u0119kszaj\u0105cym bior\u00f3\u017cnorodno\u015b\u0107 w r\u00f3\u017cnych ekosystemach. Szczeg\u00f3lnie wa\u017cne s\u0105 na terenach zurbanizowanych, gdzie, niestety, w coraz szybszym tempie ubywa naturalnych miejsc l\u0119gowych dla ptak\u00f3w. Jak pom\u00f3c ptakom w tym okresie? Jak dobrze robi\u0107 budki? Kiedy i jak je wiesza\u0107? Jakie typy ptasich domk\u00f3w stosuje si\u0119 dla s\u00f3w a jakie dla sikor? Jakie stosuje si\u0119 zabezpieczenia przed drapie\u017cnikami i czemu niekt\u00f3re wygl\u0105daj\u0105 jak kr\u00f3lewska korona?\u2026 <a class=\"continue-reading-link\" href=\"https:\/\/mto-kr.pl\/en\/2019\/03\/22\/dzien-otwarty-malopolskiego-towarzystwa-ornitologicznego\/\">Czytaj dalej&#8230;<\/a><\/p>","protected":false},"author":1,"featured_media":1043,"comment_status":"closed","ping_status":"open","sticky":false,"template":"","format":"standard","meta":{"_monsterinsights_skip_tracking":false,"footnotes":""},"categories":[4],"tags":[],"class_list":["post-1033","post","type-post","status-publish","format-standard","has-post-thumbnail","hentry","category-aktualnosci"],"_links":{"self":[{"href":"https:\/\/mto-kr.pl\/en\/wp-json\/wp\/v2\/posts\/1033","targetHints":{"allow":["GET"]}}],"collection":[{"href":"https:\/\/mto-kr.pl\/en\/wp-json\/wp\/v2\/posts"}],"about":[{"href":"https:\/\/mto-kr.pl\/en\/wp-json\/wp\/v2\/types\/post"}],"author":[{"embeddable":true,"href":"https:\/\/mto-kr.pl\/en\/wp-json\/wp\/v2\/users\/1"}],"replies":[{"embeddable":true,"href":"https:\/\/mto-kr.pl\/en\/wp-json\/wp\/v2\/comments?post=1033"}],"version-history":[{"count":8,"href":"https:\/\/mto-kr.pl\/en\/wp-json\/wp\/v2\/posts\/1033\/revisions"}],"predecessor-version":[{"id":1042,"href":"https:\/\/mto-kr.pl\/en\/wp-json\/wp\/v2\/posts\/1033\/revisions\/1042"}],"wp:featuredmedia":[{"embeddable":true,"href":"https:\/\/mto-kr.pl\/en\/wp-json\/wp\/v2\/media\/1043"}],"wp:attachment":[{"href":"https:\/\/mto-kr.pl\/en\/wp-json\/wp\/v2\/media?parent=1033"}],"wp:term":[{"taxonomy":"category","embeddable":true,"href":"https:\/\/mto-kr.pl\/en\/wp-json\/wp\/v2\/categories?post=1033"},{"taxonomy":"post_tag","embeddable":true,"href":"https:\/\/mto-kr.pl\/en\/wp-json\/wp\/v2\/tags?post=1033"}],"curies":[{"name":"wp","href":"https:\/\/api.w.org\/{rel}","templated":true}]}}