{"id":1046,"date":"2019-04-29T13:19:09","date_gmt":"2019-04-29T11:19:09","guid":{"rendered":"https:\/\/mto-kr.pl\/?p=1046"},"modified":"2019-04-29T13:19:57","modified_gmt":"2019-04-29T11:19:57","slug":"projekt-ptaki-malych-zbiornikow-wodnych","status":"publish","type":"post","link":"https:\/\/mto-kr.pl\/en\/2019\/04\/29\/projekt-ptaki-malych-zbiornikow-wodnych\/","title":{"rendered":"Projekt \u201ePtaki ma\u0142ych zbiornik\u00f3w wodnych\u201d"},"content":{"rendered":"<p style=\"text-align: justify;\"><strong><a href=\"https:\/\/mto-kr.pl\/wp-content\/uploads\/2019\/04\/Z-20140513_031_WilkT.jpg\"><img loading=\"lazy\" decoding=\"async\" class=\"alignleft size-medium wp-image-1048\" src=\"https:\/\/mto-kr.pl\/wp-content\/uploads\/2019\/04\/Z-20140513_031_WilkT-300x200.jpg\" alt=\"\" width=\"300\" height=\"200\" srcset=\"https:\/\/mto-kr.pl\/wp-content\/uploads\/2019\/04\/Z-20140513_031_WilkT-300x200.jpg 300w, https:\/\/mto-kr.pl\/wp-content\/uploads\/2019\/04\/Z-20140513_031_WilkT-768x512.jpg 768w, https:\/\/mto-kr.pl\/wp-content\/uploads\/2019\/04\/Z-20140513_031_WilkT-1024x683.jpg 1024w, https:\/\/mto-kr.pl\/wp-content\/uploads\/2019\/04\/Z-20140513_031_WilkT-525x350.jpg 525w, https:\/\/mto-kr.pl\/wp-content\/uploads\/2019\/04\/Z-20140513_031_WilkT-150x100.jpg 150w, https:\/\/mto-kr.pl\/wp-content\/uploads\/2019\/04\/Z-20140513_031_WilkT.jpg 1200w\" sizes=\"auto, (max-width: 300px) 100vw, 300px\" \/><\/a>Ma\u0142opolskie Towarzystwo Ornitologiczne rusza z realizacj\u0105 nowej akcji inwentaryzacyjnej \u2013 \u201ePtaki ma\u0142ych zbiornik\u00f3w wodnych\u201d. Ju\u017c teraz mo\u017cesz w\u0142\u0105czy\u0107 si\u0119 do naszych dzia\u0142a\u0144.<\/strong><\/p>\n<p style=\"text-align: justify;\"><strong>Dlaczego ma\u0142e zbiorniki?<\/strong><\/p>\n<p style=\"text-align: justify;\">Mimo, \u017ce niewielkie, to ze wzgl\u0119du na fakt, \u017ce jest ich w naszym regionie a\u017c kilkana\u015bcie tysi\u0119cy, ma\u0142e zbiorniki wodne stanowi\u0105 wa\u017cny element \u015bwiata przyrody. Dla wielu gatunk\u00f3w \u2013 ro\u015blin, p\u0142az\u00f3w, ale tak\u017ce ptak\u00f3w, s\u0105 podstawowym miejscem wyst\u0119powania. Kompleksowe rozpoznanie ich zasob\u00f3w, w tym ptak\u00f3w, jest wci\u0105\u017c bardzo s\u0142abe, co utrudnia ich ochron\u0119. Jednocze\u015bnie ma\u0142e zbiorniki wodne \u2013 starorzecza, torfianki, \u015br\u00f3dpolne stawy i oczka wodne, s\u0105 jednym z najszybciej gin\u0105cych siedlisk w naszym kraju.<\/p>\n<p style=\"text-align: justify;\"><strong>Co chcemy zrobi\u0107?<\/strong><\/p>\n<p style=\"text-align: justify;\">Chcemy w tym roku zinwentaryzowa\u0107 ptaki wodne na min. 200 ma\u0142ych zbiornikach wodnych w Polsce po\u0142udniowo-wschodniej. Zebrane dane zasil\u0105 baz\u0119 obserwacji MTO (<a href=\"http:\/\/www.iop.krakow.pl\/dbPtak\/\">http:\/\/www.iop.krakow.pl\/dbPtak\/<\/a>), zostan\u0105 wykorzystane w powstaj\u0105cym Atlasie ptak\u00f3w 2014-2020, pos\u0142u\u017c\u0105 do przygotowania naukowych i popularnonaukowych artyku\u0142\u00f3w, oraz dokumentacji do obj\u0119cia ochron\u0105 najcenniejszych zbiornik\u00f3w. Mamy te\u017c nadziej\u0119, \u017ce Akcja zwr\u00f3ci uwag\u0119 spo\u0142ecze\u0144stwa na wa\u017cn\u0105 rol\u0119 ma\u0142ych zbiornik\u00f3w w przyrodzie, oraz zapocz\u0105tkuje szersze dzia\u0142ania na rzecz ich ochrony.<\/p>\n<p style=\"text-align: justify;\"><strong>Jak mo\u017cesz nam pom\u00f3c?<\/strong><\/p>\n<p style=\"text-align: justify;\">Z pewno\u015bci\u0105 w Twojej okolicy r\u00f3wnie\u017c znajduje si\u0119 ma\u0142y zbiornik wodny, wart zainteresowania. W\u0142\u0105cz si\u0119 do naszejakcji i zinwentaryzuj ptaki wodne, kt\u00f3re na nim wyst\u0119puj\u0105. Wystarczy, \u017ce wykonasz 2 kontrole terenowe w okresie maj &#8211; lipiec, a dane wpiszesz do naszej bazy.<\/p>\n<p style=\"text-align: justify;\">Zapoznaj si\u0119 ze szczeg\u00f3\u0142owymi za\u0142o\u017ceniami prac terenowych w poni\u017cszym dokumencie. Prze\u015blij nam deklaracj\u0119 zbiornika do kontroli <strong>do 5 maja<\/strong>, na adres: <a href=\"mailto:tomaszwilk3@gmail.com\">tomaszwilk3@gmail.com<\/a>\u00a0 Czekamy na Twoje zg\u0142oszenie!<\/p>\n<p><a href=\"https:\/\/mto-kr.pl\/wp-content\/uploads\/2019\/04\/MTO_Ptaki-malych-zbiornikow_v3.pdf\"><strong>Szczeg\u00f3\u0142owe za\u0142o\u017cenia i metodyka prac terenowych &#8211; kliknij!<\/strong><\/a><\/p>\n<p style=\"text-align: right;\"><em>Zesp\u00f3\u0142 MTO<\/em><\/p>","protected":false},"excerpt":{"rendered":"<p>Ma\u0142opolskie Towarzystwo Ornitologiczne rusza z realizacj\u0105 nowej akcji inwentaryzacyjnej \u2013 \u201ePtaki ma\u0142ych zbiornik\u00f3w wodnych\u201d. Ju\u017c teraz mo\u017cesz w\u0142\u0105czy\u0107 si\u0119 do naszych dzia\u0142a\u0144. Dlaczego ma\u0142e zbiorniki? Mimo, \u017ce niewielkie, to ze wzgl\u0119du na fakt, \u017ce jest ich w naszym regionie a\u017c kilkana\u015bcie tysi\u0119cy, ma\u0142e zbiorniki wodne stanowi\u0105 wa\u017cny element \u015bwiata przyrody. Dla wielu gatunk\u00f3w \u2013 ro\u015blin, p\u0142az\u00f3w, ale tak\u017ce ptak\u00f3w, s\u0105 podstawowym miejscem wyst\u0119powania. Kompleksowe rozpoznanie ich zasob\u00f3w, w tym ptak\u00f3w, jest wci\u0105\u017c bardzo s\u0142abe, co utrudnia ich ochron\u0119. Jednocze\u015bnie ma\u0142e zbiorniki wodne \u2013 starorzecza, torfianki, \u015br\u00f3dpolne stawy i oczka wodne, s\u0105 jednym z najszybciej gin\u0105cych siedlisk w naszym kraju. Co\u2026 <a class=\"continue-reading-link\" href=\"https:\/\/mto-kr.pl\/en\/2019\/04\/29\/projekt-ptaki-malych-zbiornikow-wodnych\/\">Czytaj dalej&#8230;<\/a><\/p>","protected":false},"author":1,"featured_media":1048,"comment_status":"closed","ping_status":"open","sticky":false,"template":"","format":"standard","meta":{"_monsterinsights_skip_tracking":false,"footnotes":""},"categories":[4],"tags":[],"class_list":["post-1046","post","type-post","status-publish","format-standard","has-post-thumbnail","hentry","category-aktualnosci"],"_links":{"self":[{"href":"https:\/\/mto-kr.pl\/en\/wp-json\/wp\/v2\/posts\/1046","targetHints":{"allow":["GET"]}}],"collection":[{"href":"https:\/\/mto-kr.pl\/en\/wp-json\/wp\/v2\/posts"}],"about":[{"href":"https:\/\/mto-kr.pl\/en\/wp-json\/wp\/v2\/types\/post"}],"author":[{"embeddable":true,"href":"https:\/\/mto-kr.pl\/en\/wp-json\/wp\/v2\/users\/1"}],"replies":[{"embeddable":true,"href":"https:\/\/mto-kr.pl\/en\/wp-json\/wp\/v2\/comments?post=1046"}],"version-history":[{"count":2,"href":"https:\/\/mto-kr.pl\/en\/wp-json\/wp\/v2\/posts\/1046\/revisions"}],"predecessor-version":[{"id":1050,"href":"https:\/\/mto-kr.pl\/en\/wp-json\/wp\/v2\/posts\/1046\/revisions\/1050"}],"wp:featuredmedia":[{"embeddable":true,"href":"https:\/\/mto-kr.pl\/en\/wp-json\/wp\/v2\/media\/1048"}],"wp:attachment":[{"href":"https:\/\/mto-kr.pl\/en\/wp-json\/wp\/v2\/media?parent=1046"}],"wp:term":[{"taxonomy":"category","embeddable":true,"href":"https:\/\/mto-kr.pl\/en\/wp-json\/wp\/v2\/categories?post=1046"},{"taxonomy":"post_tag","embeddable":true,"href":"https:\/\/mto-kr.pl\/en\/wp-json\/wp\/v2\/tags?post=1046"}],"curies":[{"name":"wp","href":"https:\/\/api.w.org\/{rel}","templated":true}]}}