{"id":1055,"date":"2019-10-04T22:03:38","date_gmt":"2019-10-04T20:03:38","guid":{"rendered":"https:\/\/mto-kr.pl\/?p=1055"},"modified":"2019-10-04T22:04:10","modified_gmt":"2019-10-04T20:04:10","slug":"jesienne-liczenie-ptakow-migrujacych-na-zbiornikach-wodnych","status":"publish","type":"post","link":"https:\/\/mto-kr.pl\/en\/2019\/10\/04\/jesienne-liczenie-ptakow-migrujacych-na-zbiornikach-wodnych\/","title":{"rendered":"Jesienne liczenie ptak\u00f3w migruj\u0105cych na zbiornikach wodnych"},"content":{"rendered":"<p style=\"font-weight: 400; text-align: justify;\"><strong><a href=\"https:\/\/mto-kr.pl\/wp-content\/uploads\/2019\/10\/G\u0119gawa-Anser-anser-26_m.jpg\"><img loading=\"lazy\" decoding=\"async\" class=\"alignleft wp-image-1057 size-medium\" src=\"https:\/\/mto-kr.pl\/wp-content\/uploads\/2019\/10\/G\u0119gawa-Anser-anser-26_m-300x187.jpg\" alt=\"G\u0119gawy (Anser anser) fot. J.Wyka\" width=\"300\" height=\"187\" srcset=\"https:\/\/mto-kr.pl\/wp-content\/uploads\/2019\/10\/G\u0119gawa-Anser-anser-26_m-300x187.jpg 300w, https:\/\/mto-kr.pl\/wp-content\/uploads\/2019\/10\/G\u0119gawa-Anser-anser-26_m-768x480.jpg 768w, https:\/\/mto-kr.pl\/wp-content\/uploads\/2019\/10\/G\u0119gawa-Anser-anser-26_m-1024x640.jpg 1024w, https:\/\/mto-kr.pl\/wp-content\/uploads\/2019\/10\/G\u0119gawa-Anser-anser-26_m-560x350.jpg 560w, https:\/\/mto-kr.pl\/wp-content\/uploads\/2019\/10\/G\u0119gawa-Anser-anser-26_m-150x94.jpg 150w, https:\/\/mto-kr.pl\/wp-content\/uploads\/2019\/10\/G\u0119gawa-Anser-anser-26_m.jpg 1500w\" sizes=\"auto, (max-width: 300px) 100vw, 300px\" \/><\/a>Lato si\u0119 ko\u0144czy, jesie\u0144 zbli\u017ca\u2026 to mo\u017ce jaki\u015b zbiornik odwiedzimy?<\/strong><\/p>\n<p style=\"font-weight: 400; text-align: justify;\">Zach\u0119cam do wzi\u0119cia udzia\u0142u w nowej akcji MTO \u201eJesienne liczenie ptak\u00f3w migruj\u0105cych na zbiornikach wodnych\u201d. Nie do ko\u0144ca jest to nowa akcja, bo, jak troch\u0119 starsi ornitolodzy pami\u0119taj\u0105, liczenia w okresie jesienno-zimowym by\u0142y ju\u017c wcze\u015bniej regularnie prowadzone w regionie. Rezultaty tamtych licze\u0144 by\u0142y interesuj\u0105ce i dlatego chcemy wskrzesi\u0107 star\u0105 tradycj\u0119.<\/p>\n<p style=\"font-weight: 400; text-align: justify;\">Liczenie nie jest skomplikowane, <strong><a href=\"https:\/\/mto-kr.pl\/wp-content\/uploads\/2019\/10\/Jesienne-liczenie-ptak\u00f3w-migruj\u0105cy-na-zbiornikach-wodnych.pdf\">w za\u0142\u0105czonym pliku pdf (kliknij)<\/a><\/strong> szczeg\u00f3\u0142y akcji.<\/p>\n<p style=\"font-weight: 400; text-align: justify;\">Wybierz zbiornik lub kompleks staw\u00f3w rybnych, a deklaracj\u0119 prze\u015blij na adres\u00a0<a href=\"mailto:krol@iop.krakow.pl\">krol@iop.krakow.pl<\/a>! I w teren!<\/p>\n<p style=\"font-weight: 400; text-align: right;\">W imieniu organizator\u00f3w,<br \/>\nWies\u0142aw Kr\u00f3l<\/p>","protected":false},"excerpt":{"rendered":"<p>Lato si\u0119 ko\u0144czy, jesie\u0144 zbli\u017ca\u2026 to mo\u017ce jaki\u015b zbiornik odwiedzimy? Zach\u0119cam do wzi\u0119cia udzia\u0142u w nowej akcji MTO \u201eJesienne liczenie ptak\u00f3w migruj\u0105cych na zbiornikach wodnych\u201d. Nie do ko\u0144ca jest to nowa akcja, bo, jak troch\u0119 starsi ornitolodzy pami\u0119taj\u0105, liczenia w okresie jesienno-zimowym by\u0142y ju\u017c wcze\u015bniej regularnie prowadzone w regionie. Rezultaty tamtych licze\u0144 by\u0142y interesuj\u0105ce i dlatego chcemy wskrzesi\u0107 star\u0105 tradycj\u0119. Liczenie nie jest skomplikowane, w za\u0142\u0105czonym pliku pdf (kliknij) szczeg\u00f3\u0142y akcji. Wybierz zbiornik lub kompleks staw\u00f3w rybnych, a deklaracj\u0119 prze\u015blij na adres\u00a0krol@iop.krakow.pl! I w teren! W imieniu organizator\u00f3w, Wies\u0142aw Kr\u00f3l <a class=\"continue-reading-link\" href=\"https:\/\/mto-kr.pl\/en\/2019\/10\/04\/jesienne-liczenie-ptakow-migrujacych-na-zbiornikach-wodnych\/\">Czytaj dalej&#8230;<\/a><\/p>","protected":false},"author":1,"featured_media":1057,"comment_status":"closed","ping_status":"open","sticky":false,"template":"","format":"standard","meta":{"_monsterinsights_skip_tracking":false,"footnotes":""},"categories":[4],"tags":[],"class_list":["post-1055","post","type-post","status-publish","format-standard","has-post-thumbnail","hentry","category-aktualnosci"],"_links":{"self":[{"href":"https:\/\/mto-kr.pl\/en\/wp-json\/wp\/v2\/posts\/1055","targetHints":{"allow":["GET"]}}],"collection":[{"href":"https:\/\/mto-kr.pl\/en\/wp-json\/wp\/v2\/posts"}],"about":[{"href":"https:\/\/mto-kr.pl\/en\/wp-json\/wp\/v2\/types\/post"}],"author":[{"embeddable":true,"href":"https:\/\/mto-kr.pl\/en\/wp-json\/wp\/v2\/users\/1"}],"replies":[{"embeddable":true,"href":"https:\/\/mto-kr.pl\/en\/wp-json\/wp\/v2\/comments?post=1055"}],"version-history":[{"count":1,"href":"https:\/\/mto-kr.pl\/en\/wp-json\/wp\/v2\/posts\/1055\/revisions"}],"predecessor-version":[{"id":1058,"href":"https:\/\/mto-kr.pl\/en\/wp-json\/wp\/v2\/posts\/1055\/revisions\/1058"}],"wp:featuredmedia":[{"embeddable":true,"href":"https:\/\/mto-kr.pl\/en\/wp-json\/wp\/v2\/media\/1057"}],"wp:attachment":[{"href":"https:\/\/mto-kr.pl\/en\/wp-json\/wp\/v2\/media?parent=1055"}],"wp:term":[{"taxonomy":"category","embeddable":true,"href":"https:\/\/mto-kr.pl\/en\/wp-json\/wp\/v2\/categories?post=1055"},{"taxonomy":"post_tag","embeddable":true,"href":"https:\/\/mto-kr.pl\/en\/wp-json\/wp\/v2\/tags?post=1055"}],"curies":[{"name":"wp","href":"https:\/\/api.w.org\/{rel}","templated":true}]}}