{"id":1139,"date":"2019-11-23T21:19:07","date_gmt":"2019-11-23T20:19:07","guid":{"rendered":"https:\/\/mto-kr.pl\/?p=1139"},"modified":"2019-11-27T20:38:01","modified_gmt":"2019-11-27T19:38:01","slug":"program-51-zjazdu-ornitologow-polski-poludniowo-wschodniej","status":"publish","type":"post","link":"https:\/\/mto-kr.pl\/en\/2019\/11\/23\/program-51-zjazdu-ornitologow-polski-poludniowo-wschodniej\/","title":{"rendered":"Program 51. Zjazdu Ornitolog\u00f3w Polski Po\u0142udniowo-Wschodniej"},"content":{"rendered":"<p style=\"text-align: justify;\"><strong><a href=\"https:\/\/mto-kr.pl\/wp-content\/uploads\/2019\/11\/51_Zjazd_MTO_plakat.jpg\"><img loading=\"lazy\" decoding=\"async\" class=\"alignleft size-medium wp-image-1147\" src=\"https:\/\/mto-kr.pl\/wp-content\/uploads\/2019\/11\/51_Zjazd_MTO_plakat-212x300.jpg\" alt=\"\" width=\"212\" height=\"300\" srcset=\"https:\/\/mto-kr.pl\/wp-content\/uploads\/2019\/11\/51_Zjazd_MTO_plakat-212x300.jpg 212w, https:\/\/mto-kr.pl\/wp-content\/uploads\/2019\/11\/51_Zjazd_MTO_plakat-768x1086.jpg 768w, https:\/\/mto-kr.pl\/wp-content\/uploads\/2019\/11\/51_Zjazd_MTO_plakat-724x1024.jpg 724w, https:\/\/mto-kr.pl\/wp-content\/uploads\/2019\/11\/51_Zjazd_MTO_plakat-248x350.jpg 248w, https:\/\/mto-kr.pl\/wp-content\/uploads\/2019\/11\/51_Zjazd_MTO_plakat-106x150.jpg 106w, https:\/\/mto-kr.pl\/wp-content\/uploads\/2019\/11\/51_Zjazd_MTO_plakat.jpg 1132w\" sizes=\"auto, (max-width: 212px) 100vw, 212px\" \/><\/a>Serdecznie zapraszamy do udzia\u0142u w 51. Zje\u017adzie Ornitolog\u00f3w Polski Po\u0142udniowo-Wschodniej, kt\u00f3ry odb\u0119dzie si\u0119 30 listopada br.\u00a0na Wydziale Hodowli i Biologii Zwierz\u0105t Uniwersytetu Rolniczego w Krakowie. Poni\u017cej przedstawiamy program tegorocznego spotkania ornitolog\u00f3w.<\/strong><\/p>\n<p style=\"text-align: center;\"><strong>Sobota, 30 listopada 2019<br \/>\n(Wydzia\u0142 Hodowli i Biologii Zwierz\u0105t UR Krak\u00f3w,<br \/>\nal. Mickiewicza 24\/28, Krak\u00f3w)<\/strong><\/p>\n<ul style=\"text-align: justify;\">\n<li>10.00 &#8211; 10.05 Otwarcie Zjazdu<\/li>\n<li>10.05 &#8211; 10.35 Dr in\u017c. Marian St\u00f3j (Komitet Ochrony Or\u0142\u00f3w Region Podkarpacki, Jas\u0142o), mgr Zenon Wojtas, mgr in\u017c. Damian Nowak, mgr Konrad Kraso\u0144, mgr J\u00f3zef R\u00f3\u017ca\u0144ski (Magurski Park Narodowy, Krempna) &#8211; <strong>Orlik krzykliwy w Magurskim Parku Narodowym w latach 2017-2019<\/strong><\/li>\n<li>10.35 &#8211; 10.50 Dr Kazimierz Walasz (MTO) &#8211; <strong>Sprawozdanie z prac MTO za 2019 r.<\/strong><\/li>\n<li>10.50 &#8211; 11.00\u00a0<strong>Wr\u0119czenie Pomurnik\u00f3w<\/strong><\/li>\n<li>11.00 &#8211; 11.30\u00a0 Dr in\u017c. Damian Wiehle (MTO) &#8211; <strong>Zmiany awifauny l\u0119gowej Doliny Dolnej Skawy w latach\u00a0<\/strong><strong>2008-2018,ich przyczyny, skutki, nast\u0119pstwa<\/strong><\/li>\n<li>11.30 &#8211; 11.45 Przerwa<\/li>\n<li>11.45\u00a0&#8211;\u00a012.15\u00a0 Stanis\u0142awCzy\u017c (MTO) &#8211; <strong>Rzadkie gatunki ptak\u00f3w obserwowane w 2019 roku na terenie Polski po\u0142udniowo-wschodniej<\/strong><\/li>\n<li>12.15 &#8211; 12.30 Dr Tomasz Wilk (MTO) &#8211;\u00a0<strong>Projekt Atlas \u2013 plany na ostatni rok prac<\/strong><\/li>\n<li>12.30 &#8211;\u00a012.45 Dr Kazimierz Walasz (MTO) \u2013<strong> Projekt badania i ochrony bocian\u00f3w bia\u0142ych na terenie <\/strong><strong>Polski po\u0142udniowej<\/strong><\/li>\n<li>12.45 &#8211; 13.15 Miros\u0142aw Rz\u0119pa\u0142a (Towarzystwo Przyrodnicze &#8222;Bocian, Siedlce) &#8211; <strong>Jak chroni\u0107 pustu\u0142k\u0119?<\/strong><\/li>\n<li>13.15 &#8211; 13.45 Dr hab.Piotr Profus (IOP PAN, Krak\u00f3w), Joachim Siekiera &#8211; <strong>Populacja bociana bia\u0142ego na \u015al\u0105sku, <\/strong><strong>zmiany liczebno\u015bci, reprodukcja i migracja na zimowiska<\/strong><\/li>\n<li>13.15 &#8211; 13.45\u00a0\u00a0 Damian Czechowski (Regionalna Dyrekcja Ochrony \u015arodowiska w Katowicach) &#8211; <strong>Prezentacja <\/strong><strong>dzia\u0142a\u0144 w ramach projektu Life Vistula<\/strong><\/li>\n<li>14.15 &#8211; 15.00\u00a0\u00a0 Przerwa obiadowa<\/li>\n<li>15.00 -15.20 Stanis\u0142aw Bro\u0144ski (MTO) &#8211; <strong>Rozmieszczenie i liczebno\u015b\u0107 siwerniaka w Dolinie G\u0105sienicowej <\/strong><strong>w Tatrach<\/strong><\/li>\n<li>15.20 &#8211; 15.40\u00a0 Mgr in\u017c. Marcin Matysek (Tatrza\u0144ski Park Narodowy &#8211; <strong>Liczebno\u015b\u0107 i rozmieszczenie dzi\u0119cio\u0142\u00f3w <\/strong><strong>na terenie Tatrza\u0144skiego Parku Narodowego <\/strong><\/li>\n<li>15.40 &#8211; 16.00\u00a0\u00a0 Mgr in\u017c. Marcin Matysek (Tatrza\u0144ski Park Narodowy &#8211; <strong>Liczebno\u015b\u0107 i rozmieszczenie jarz\u0105bka <\/strong><strong>na terenie Tatrza\u0144skiego Parku Narodowego<\/strong><\/li>\n<li>16.00 &#8211; 16.20\u00a0\u00a0 Augustyn Mikos (Inicjatywa Dzikie Karpaty) &#8211; <strong>Spo\u0142eczny monitoring gospodarki le\u015bnej w Puszczy <\/strong><strong>Karpackiej<\/strong><\/li>\n<li>16.20 &#8211; 16.40\u00a0 Pawe\u0142 Malczyk (Koalicja \u201eNiech \u017cyj\u0105!\u201d) &#8211; <strong>Spo\u0142eczny monitoring polowa\u0144 na ptaki na stawach <\/strong><strong>spytkowicko-zatorskich<\/strong><\/li>\n<li>16.40\u00a0\u00a0\u00a0\u00a0 Zako\u0144czenie Zjazdu<\/li>\n<\/ul>\n<p style=\"text-align: center;\"><strong>Niedziela, 1 grudnia 2019<br \/>\n(Krak\u00f3w, miejski odcinek rzeki Wis\u0142y)<\/strong><\/p>\n<ul style=\"text-align: justify;\">\n<li>9.30 &#8211; 13.00\u00a0\u00a0\u00a0\u00a0\u00a0 Wycieczka na miejski odcinek rzeki Wis\u0142y. Zbi\u00f3rka o godz. 9.30 Nabrze\u017ce Wis\u0142y w s\u0105siedztwie Mostu D\u0119bnickiego od strony DH \u201eJubilat\u201d.<\/li>\n<\/ul>\n<p style=\"text-align: justify;\"><strong>Osoby, kt\u00f3re chcia\u0142yby w czasie Zjazdu przedstawi\u0107 wyniki swoich obserwacji<\/strong><strong>, <\/strong><strong>zdj\u0119cia<\/strong><strong> lub<\/strong><strong> postery, prosimy o\u00a0przes\u0142anie informacji <\/strong>(tytu\u0142 posteru oraz jego wymiary)<strong> do dnia 22.11.2019 na adres mailowy\u00a0<a href=\"mailto:sekretariat@mto-kr.pl\">sekretariat@mto-kr.pl<\/a>.<\/strong><\/p>\n<p>Wszystkich serdecznie zapraszamy na Zjazd i prosimy o poinformowanie innych zainteresowanych!<\/p>\n<p style=\"text-align: right;\">W imieniu organizator\u00f3w<br \/>\n<em>dr Kazimierz Walasz, dr in\u017c. Damian G. Wiehle<\/em><\/p>","protected":false},"excerpt":{"rendered":"<p>Serdecznie zapraszamy do udzia\u0142u w 51. Zje\u017adzie Ornitolog\u00f3w Polski Po\u0142udniowo-Wschodniej, kt\u00f3ry odb\u0119dzie si\u0119 30 listopada br.\u00a0na Wydziale Hodowli i Biologii Zwierz\u0105t Uniwersytetu Rolniczego w Krakowie. Poni\u017cej przedstawiamy program tegorocznego spotkania ornitolog\u00f3w. Sobota, 30 listopada 2019 (Wydzia\u0142 Hodowli i Biologii Zwierz\u0105t UR Krak\u00f3w, al. Mickiewicza 24\/28, Krak\u00f3w) 10.00 &#8211; 10.05 Otwarcie Zjazdu 10.05 &#8211; 10.35 Dr in\u017c. Marian St\u00f3j (Komitet Ochrony Or\u0142\u00f3w Region Podkarpacki, Jas\u0142o), mgr Zenon Wojtas, mgr in\u017c. Damian Nowak, mgr Konrad Kraso\u0144, mgr J\u00f3zef R\u00f3\u017ca\u0144ski (Magurski Park Narodowy, Krempna) &#8211; Orlik krzykliwy w Magurskim Parku Narodowym w latach 2017-2019 10.35 &#8211; 10.50 Dr Kazimierz Walasz (MTO) &#8211; Sprawozdanie\u2026 <a class=\"continue-reading-link\" href=\"https:\/\/mto-kr.pl\/en\/2019\/11\/23\/program-51-zjazdu-ornitologow-polski-poludniowo-wschodniej\/\">Czytaj dalej&#8230;<\/a><\/p>","protected":false},"author":1,"featured_media":1147,"comment_status":"closed","ping_status":"open","sticky":false,"template":"","format":"standard","meta":{"_monsterinsights_skip_tracking":false,"footnotes":""},"categories":[4],"tags":[],"class_list":["post-1139","post","type-post","status-publish","format-standard","has-post-thumbnail","hentry","category-aktualnosci"],"_links":{"self":[{"href":"https:\/\/mto-kr.pl\/en\/wp-json\/wp\/v2\/posts\/1139","targetHints":{"allow":["GET"]}}],"collection":[{"href":"https:\/\/mto-kr.pl\/en\/wp-json\/wp\/v2\/posts"}],"about":[{"href":"https:\/\/mto-kr.pl\/en\/wp-json\/wp\/v2\/types\/post"}],"author":[{"embeddable":true,"href":"https:\/\/mto-kr.pl\/en\/wp-json\/wp\/v2\/users\/1"}],"replies":[{"embeddable":true,"href":"https:\/\/mto-kr.pl\/en\/wp-json\/wp\/v2\/comments?post=1139"}],"version-history":[{"count":4,"href":"https:\/\/mto-kr.pl\/en\/wp-json\/wp\/v2\/posts\/1139\/revisions"}],"predecessor-version":[{"id":1148,"href":"https:\/\/mto-kr.pl\/en\/wp-json\/wp\/v2\/posts\/1139\/revisions\/1148"}],"wp:featuredmedia":[{"embeddable":true,"href":"https:\/\/mto-kr.pl\/en\/wp-json\/wp\/v2\/media\/1147"}],"wp:attachment":[{"href":"https:\/\/mto-kr.pl\/en\/wp-json\/wp\/v2\/media?parent=1139"}],"wp:term":[{"taxonomy":"category","embeddable":true,"href":"https:\/\/mto-kr.pl\/en\/wp-json\/wp\/v2\/categories?post=1139"},{"taxonomy":"post_tag","embeddable":true,"href":"https:\/\/mto-kr.pl\/en\/wp-json\/wp\/v2\/tags?post=1139"}],"curies":[{"name":"wp","href":"https:\/\/api.w.org\/{rel}","templated":true}]}}