{"id":1142,"date":"2019-11-11T21:35:22","date_gmt":"2019-11-11T20:35:22","guid":{"rendered":"https:\/\/mto-kr.pl\/?p=1142"},"modified":"2019-11-11T21:35:54","modified_gmt":"2019-11-11T20:35:54","slug":"kontynuacja-jesiennego-liczenia-migrujacych-ptakow","status":"publish","type":"post","link":"https:\/\/mto-kr.pl\/en\/2019\/11\/11\/kontynuacja-jesiennego-liczenia-migrujacych-ptakow\/","title":{"rendered":"Kontynuacja jesiennego liczenia migruj\u0105cych ptak\u00f3w"},"content":{"rendered":"<p style=\"font-weight: 400; text-align: justify;\"><strong><a href=\"https:\/\/mto-kr.pl\/wp-content\/uploads\/2018\/02\/Krzy\u017c\u00f3wka-Anas-platyrhynchos-24m.jpg\"><img loading=\"lazy\" decoding=\"async\" class=\"alignleft size-medium wp-image-534\" src=\"https:\/\/mto-kr.pl\/wp-content\/uploads\/2018\/02\/Krzy\u017c\u00f3wka-Anas-platyrhynchos-24m-300x200.jpg\" alt=\"Krzy\u017c\u00f3wka (Anas platyrhynchos) fot. J.Wyka\" width=\"300\" height=\"200\" srcset=\"https:\/\/mto-kr.pl\/wp-content\/uploads\/2018\/02\/Krzy\u017c\u00f3wka-Anas-platyrhynchos-24m-300x200.jpg 300w, https:\/\/mto-kr.pl\/wp-content\/uploads\/2018\/02\/Krzy\u017c\u00f3wka-Anas-platyrhynchos-24m-768x512.jpg 768w, https:\/\/mto-kr.pl\/wp-content\/uploads\/2018\/02\/Krzy\u017c\u00f3wka-Anas-platyrhynchos-24m-1024x683.jpg 1024w, https:\/\/mto-kr.pl\/wp-content\/uploads\/2018\/02\/Krzy\u017c\u00f3wka-Anas-platyrhynchos-24m-525x350.jpg 525w, https:\/\/mto-kr.pl\/wp-content\/uploads\/2018\/02\/Krzy\u017c\u00f3wka-Anas-platyrhynchos-24m-150x100.jpg 150w, https:\/\/mto-kr.pl\/wp-content\/uploads\/2018\/02\/Krzy\u017c\u00f3wka-Anas-platyrhynchos-24m.jpg 1200w\" sizes=\"auto, (max-width: 300px) 100vw, 300px\" \/><\/a>Przesz\u0142o miesi\u0105c temu namawia\u0142em was do wykonania kontroli w ramach Jesiennego liczenia ptak\u00f3w na zbiornikach wodnych. Pomimo pocz\u0105tkowych trudno\u015bci ze znalezieniem ch\u0119tnych do kontroli zbiornik\u00f3w, ostatecznie uda\u0142o si\u0119 skontrolowa\u0107 wi\u0119kszo\u015b\u0107 wytypowanych obiekt\u00f3w. <\/strong><\/p>\n<p style=\"font-weight: 400; text-align: justify;\"><strong>Najliczniejszym gatunkiem okaza\u0142a si\u0119 widoczna na zdj\u0119ciu krzy\u017c\u00f3wka. Wst\u0119pne wyniki znajdziecie w <a href=\"https:\/\/mto-kr.pl\/wp-content\/uploads\/2019\/11\/Wyniki-2019.pdf\">za\u0142\u0105czniku (kliknij)<\/a>.\u00a0<\/strong><\/p>\n<p style=\"font-weight: 400; text-align: justify;\">Pomy\u015bleli\u015bmy, \u017ce mo\u017ce p\u00f3jdziemy za ciosem i wykonamy analogiczne liczenie w po\u0142owie listopada, tak by uzyska\u0107 lepszy obraz migracji w okresie jesiennym na terenie Polski Po\u0142udniowo-Wschodniej. Dajcie zna\u0107 czy jeste\u015bcie w stanie wykona\u0107 ponowne liczenie w po\u0142owie listopada.<\/p>\n<p style=\"font-weight: 400;\">\n<p style=\"font-weight: 400; text-align: right;\">W imieniu organizator\u00f3w,<br \/>\nWies\u0142aw Kr\u00f3l<\/p>","protected":false},"excerpt":{"rendered":"<p>Przesz\u0142o miesi\u0105c temu namawia\u0142em was do wykonania kontroli w ramach Jesiennego liczenia ptak\u00f3w na zbiornikach wodnych. Pomimo pocz\u0105tkowych trudno\u015bci ze znalezieniem ch\u0119tnych do kontroli zbiornik\u00f3w, ostatecznie uda\u0142o si\u0119 skontrolowa\u0107 wi\u0119kszo\u015b\u0107 wytypowanych obiekt\u00f3w. Najliczniejszym gatunkiem okaza\u0142a si\u0119 widoczna na zdj\u0119ciu krzy\u017c\u00f3wka. Wst\u0119pne wyniki znajdziecie w za\u0142\u0105czniku (kliknij).\u00a0 Pomy\u015bleli\u015bmy, \u017ce mo\u017ce p\u00f3jdziemy za ciosem i wykonamy analogiczne liczenie w po\u0142owie listopada, tak by uzyska\u0107 lepszy obraz migracji w okresie jesiennym na terenie Polski Po\u0142udniowo-Wschodniej. Dajcie zna\u0107 czy jeste\u015bcie w stanie wykona\u0107 ponowne liczenie w po\u0142owie listopada. W imieniu organizator\u00f3w, Wies\u0142aw Kr\u00f3l <a class=\"continue-reading-link\" href=\"https:\/\/mto-kr.pl\/en\/2019\/11\/11\/kontynuacja-jesiennego-liczenia-migrujacych-ptakow\/\">Czytaj dalej&#8230;<\/a><\/p>","protected":false},"author":1,"featured_media":534,"comment_status":"closed","ping_status":"open","sticky":false,"template":"","format":"standard","meta":{"_monsterinsights_skip_tracking":false,"footnotes":""},"categories":[4],"tags":[],"class_list":["post-1142","post","type-post","status-publish","format-standard","has-post-thumbnail","hentry","category-aktualnosci"],"_links":{"self":[{"href":"https:\/\/mto-kr.pl\/en\/wp-json\/wp\/v2\/posts\/1142","targetHints":{"allow":["GET"]}}],"collection":[{"href":"https:\/\/mto-kr.pl\/en\/wp-json\/wp\/v2\/posts"}],"about":[{"href":"https:\/\/mto-kr.pl\/en\/wp-json\/wp\/v2\/types\/post"}],"author":[{"embeddable":true,"href":"https:\/\/mto-kr.pl\/en\/wp-json\/wp\/v2\/users\/1"}],"replies":[{"embeddable":true,"href":"https:\/\/mto-kr.pl\/en\/wp-json\/wp\/v2\/comments?post=1142"}],"version-history":[{"count":1,"href":"https:\/\/mto-kr.pl\/en\/wp-json\/wp\/v2\/posts\/1142\/revisions"}],"predecessor-version":[{"id":1144,"href":"https:\/\/mto-kr.pl\/en\/wp-json\/wp\/v2\/posts\/1142\/revisions\/1144"}],"wp:featuredmedia":[{"embeddable":true,"href":"https:\/\/mto-kr.pl\/en\/wp-json\/wp\/v2\/media\/534"}],"wp:attachment":[{"href":"https:\/\/mto-kr.pl\/en\/wp-json\/wp\/v2\/media?parent=1142"}],"wp:term":[{"taxonomy":"category","embeddable":true,"href":"https:\/\/mto-kr.pl\/en\/wp-json\/wp\/v2\/categories?post=1142"},{"taxonomy":"post_tag","embeddable":true,"href":"https:\/\/mto-kr.pl\/en\/wp-json\/wp\/v2\/tags?post=1142"}],"curies":[{"name":"wp","href":"https:\/\/api.w.org\/{rel}","templated":true}]}}