{"id":1224,"date":"2020-03-15T22:10:35","date_gmt":"2020-03-15T21:10:35","guid":{"rendered":"https:\/\/mto-kr.pl\/?p=1224"},"modified":"2020-03-15T22:12:24","modified_gmt":"2020-03-15T21:12:24","slug":"odwolanie-wiosennego-zjazdu-mto","status":"publish","type":"post","link":"https:\/\/mto-kr.pl\/en\/2020\/03\/15\/odwolanie-wiosennego-zjazdu-mto\/","title":{"rendered":"Odwo\u0142anie wiosennego zjazdu MTO"},"content":{"rendered":"<p style=\"text-align: justify;\">Szanowni Pa\u0144stwo,<\/p>\n<p style=\"text-align: justify;\">w zwi\u0105zku z sytuacj\u0105 epidemiologiczn\u0105 w Polsce oraz podj\u0119tymi ma szczeblu pa\u0144stwowym decyzjami ograniczaj\u0105cymi zgromadzenia podj\u0119li\u015bmy decyzj\u0119 o odwo\u0142aniu\u00a0naszego wiosennego zjazdu w Gruszowie planowanego na 20-22 marca 2020 r.<\/p>\n<p style=\"text-align: justify;\">Niestety ze wzgl\u0119du na liczne wyjazdy terenowe w sezonie wiosennym, nie jest mo\u017cliwe przesuni\u0119cie terminu zjazdu. Przepraszamy za zaistnia\u0142e utrudnienia.<\/p>\n<p style=\"text-align: justify;\">Wszystkim osobom, kt\u00f3re dokona\u0142y wp\u0142at na konto MTO w zwi\u0105zku ze zjazdem, zostan\u0105 zwr\u00f3cone wp\u0142aty.<\/p>\n<p style=\"text-align: right;\">Z powa\u017caniem,<\/p>\n<p style=\"text-align: right;\">prezes MTO<\/p>\n<p style=\"text-align: right;\">dr Kazimierz Walasz<\/p>\n<p>&nbsp;<\/p>","protected":false},"excerpt":{"rendered":"<p>Szanowni Pa\u0144stwo, w zwi\u0105zku z sytuacj\u0105 epidemiologiczn\u0105 w Polsce oraz podj\u0119tymi ma szczeblu pa\u0144stwowym decyzjami ograniczaj\u0105cymi zgromadzenia podj\u0119li\u015bmy decyzj\u0119 o odwo\u0142aniu\u00a0naszego wiosennego zjazdu w Gruszowie planowanego na 20-22 marca 2020 r. Niestety ze wzgl\u0119du na liczne wyjazdy terenowe w sezonie wiosennym, nie jest mo\u017cliwe przesuni\u0119cie terminu zjazdu. Przepraszamy za zaistnia\u0142e utrudnienia. Wszystkim osobom, kt\u00f3re dokona\u0142y wp\u0142at na konto MTO w zwi\u0105zku ze zjazdem, zostan\u0105 zwr\u00f3cone wp\u0142aty. Z powa\u017caniem, prezes MTO dr Kazimierz Walasz &nbsp; <a class=\"continue-reading-link\" href=\"https:\/\/mto-kr.pl\/en\/2020\/03\/15\/odwolanie-wiosennego-zjazdu-mto\/\">Czytaj dalej&#8230;<\/a><\/p>","protected":false},"author":1,"featured_media":0,"comment_status":"closed","ping_status":"open","sticky":false,"template":"","format":"standard","meta":{"_monsterinsights_skip_tracking":false,"footnotes":""},"categories":[4],"tags":[],"class_list":["post-1224","post","type-post","status-publish","format-standard","hentry","category-aktualnosci"],"_links":{"self":[{"href":"https:\/\/mto-kr.pl\/en\/wp-json\/wp\/v2\/posts\/1224","targetHints":{"allow":["GET"]}}],"collection":[{"href":"https:\/\/mto-kr.pl\/en\/wp-json\/wp\/v2\/posts"}],"about":[{"href":"https:\/\/mto-kr.pl\/en\/wp-json\/wp\/v2\/types\/post"}],"author":[{"embeddable":true,"href":"https:\/\/mto-kr.pl\/en\/wp-json\/wp\/v2\/users\/1"}],"replies":[{"embeddable":true,"href":"https:\/\/mto-kr.pl\/en\/wp-json\/wp\/v2\/comments?post=1224"}],"version-history":[{"count":1,"href":"https:\/\/mto-kr.pl\/en\/wp-json\/wp\/v2\/posts\/1224\/revisions"}],"predecessor-version":[{"id":1225,"href":"https:\/\/mto-kr.pl\/en\/wp-json\/wp\/v2\/posts\/1224\/revisions\/1225"}],"wp:attachment":[{"href":"https:\/\/mto-kr.pl\/en\/wp-json\/wp\/v2\/media?parent=1224"}],"wp:term":[{"taxonomy":"category","embeddable":true,"href":"https:\/\/mto-kr.pl\/en\/wp-json\/wp\/v2\/categories?post=1224"},{"taxonomy":"post_tag","embeddable":true,"href":"https:\/\/mto-kr.pl\/en\/wp-json\/wp\/v2\/tags?post=1224"}],"curies":[{"name":"wp","href":"https:\/\/api.w.org\/{rel}","templated":true}]}}