{"id":1231,"date":"2020-05-01T12:47:10","date_gmt":"2020-05-01T10:47:10","guid":{"rendered":"https:\/\/mto-kr.pl\/?p=1231"},"modified":"2020-05-05T13:07:31","modified_gmt":"2020-05-05T11:07:31","slug":"male-zbiorniki-kontynuacja","status":"publish","type":"post","link":"https:\/\/mto-kr.pl\/en\/2020\/05\/01\/male-zbiorniki-kontynuacja\/","title":{"rendered":"Ma\u0142e Zbiorniki &#8211; kontynuacja"},"content":{"rendered":"<p style=\"text-align: justify;\"><a href=\"https:\/\/mto-kr.pl\/wp-content\/uploads\/2020\/05\/Taniecm.jpg\"><img loading=\"lazy\" decoding=\"async\" class=\"alignleft wp-image-1233 size-medium\" src=\"https:\/\/mto-kr.pl\/wp-content\/uploads\/2020\/05\/Taniecm-300x200.jpg\" alt=\"Sieweczki rzeczne (Charadrius dubius) fot. Jakub Wyka\" width=\"300\" height=\"200\" srcset=\"https:\/\/mto-kr.pl\/wp-content\/uploads\/2020\/05\/Taniecm-300x200.jpg 300w, https:\/\/mto-kr.pl\/wp-content\/uploads\/2020\/05\/Taniecm-768x512.jpg 768w, https:\/\/mto-kr.pl\/wp-content\/uploads\/2020\/05\/Taniecm-525x350.jpg 525w, https:\/\/mto-kr.pl\/wp-content\/uploads\/2020\/05\/Taniecm-150x100.jpg 150w, https:\/\/mto-kr.pl\/wp-content\/uploads\/2020\/05\/Taniecm.jpg 800w\" sizes=\"auto, (max-width: 300px) 100vw, 300px\" \/><\/a><strong>W zesz\u0142ym roku MTO uruchomi\u0142o program inwentaryzacji ptak\u00f3w na Ma\u0142ych Zbiornikach. Odzew by\u0142 zacny! &#8211; 59 os\u00f3b skontrolowa\u0142o \u0142\u0105cznie ponad 100 obiekt\u00f3w! Dzi\u0119kujemy Wam bardzo za zaanga\u017cowanie.<\/strong><\/p>\n<p style=\"font-weight: 400; text-align: justify;\">Wst\u0119pnie przeanalizowane wyniki pokazuj\u0105 du\u017ca warto\u015b\u0107 tego materia\u0142u &#8211; odkryli\u015bmy na ma\u0142ych zbiornikach l\u0119gi takich pere\u0142ek jak rybitwa czarna, rybitwa bia\u0142oczelna, zielonka, czy kropiatka, ale co wa\u017cniejsze &#8211; zebrali\u015bmy solidne dane dla szerokiego zespo\u0142u ptak\u00f3w wodnych w skali ca\u0142ego regionu dla tego rzadko inwentaryzowanego siedliska. O tym dlaczego Ma\u0142e Zbiorniki s\u0105 tak wa\u017cne, a tak\u017ce jak zamierzamy wykorzysta\u0107 zebrane dane, przypominamy <a href=\"https:\/\/mto-kr.pl\/wp-content\/uploads\/2020\/05\/MTO_Ptaki-malych-zbiornikow_v4_2020.pdf\">w za\u0142\u0105czniku<\/a>.<\/p>\n<p style=\"font-weight: 400; text-align: justify;\">100 zbiornik\u00f3w dla kt\u00f3rych\u015b zebrali\u015bmy ju\u017c dane to du\u017co, ale chcieliby\u015bmy osi\u0105gn\u0105\u0107 za\u0142o\u017cony cel &#8211; 200 obiekt\u00f3w. Dlatego w tym roku kontynuujemy Projekt Ma\u0142e Zbiorniki.\u00a0Metodyka prac terenowych jest bardzo prosta &#8211; ka\u017cdy mo\u017ce wybra\u0107 &#8222;sw\u00f3j&#8221; zbiornik do kontroli i do\u0142o\u017cy\u0107 swoj\u0105 cegie\u0142k\u0119.<\/p>\n<p style=\"font-weight: 400; text-align: justify;\"><a href=\"https:\/\/mto-kr.pl\/wp-content\/uploads\/2020\/05\/MTO_Ptaki-malych-zbiornikow_v4_2020.pdf\">W za\u0142\u0105czniku s\u0105 wszystkie szczeg\u00f3\u0142y.<\/a><\/p>\n<p style=\"font-weight: 400; text-align: justify;\">Serdecznie zach\u0119camy do udzia\u0142u &#8211; wybierz \u201esw\u00f3j\u201d zbiornik i\u00a0<strong>prze\u015blij deklaracje jego kontroli do 5 maja<\/strong>, na adres\u00a0<a href=\"mailto:tomaszwilk3@gmail.com\">tomaszwilk3@gmail.com<\/a>.<\/p>\n<p style=\"font-weight: 400; text-align: justify;\">\u00a0Je\u015bli chcia\u0142by\u015b o co\u015b dopyta\u0107, prosz\u0119 o kontakt.<\/p>\n<p style=\"text-align: right;\">Pozdrawiam,<br \/>\nTomek Wilk<\/p>","protected":false},"excerpt":{"rendered":"<p>W zesz\u0142ym roku MTO uruchomi\u0142o program inwentaryzacji ptak\u00f3w na Ma\u0142ych Zbiornikach. Odzew by\u0142 zacny! &#8211; 59 os\u00f3b skontrolowa\u0142o \u0142\u0105cznie ponad 100 obiekt\u00f3w! Dzi\u0119kujemy Wam bardzo za zaanga\u017cowanie. Wst\u0119pnie przeanalizowane wyniki pokazuj\u0105 du\u017ca warto\u015b\u0107 tego materia\u0142u &#8211; odkryli\u015bmy na ma\u0142ych zbiornikach l\u0119gi takich pere\u0142ek jak rybitwa czarna, rybitwa bia\u0142oczelna, zielonka, czy kropiatka, ale co wa\u017cniejsze &#8211; zebrali\u015bmy solidne dane dla szerokiego zespo\u0142u ptak\u00f3w wodnych w skali ca\u0142ego regionu dla tego rzadko inwentaryzowanego siedliska. O tym dlaczego Ma\u0142e Zbiorniki s\u0105 tak wa\u017cne, a tak\u017ce jak zamierzamy wykorzysta\u0107 zebrane dane, przypominamy w za\u0142\u0105czniku. 100 zbiornik\u00f3w dla kt\u00f3rych\u015b zebrali\u015bmy ju\u017c dane to du\u017co, ale\u2026 <a class=\"continue-reading-link\" href=\"https:\/\/mto-kr.pl\/en\/2020\/05\/01\/male-zbiorniki-kontynuacja\/\">Czytaj dalej&#8230;<\/a><\/p>","protected":false},"author":2,"featured_media":1233,"comment_status":"closed","ping_status":"open","sticky":false,"template":"","format":"standard","meta":{"_monsterinsights_skip_tracking":false,"footnotes":""},"categories":[4],"tags":[],"class_list":["post-1231","post","type-post","status-publish","format-standard","has-post-thumbnail","hentry","category-aktualnosci"],"_links":{"self":[{"href":"https:\/\/mto-kr.pl\/en\/wp-json\/wp\/v2\/posts\/1231","targetHints":{"allow":["GET"]}}],"collection":[{"href":"https:\/\/mto-kr.pl\/en\/wp-json\/wp\/v2\/posts"}],"about":[{"href":"https:\/\/mto-kr.pl\/en\/wp-json\/wp\/v2\/types\/post"}],"author":[{"embeddable":true,"href":"https:\/\/mto-kr.pl\/en\/wp-json\/wp\/v2\/users\/2"}],"replies":[{"embeddable":true,"href":"https:\/\/mto-kr.pl\/en\/wp-json\/wp\/v2\/comments?post=1231"}],"version-history":[{"count":8,"href":"https:\/\/mto-kr.pl\/en\/wp-json\/wp\/v2\/posts\/1231\/revisions"}],"predecessor-version":[{"id":1241,"href":"https:\/\/mto-kr.pl\/en\/wp-json\/wp\/v2\/posts\/1231\/revisions\/1241"}],"wp:featuredmedia":[{"embeddable":true,"href":"https:\/\/mto-kr.pl\/en\/wp-json\/wp\/v2\/media\/1233"}],"wp:attachment":[{"href":"https:\/\/mto-kr.pl\/en\/wp-json\/wp\/v2\/media?parent=1231"}],"wp:term":[{"taxonomy":"category","embeddable":true,"href":"https:\/\/mto-kr.pl\/en\/wp-json\/wp\/v2\/categories?post=1231"},{"taxonomy":"post_tag","embeddable":true,"href":"https:\/\/mto-kr.pl\/en\/wp-json\/wp\/v2\/tags?post=1231"}],"curies":[{"name":"wp","href":"https:\/\/api.w.org\/{rel}","templated":true}]}}