{"id":1443,"date":"2020-06-28T22:27:31","date_gmt":"2020-06-28T20:27:31","guid":{"rendered":"https:\/\/mto-kr.pl\/?p=1443"},"modified":"2020-06-28T22:48:02","modified_gmt":"2020-06-28T20:48:02","slug":"zmarl-prof-ludwik-tomialojc","status":"publish","type":"post","link":"https:\/\/mto-kr.pl\/en\/2020\/06\/28\/zmarl-prof-ludwik-tomialojc\/","title":{"rendered":"Zmar\u0142 prof. Ludwik Tomia\u0142oj\u0107"},"content":{"rendered":"<p style=\"text-align: justify;\"><strong><a href=\"https:\/\/mto-kr.pl\/wp-content\/uploads\/2020\/06\/ludwik-tomialojc-kadr.jpg\"><img loading=\"lazy\" decoding=\"async\" class=\"alignleft wp-image-1444 size-medium\" src=\"https:\/\/mto-kr.pl\/wp-content\/uploads\/2020\/06\/ludwik-tomialojc-kadr-300x200.jpg\" alt=\"Profesor Ludwik Tomia\u0142oj\u0107 (fot. Archiwum prof. Ludwika Tomia\u0142ojcia)\" width=\"300\" height=\"200\" srcset=\"https:\/\/mto-kr.pl\/wp-content\/uploads\/2020\/06\/ludwik-tomialojc-kadr.jpg 300w, https:\/\/mto-kr.pl\/wp-content\/uploads\/2020\/06\/ludwik-tomialojc-kadr-150x100.jpg 150w\" sizes=\"auto, (max-width: 300px) 100vw, 300px\" \/><\/a>26 czerwca 2020 r. w wieku 81 lat zmar\u0142 prof. Ludwik Tomia\u0142oj\u0107, wybitny biolog, ornitolog i obro\u0144ca przyrody.<\/strong><\/p>\n<p style=\"text-align: justify;\">Profesor Ludwik Tomia\u0142oj\u0107 by\u0142 nestorem ornitologii w Polsce. Urodzi\u0142 si\u0119 w 1939 roku na Wile\u0144szczy\u017anie, jednak swoje zawodowe \u017cycie zwi\u0105za\u0142 z Wydzia\u0142em Nauk Przyrodniczych Uniwersytetu Wroc\u0142awskiego, gdzie pracowa\u0142 w latach 1961-2010, b\u0119d\u0105c autorem 340 publikacji, w tym 9 ksi\u0105\u017cek i oko\u0142o 100 rozpraw i artyku\u0142\u00f3w naukowych, m.in. pozycji &#8222;Awifauna Polski \u2013 rozmieszczenie, liczebno\u015b\u0107 i zmiany&#8221;.<\/p>\n<p style=\"text-align: justify;\">Zainicjowa\u0142 i przez wiele lat prowadzi\u0142 d\u0142ugoterminowe badania ekologii ptak\u00f3w Puszczy Bia\u0142owieskiej, r\u00f3wnocze\u015bnie badaj\u0105c ekologi\u0119 ptak\u00f3w w \u015brodowisku zurbanizowanym.\u00a0Jako wspania\u0142y dydaktyk Profesor wychowa\u0142 pokolenia ornitolog\u00f3w i obro\u0144c\u00f3w przyrody.<\/p>\n<p style=\"text-align: justify;\">Opr\u00f3cz dzia\u0142alno\u015bci naukowej, Profesor Tomia\u0142oj\u0107 po\u015bwi\u0119ci\u0142 wiele energii na dzia\u0142alno\u015b\u0107 spo\u0142eczn\u0105 i ochroniarsk\u0105, m.in. przewodz\u0105c Komitetowi Ochrony Przyrody PAN, b\u0119d\u0105c cz\u0142onkiem Pa\u0144stwowej Rady Ochrony Przyrody, czy przewodz\u0105c Polskiemu Komitetowi przy \u015awiatowej Unii Ochrony Przyrody (IUCN).<\/p>\n<p style=\"text-align: justify;\">Nie spos\u00f3b wymieni\u0107 wszystkich zas\u0142ug Profesora dla przyrody. Cokolwiek by napisa\u0107, b\u0119dzie to zbyt ma\u0142o, by godnie uczci\u0107 pami\u0119\u0107 Wielkiego Cz\u0142owieka. Odej\u015bcie Profesora to wielka strata dla \u015brodowiska przyrodniczego w Polsce.<\/p>\n<p style=\"text-align: right;\"><em>JW<\/em><br \/>\n<em>fot. Archiwum Profesora Ludwika Tomia\u0142ojcia<\/em><\/p>","protected":false},"excerpt":{"rendered":"<p>26 czerwca 2020 r. w wieku 81 lat zmar\u0142 prof. Ludwik Tomia\u0142oj\u0107, wybitny biolog, ornitolog i obro\u0144ca przyrody. Profesor Ludwik Tomia\u0142oj\u0107 by\u0142 nestorem ornitologii w Polsce. Urodzi\u0142 si\u0119 w 1939 roku na Wile\u0144szczy\u017anie, jednak swoje zawodowe \u017cycie zwi\u0105za\u0142 z Wydzia\u0142em Nauk Przyrodniczych Uniwersytetu Wroc\u0142awskiego, gdzie pracowa\u0142 w latach 1961-2010, b\u0119d\u0105c autorem 340 publikacji, w tym 9 ksi\u0105\u017cek i oko\u0142o 100 rozpraw i artyku\u0142\u00f3w naukowych, m.in. pozycji &#8222;Awifauna Polski \u2013 rozmieszczenie, liczebno\u015b\u0107 i zmiany&#8221;. Zainicjowa\u0142 i przez wiele lat prowadzi\u0142 d\u0142ugoterminowe badania ekologii ptak\u00f3w Puszczy Bia\u0142owieskiej, r\u00f3wnocze\u015bnie badaj\u0105c ekologi\u0119 ptak\u00f3w w \u015brodowisku zurbanizowanym.\u00a0Jako wspania\u0142y dydaktyk Profesor wychowa\u0142 pokolenia ornitolog\u00f3w i obro\u0144c\u00f3w\u2026 <a class=\"continue-reading-link\" href=\"https:\/\/mto-kr.pl\/en\/2020\/06\/28\/zmarl-prof-ludwik-tomialojc\/\">Czytaj dalej&#8230;<\/a><\/p>","protected":false},"author":2,"featured_media":1444,"comment_status":"closed","ping_status":"open","sticky":false,"template":"","format":"standard","meta":{"_monsterinsights_skip_tracking":false,"footnotes":""},"categories":[4],"tags":[],"class_list":["post-1443","post","type-post","status-publish","format-standard","has-post-thumbnail","hentry","category-aktualnosci"],"_links":{"self":[{"href":"https:\/\/mto-kr.pl\/en\/wp-json\/wp\/v2\/posts\/1443","targetHints":{"allow":["GET"]}}],"collection":[{"href":"https:\/\/mto-kr.pl\/en\/wp-json\/wp\/v2\/posts"}],"about":[{"href":"https:\/\/mto-kr.pl\/en\/wp-json\/wp\/v2\/types\/post"}],"author":[{"embeddable":true,"href":"https:\/\/mto-kr.pl\/en\/wp-json\/wp\/v2\/users\/2"}],"replies":[{"embeddable":true,"href":"https:\/\/mto-kr.pl\/en\/wp-json\/wp\/v2\/comments?post=1443"}],"version-history":[{"count":3,"href":"https:\/\/mto-kr.pl\/en\/wp-json\/wp\/v2\/posts\/1443\/revisions"}],"predecessor-version":[{"id":1447,"href":"https:\/\/mto-kr.pl\/en\/wp-json\/wp\/v2\/posts\/1443\/revisions\/1447"}],"wp:featuredmedia":[{"embeddable":true,"href":"https:\/\/mto-kr.pl\/en\/wp-json\/wp\/v2\/media\/1444"}],"wp:attachment":[{"href":"https:\/\/mto-kr.pl\/en\/wp-json\/wp\/v2\/media?parent=1443"}],"wp:term":[{"taxonomy":"category","embeddable":true,"href":"https:\/\/mto-kr.pl\/en\/wp-json\/wp\/v2\/categories?post=1443"},{"taxonomy":"post_tag","embeddable":true,"href":"https:\/\/mto-kr.pl\/en\/wp-json\/wp\/v2\/tags?post=1443"}],"curies":[{"name":"wp","href":"https:\/\/api.w.org\/{rel}","templated":true}]}}