{"id":1450,"date":"2020-06-20T18:49:52","date_gmt":"2020-06-20T16:49:52","guid":{"rendered":"https:\/\/mto-kr.pl\/?p=1450"},"modified":"2020-07-07T14:50:55","modified_gmt":"2020-07-07T12:50:55","slug":"tauron-i-mto-razem-dla-bocianow","status":"publish","type":"post","link":"https:\/\/mto-kr.pl\/en\/2020\/06\/20\/tauron-i-mto-razem-dla-bocianow\/","title":{"rendered":"TAURON i MTO razem dla bocian\u00f3w"},"content":{"rendered":"<p style=\"text-align: justify;\"><strong><a href=\"https:\/\/mto-kr.pl\/wp-content\/uploads\/2020\/07\/DSC_0541_b_m.jpg\"><img loading=\"lazy\" decoding=\"async\" class=\"alignleft size-medium wp-image-1451\" src=\"https:\/\/mto-kr.pl\/wp-content\/uploads\/2020\/07\/DSC_0541_b_m-300x200.jpg\" alt=\"Bocian bia\u0142y (Ciconia ciconia) fot. J. Wyka\" width=\"300\" height=\"200\" srcset=\"https:\/\/mto-kr.pl\/wp-content\/uploads\/2020\/07\/DSC_0541_b_m-300x200.jpg 300w, https:\/\/mto-kr.pl\/wp-content\/uploads\/2020\/07\/DSC_0541_b_m-768x512.jpg 768w, https:\/\/mto-kr.pl\/wp-content\/uploads\/2020\/07\/DSC_0541_b_m-1024x683.jpg 1024w, https:\/\/mto-kr.pl\/wp-content\/uploads\/2020\/07\/DSC_0541_b_m-525x350.jpg 525w, https:\/\/mto-kr.pl\/wp-content\/uploads\/2020\/07\/DSC_0541_b_m-150x100.jpg 150w, https:\/\/mto-kr.pl\/wp-content\/uploads\/2020\/07\/DSC_0541_b_m.jpg 1200w\" sizes=\"auto, (max-width: 300px) 100vw, 300px\" \/><\/a>Trwa drugi sezon wsp\u00f3lnego projektu TAURON Dystrybucja i Ma\u0142opolskiego Towarzystwa Ornitologicznego po\u015bwi\u0119conego bocianom bia\u0142ym. Jednym ze wsp\u00f3lnych dzia\u0142a\u0144 jest obr\u0105czkowanie bocian\u00f3w na obszarze po\u0142udniowej Polski.\u00a0<\/strong><\/p>\n<p style=\"text-align: justify;\">Projekt ochrony bocian\u00f3w bia\u0142ych na terenie po\u0142udniowej Polski rozpocz\u0105\u0142 si\u0119 w 2019 roku, kiedy to podj\u0119to obr\u0105czkowanie m\u0142odych bocian\u00f3w na terenie woj. \u015bl\u0105skiego i ma\u0142opolskiego. Zaobr\u0105czkowano 130 m\u0142odych bocian\u00f3w w 49 gniazdach, w 39 miejscowo\u015bciach, w 8 gminach. W 2020 roku projekt obj\u0105\u0142 obszar wojew\u00f3dztw dolno\u015bl\u0105skiego, opolskiego, \u015bl\u0105skiego i ma\u0142opolskiego.<\/p>\n<p style=\"text-align: justify;\">Wi\u0119kszo\u015b\u0107 gniazd bocian\u00f3w bia\u0142ych znajduje si\u0119 na liniach energetycznych, tote\u017c obr\u0105czkowanie bocian\u00f3w odbywa si\u0119 przy pomocy specjalnego podno\u015bnika, kt\u00f3rym operator TAURON-u wywozi ornitologa bezpo\u015brednio do gniazda. Bez specjalistycznego, izolowanego podno\u015bnika oraz pomocy energetyk\u00f3w, praca ornitolog\u00f3w by\u0142aby niemo\u017cliwa. M\u0142odym ptakom s\u0105 zak\u0142adane obr\u0105czki metalowe i plastikowe, a nast\u0119pnie ptaki s\u0105 dok\u0142adnie mierzone i wa\u017cone. Monitorowany jest r\u00f3wnie\u017c stan gniazda, co w przysz\u0142o\u015bci pozwoli podj\u0105\u0107 potrzebne dzia\u0142ania, by gniazdo s\u0142u\u017cy\u0142o ptakom przez kolejne lata.<\/p>\n<p style=\"text-align: justify;\">Notowany jest r\u00f3wnie\u017c rozmiar gniazda i jego stan zachowania, co pozwoli w przysz\u0142o\u015bci podj\u0105\u0107 dzia\u0142ania potrzebne, by unikn\u0105\u0107 przykrych zdarze\u0144 jak zniszczenie gniazda podczas np. silnego wiatru. Do bada\u0144 pobierane s\u0105 wypluwki, co pozwoli okre\u015bli\u0107 diet\u0119 bocian\u00f3w w danym obszarze.<\/p>\n<p style=\"text-align: justify;\">Obr\u0105czkowanie m\u0142odych bocian\u00f3w na gniazdach jest tylko jednym z zada\u0144 realizowanych w ramach wsp\u00f3\u0142pracy MTO i TAURON Dystrybucja. Na najbli\u017csze lata projekt przewiduje r\u00f3wnie\u017c oznakowanie bocian\u00f3w nadajnikami GPS-GSM, zak\u0142adanie platform gniazdowych i napraw\u0119 gniazd, zabezpieczanie miejsc, gdzie gin\u0105 bociany i edukacj\u0119 ekologiczn\u0105 w rejonach energetycznych wybranych do obr\u0105czkowania.<\/p>\n<p style=\"text-align: justify;\">Pe\u0142ne podsumowanie obr\u0105czkowania m\u0142odych bocian\u00f3w bia\u0142ych w 2020 roku pojawi si\u0119 na naszej stronie internetowej ju\u017c wkr\u00f3tce. Tymczasem ju\u017c teraz bardzo dzi\u0119kujemy wszystkim zaanga\u017cowanym w projekt, a zw\u0142aszcza operatorom TAURON-u oraz gospodarzom posesji, bez kt\u00f3rych zgody obr\u0105czkowanie w wielu miejscach nie by\u0142oby mo\u017cliwe.<\/p>\n<p style=\"text-align: right;\"><em>Jakub Wyka<\/em><\/p>","protected":false},"excerpt":{"rendered":"<p>Trwa drugi sezon wsp\u00f3lnego projektu TAURON Dystrybucja i Ma\u0142opolskiego Towarzystwa Ornitologicznego po\u015bwi\u0119conego bocianom bia\u0142ym. Jednym ze wsp\u00f3lnych dzia\u0142a\u0144 jest obr\u0105czkowanie bocian\u00f3w na obszarze po\u0142udniowej Polski.\u00a0 Projekt ochrony bocian\u00f3w bia\u0142ych na terenie po\u0142udniowej Polski rozpocz\u0105\u0142 si\u0119 w 2019 roku, kiedy to podj\u0119to obr\u0105czkowanie m\u0142odych bocian\u00f3w na terenie woj. \u015bl\u0105skiego i ma\u0142opolskiego. Zaobr\u0105czkowano 130 m\u0142odych bocian\u00f3w w 49 gniazdach, w 39 miejscowo\u015bciach, w 8 gminach. W 2020 roku projekt obj\u0105\u0142 obszar wojew\u00f3dztw dolno\u015bl\u0105skiego, opolskiego, \u015bl\u0105skiego i ma\u0142opolskiego. Wi\u0119kszo\u015b\u0107 gniazd bocian\u00f3w bia\u0142ych znajduje si\u0119 na liniach energetycznych, tote\u017c obr\u0105czkowanie bocian\u00f3w odbywa si\u0119 przy pomocy specjalnego podno\u015bnika, kt\u00f3rym operator TAURON-u wywozi ornitologa bezpo\u015brednio do\u2026 <a class=\"continue-reading-link\" href=\"https:\/\/mto-kr.pl\/en\/2020\/06\/20\/tauron-i-mto-razem-dla-bocianow\/\">Czytaj dalej&#8230;<\/a><\/p>","protected":false},"author":2,"featured_media":1451,"comment_status":"open","ping_status":"open","sticky":false,"template":"","format":"standard","meta":{"_monsterinsights_skip_tracking":false,"footnotes":""},"categories":[4],"tags":[],"class_list":["post-1450","post","type-post","status-publish","format-standard","has-post-thumbnail","hentry","category-aktualnosci"],"_links":{"self":[{"href":"https:\/\/mto-kr.pl\/en\/wp-json\/wp\/v2\/posts\/1450","targetHints":{"allow":["GET"]}}],"collection":[{"href":"https:\/\/mto-kr.pl\/en\/wp-json\/wp\/v2\/posts"}],"about":[{"href":"https:\/\/mto-kr.pl\/en\/wp-json\/wp\/v2\/types\/post"}],"author":[{"embeddable":true,"href":"https:\/\/mto-kr.pl\/en\/wp-json\/wp\/v2\/users\/2"}],"replies":[{"embeddable":true,"href":"https:\/\/mto-kr.pl\/en\/wp-json\/wp\/v2\/comments?post=1450"}],"version-history":[{"count":1,"href":"https:\/\/mto-kr.pl\/en\/wp-json\/wp\/v2\/posts\/1450\/revisions"}],"predecessor-version":[{"id":1452,"href":"https:\/\/mto-kr.pl\/en\/wp-json\/wp\/v2\/posts\/1450\/revisions\/1452"}],"wp:featuredmedia":[{"embeddable":true,"href":"https:\/\/mto-kr.pl\/en\/wp-json\/wp\/v2\/media\/1451"}],"wp:attachment":[{"href":"https:\/\/mto-kr.pl\/en\/wp-json\/wp\/v2\/media?parent=1450"}],"wp:term":[{"taxonomy":"category","embeddable":true,"href":"https:\/\/mto-kr.pl\/en\/wp-json\/wp\/v2\/categories?post=1450"},{"taxonomy":"post_tag","embeddable":true,"href":"https:\/\/mto-kr.pl\/en\/wp-json\/wp\/v2\/tags?post=1450"}],"curies":[{"name":"wp","href":"https:\/\/api.w.org\/{rel}","templated":true}]}}