{"id":1462,"date":"2020-10-06T09:40:50","date_gmt":"2020-10-06T07:40:50","guid":{"rendered":"https:\/\/mto-kr.pl\/?p=1462"},"modified":"2020-10-16T09:43:09","modified_gmt":"2020-10-16T07:43:09","slug":"z-polski-do-izraela","status":"publish","type":"post","link":"https:\/\/mto-kr.pl\/en\/2020\/10\/06\/z-polski-do-izraela\/","title":{"rendered":"Z Polski do Izraela!"},"content":{"rendered":"<p style=\"text-align: justify;\"><strong><a href=\"https:\/\/mto-kr.pl\/wp-content\/uploads\/2020\/10\/ci_cic4.jpg\"><img loading=\"lazy\" decoding=\"async\" class=\"alignleft size-medium wp-image-1472\" src=\"https:\/\/mto-kr.pl\/wp-content\/uploads\/2020\/10\/ci_cic4-300x200.jpg\" alt=\"Bocian bia\u0142y (Ciconia ciconia). Fot. J. Wyka\" width=\"300\" height=\"200\" srcset=\"https:\/\/mto-kr.pl\/wp-content\/uploads\/2020\/10\/ci_cic4-300x200.jpg 300w, https:\/\/mto-kr.pl\/wp-content\/uploads\/2020\/10\/ci_cic4-768x512.jpg 768w, https:\/\/mto-kr.pl\/wp-content\/uploads\/2020\/10\/ci_cic4-1024x683.jpg 1024w, https:\/\/mto-kr.pl\/wp-content\/uploads\/2020\/10\/ci_cic4-525x350.jpg 525w, https:\/\/mto-kr.pl\/wp-content\/uploads\/2020\/10\/ci_cic4-150x100.jpg 150w, https:\/\/mto-kr.pl\/wp-content\/uploads\/2020\/10\/ci_cic4-356x237.jpg 356w, https:\/\/mto-kr.pl\/wp-content\/uploads\/2020\/10\/ci_cic4.jpg 1200w\" sizes=\"auto, (max-width: 300px) 100vw, 300px\" \/><\/a>Obr\u0105czkowanie bocian\u00f3w bia\u0142ych przez ornitolog\u00f3w z Ma\u0142opolskiego Towarzystwa Ornitologiczne przynosi pierwsze efekty. Zaobr\u0105czkowane pisklaki w wi\u0119kszo\u015bci szcz\u0119\u015bliwie opu\u015bci\u0142y ju\u017c gniazda i ruszy\u0142y w swoj\u0105 pierwsz\u0105 w\u0119dr\u00f3wk\u0119 do Afryki, daj\u0105c przy tym ciekawe wiadomo\u015bci z trasy w\u0119dr\u00f3wki.\u00a0<\/strong><\/p>\n<p style=\"text-align: justify;\">Niebawem na naszej stronie internetowej opublikujemy szczeg\u00f3\u0142owe podsumowanie z tegorocznego obr\u0105czkowania bocian\u00f3w bia\u0142ych zamieszkuj\u0105ce po\u0142udniow\u0105 Polsk\u0119, kt\u00f3re to prowadzili\u015bmy przy wsp\u00f3\u0142pracy z TAURON Dystrybucja. Ju\u017c teraz mo\u017cemy podzieli\u0107 si\u0119 z Pa\u0144stwem jedn\u0105 bardzo ciekaw\u0105 wiadomo\u015bci\u0105 powrotn\u0105, kt\u00f3r\u0105 otrzymali\u015bmy od bociana, kt\u00f3ry wyruszy\u0142 w swoj\u0105 pierwsz\u0105 w\u0119dr\u00f3wk\u0119 na zimowisko.<\/p>\n<p style=\"text-align: justify;\">Bocian bia\u0142y, kt\u00f3rego w Sm\u0119gorzowie (k. D\u0105browy Tarnowskiej) w czerwcu jako piskl\u0119 zaobr\u0105czkowa\u0142 Jakub Wyka, ju\u017c 63 dni p\u00f3\u017aniej zosta\u0142 zaobserwowany w Izraelu, w miejscu oddalonym od miejsca zaobr\u0105czkowania o 2474 km! W wiadomo\u015bci zwrotnej widnieje tak\u017ce kr\u00f3tki komunikat &#8222;Found exhausted, the bird sent to wildlife hospital&#8221;, kt\u00f3ry w t\u0142umaczeniu oznacza, \u017ce wycie\u0144czony ptak trafi\u0142 do szpitala dla dzikich zwierz\u0105t. Co dok\u0142adnie si\u0119 sta\u0142o? Czy m\u0142ody, niedo\u015bwiadczony ptak ruszy\u0142 w w\u0119dr\u00f3wk\u0119 z doros\u0142ymi bocianami, kt\u00f3re nada\u0142y zbyt mocne tempo i m\u0142okos po prostu opad\u0142 z si\u0142? Czy mo\u017ce zosta\u0142 zraniony podczas przelotu przez Liban? Czy mo\u017ce przyczyna jest inna? B\u0119dziemy stara\u0107 si\u0119 uzyska\u0107 wi\u0119cej informacji odno\u015bnie zdrowia naszego bociana. Poni\u017cej kilka slajd\u00f3w z programu POLRING.<\/p>\n\n\t\t<style>\n\t\t\t#gallery-1 {\n\t\t\t\tmargin: auto;\n\t\t\t}\n\t\t\t#gallery-1 .gallery-item {\n\t\t\t\tfloat: left;\n\t\t\t\tmargin-top: 10px;\n\t\t\t\ttext-align: center;\n\t\t\t\twidth: 33%;\n\t\t\t}\n\t\t\t#gallery-1 img {\n\t\t\t\tborder: 2px solid #cfcfcf;\n\t\t\t}\n\t\t\t#gallery-1 .gallery-caption {\n\t\t\t\tmargin-left: 0;\n\t\t\t}\n\t\t\t\/* see gallery_shortcode() in wp-includes\/media.php *\/\n\t\t<\/style>\n\t\t<div id='gallery-1' class='gallery galleryid-1462 gallery-columns-3 gallery-size-thumbnail'><dl class='gallery-item'>\n\t\t\t<dt class='gallery-icon landscape'>\n\t\t\t\t<a href='https:\/\/mto-kr.pl\/wp-content\/uploads\/2020\/10\/zw1.jpg'><img loading=\"lazy\" decoding=\"async\" width=\"150\" height=\"150\" src=\"https:\/\/mto-kr.pl\/wp-content\/uploads\/2020\/10\/zw1-150x150.jpg\" class=\"attachment-thumbnail size-thumbnail\" alt=\"M\u0142ody bocian bia\u0142y zosta\u0142 zaobr\u0105czkowany w czerwcu 2020 roku w Sm\u0119gorzowie (screen z programu POLRING)\" \/><\/a>\n\t\t\t<\/dt><\/dl><dl class='gallery-item'>\n\t\t\t<dt class='gallery-icon landscape'>\n\t\t\t\t<a href='https:\/\/mto-kr.pl\/wp-content\/uploads\/2020\/10\/zw2.jpg'><img loading=\"lazy\" decoding=\"async\" width=\"150\" height=\"150\" src=\"https:\/\/mto-kr.pl\/wp-content\/uploads\/2020\/10\/zw2-150x150.jpg\" class=\"attachment-thumbnail size-thumbnail\" alt=\"Odleg\u0142o\u015b\u0107 od miejsca zaobr\u0105czkowania do miejsca ponownego stwierdzenia wynosi nieca\u0142e 2500 kilometr\u00f3w! (M\u0142ody bocian bia\u0142y zosta\u0142 zaobr\u0105czkowany w czerwcu 2020 roku w Sm\u0119gorzowie (screen z programu POLRING, \u017ar\u00f3d\u0142o mapy: maps.google.com)\" \/><\/a>\n\t\t\t<\/dt><\/dl><dl class='gallery-item'>\n\t\t\t<dt class='gallery-icon landscape'>\n\t\t\t\t<a href='https:\/\/mto-kr.pl\/wp-content\/uploads\/2020\/10\/zw3.jpg'><img loading=\"lazy\" decoding=\"async\" width=\"150\" height=\"150\" src=\"https:\/\/mto-kr.pl\/wp-content\/uploads\/2020\/10\/zw3-150x150.jpg\" class=\"attachment-thumbnail size-thumbnail\" alt=\"Miejsce ponownego odczytu obr\u0105czki na bocianie bia\u0142ym na terenie Izraelu! (screen z programu POLRING, \u017ar\u00f3d\u0142o mapy: maps.google.com)\" \/><\/a>\n\t\t\t<\/dt><\/dl><br style=\"clear: both\" \/>\n\t\t<\/div>\n\n<p style=\"text-align: justify;\">Program <a href=\"http:\/\/ring.stornit.gda.pl\/\">POLRING<\/a> s\u0142u\u017cy do wprowadzania informacji o obr\u0105czkach zaobserwowanych na ptakach. Ka\u017cdy mo\u017ce si\u0119 zalogowa\u0107 i je\u015bli odczyta\u0142 obr\u0105czk\u0119 ptaka &#8211; bociana, \u0142ab\u0119dzia, mewy, kosa czy nawet sikory, mo\u017ce wprowadzi\u0107 dane z obr\u0105czki do bazy <a href=\"http:\/\/ring.stornit.gda.pl\/\">POLRING<\/a> i otrzyma\u0107 wiadomo\u015b\u0107 odno\u015bnie miejsca zaobr\u0105czkowania i je\u015bli takie s\u0105, innych stwierdze\u0144 ptaka, a jednocze\u015bnie przyczyni\u0107 si\u0119 do rozwoju nauki. Gor\u0105co zach\u0119camy!<\/p>\n<p style=\"text-align: justify;\">Czekamy na kolejne wiadomo\u015bci &#8211; oby by\u0142y jeszcze ciekawsze (np. z zimowisk)! Przede wszystkim czekamy jednak na szcz\u0119\u015bliwy powr\u00f3t bocian\u00f3w do Polski.<\/p>\n<p style=\"text-align: right;\"><em>Jakub Wyka<\/em><\/p>","protected":false},"excerpt":{"rendered":"<p>Obr\u0105czkowanie bocian\u00f3w bia\u0142ych przez ornitolog\u00f3w z Ma\u0142opolskiego Towarzystwa Ornitologiczne przynosi pierwsze efekty. Zaobr\u0105czkowane pisklaki w wi\u0119kszo\u015bci szcz\u0119\u015bliwie opu\u015bci\u0142y ju\u017c gniazda i ruszy\u0142y w swoj\u0105 pierwsz\u0105 w\u0119dr\u00f3wk\u0119 do Afryki, daj\u0105c przy tym ciekawe wiadomo\u015bci z trasy w\u0119dr\u00f3wki.\u00a0 Niebawem na naszej stronie internetowej opublikujemy szczeg\u00f3\u0142owe podsumowanie z tegorocznego obr\u0105czkowania bocian\u00f3w bia\u0142ych zamieszkuj\u0105ce po\u0142udniow\u0105 Polsk\u0119, kt\u00f3re to prowadzili\u015bmy przy wsp\u00f3\u0142pracy z TAURON Dystrybucja. Ju\u017c teraz mo\u017cemy podzieli\u0107 si\u0119 z Pa\u0144stwem jedn\u0105 bardzo ciekaw\u0105 wiadomo\u015bci\u0105 powrotn\u0105, kt\u00f3r\u0105 otrzymali\u015bmy od bociana, kt\u00f3ry wyruszy\u0142 w swoj\u0105 pierwsz\u0105 w\u0119dr\u00f3wk\u0119 na zimowisko. Bocian bia\u0142y, kt\u00f3rego w Sm\u0119gorzowie (k. D\u0105browy Tarnowskiej) w czerwcu jako piskl\u0119 zaobr\u0105czkowa\u0142 Jakub Wyka, ju\u017c\u2026 <a class=\"continue-reading-link\" href=\"https:\/\/mto-kr.pl\/en\/2020\/10\/06\/z-polski-do-izraela\/\">Czytaj dalej&#8230;<\/a><\/p>","protected":false},"author":2,"featured_media":1472,"comment_status":"closed","ping_status":"open","sticky":false,"template":"","format":"standard","meta":{"_monsterinsights_skip_tracking":false,"footnotes":""},"categories":[4],"tags":[],"class_list":["post-1462","post","type-post","status-publish","format-standard","has-post-thumbnail","hentry","category-aktualnosci"],"_links":{"self":[{"href":"https:\/\/mto-kr.pl\/en\/wp-json\/wp\/v2\/posts\/1462","targetHints":{"allow":["GET"]}}],"collection":[{"href":"https:\/\/mto-kr.pl\/en\/wp-json\/wp\/v2\/posts"}],"about":[{"href":"https:\/\/mto-kr.pl\/en\/wp-json\/wp\/v2\/types\/post"}],"author":[{"embeddable":true,"href":"https:\/\/mto-kr.pl\/en\/wp-json\/wp\/v2\/users\/2"}],"replies":[{"embeddable":true,"href":"https:\/\/mto-kr.pl\/en\/wp-json\/wp\/v2\/comments?post=1462"}],"version-history":[{"count":5,"href":"https:\/\/mto-kr.pl\/en\/wp-json\/wp\/v2\/posts\/1462\/revisions"}],"predecessor-version":[{"id":1477,"href":"https:\/\/mto-kr.pl\/en\/wp-json\/wp\/v2\/posts\/1462\/revisions\/1477"}],"wp:featuredmedia":[{"embeddable":true,"href":"https:\/\/mto-kr.pl\/en\/wp-json\/wp\/v2\/media\/1472"}],"wp:attachment":[{"href":"https:\/\/mto-kr.pl\/en\/wp-json\/wp\/v2\/media?parent=1462"}],"wp:term":[{"taxonomy":"category","embeddable":true,"href":"https:\/\/mto-kr.pl\/en\/wp-json\/wp\/v2\/categories?post=1462"},{"taxonomy":"post_tag","embeddable":true,"href":"https:\/\/mto-kr.pl\/en\/wp-json\/wp\/v2\/tags?post=1462"}],"curies":[{"name":"wp","href":"https:\/\/api.w.org\/{rel}","templated":true}]}}