{"id":1478,"date":"2020-10-19T08:26:58","date_gmt":"2020-10-19T06:26:58","guid":{"rendered":"https:\/\/mto-kr.pl\/?p=1478"},"modified":"2020-10-20T08:47:38","modified_gmt":"2020-10-20T06:47:38","slug":"jesienny-zjazd-mto-odwolany","status":"publish","type":"post","link":"https:\/\/mto-kr.pl\/en\/2020\/10\/19\/jesienny-zjazd-mto-odwolany\/","title":{"rendered":"Jesienny zjazd MTO odwo\u0142any"},"content":{"rendered":"<p style=\"text-align: justify;\"><strong>W zwi\u0105zku z obecn\u0105 sytuacj\u0105 epidemiczn\u0105 w Polsce i bardzo z\u0142ymi prognozami rozwoju sytuacji na najbli\u017csze miesi\u0105ce Rada MTO podj\u0119\u0142a decyzj\u0119 odwo\u0142aniu jesiennego 52. Zjazdu Ornitolog\u00f3w Polski Po\u0142udniowo-Wschodniej planowanego na koniec listopada br.<\/strong><\/p>\n<p style=\"text-align: justify;\">Je\u015bli sytuacja epidemiologiczna b\u0119dzie ulega\u0107 poprawie, podejmiemy dzia\u0142ania w sprawie organizacji zjazdu w okresie wiosennym 2021 r. Tak\u017ce z powodu trudnej sytuacji epidemicznej, do odwo\u0142ania zawieszamy organizowanie wycieczek ornitologicznych.<\/p>\n<p style=\"text-align: justify;\">Nie oznacza to jednak, \u017ce MTO zawiesza dzia\u0142alno\u015b\u0107. Nadal je\u017adzimy w teren, teraz mo\u017ce nawet intensywniej, w zwi\u0105zku z ko\u0144czeniem prac nad naszym Atlasem ptak\u00f3w Polski po\u0142udniowo-wschodniej. Organizowany jest zesp\u00f3\u0142 do prac nad Atlasem. Prowadzimy te\u017c dzia\u0142ania w sprawie ochrony ptak\u00f3w i ich siedlisk.<\/p>\n<p style=\"text-align: justify;\">Prosimy o stosowanie si\u0119 do zalece\u0144 wprowadzanych w zwi\u0105zku ze zmieniaj\u0105ca si\u0119 sytuacj\u0105 epidemiczn\u0105.<\/p>\n<p style=\"text-align: right;\">Prezes MTO<br \/>\nKazimierz Walasz<\/p>","protected":false},"excerpt":{"rendered":"<p>W zwi\u0105zku z obecn\u0105 sytuacj\u0105 epidemiczn\u0105 w Polsce i bardzo z\u0142ymi prognozami rozwoju sytuacji na najbli\u017csze miesi\u0105ce Rada MTO podj\u0119\u0142a decyzj\u0119 odwo\u0142aniu jesiennego 52. Zjazdu Ornitolog\u00f3w Polski Po\u0142udniowo-Wschodniej planowanego na koniec listopada br. Je\u015bli sytuacja epidemiologiczna b\u0119dzie ulega\u0107 poprawie, podejmiemy dzia\u0142ania w sprawie organizacji zjazdu w okresie wiosennym 2021 r. Tak\u017ce z powodu trudnej sytuacji epidemicznej, do odwo\u0142ania zawieszamy organizowanie wycieczek ornitologicznych. Nie oznacza to jednak, \u017ce MTO zawiesza dzia\u0142alno\u015b\u0107. Nadal je\u017adzimy w teren, teraz mo\u017ce nawet intensywniej, w zwi\u0105zku z ko\u0144czeniem prac nad naszym Atlasem ptak\u00f3w Polski po\u0142udniowo-wschodniej. Organizowany jest zesp\u00f3\u0142 do prac nad Atlasem. Prowadzimy te\u017c dzia\u0142ania w\u2026 <a class=\"continue-reading-link\" href=\"https:\/\/mto-kr.pl\/en\/2020\/10\/19\/jesienny-zjazd-mto-odwolany\/\">Czytaj dalej&#8230;<\/a><\/p>","protected":false},"author":2,"featured_media":0,"comment_status":"closed","ping_status":"open","sticky":false,"template":"","format":"standard","meta":{"_monsterinsights_skip_tracking":false,"footnotes":""},"categories":[4],"tags":[],"class_list":["post-1478","post","type-post","status-publish","format-standard","hentry","category-aktualnosci"],"_links":{"self":[{"href":"https:\/\/mto-kr.pl\/en\/wp-json\/wp\/v2\/posts\/1478","targetHints":{"allow":["GET"]}}],"collection":[{"href":"https:\/\/mto-kr.pl\/en\/wp-json\/wp\/v2\/posts"}],"about":[{"href":"https:\/\/mto-kr.pl\/en\/wp-json\/wp\/v2\/types\/post"}],"author":[{"embeddable":true,"href":"https:\/\/mto-kr.pl\/en\/wp-json\/wp\/v2\/users\/2"}],"replies":[{"embeddable":true,"href":"https:\/\/mto-kr.pl\/en\/wp-json\/wp\/v2\/comments?post=1478"}],"version-history":[{"count":4,"href":"https:\/\/mto-kr.pl\/en\/wp-json\/wp\/v2\/posts\/1478\/revisions"}],"predecessor-version":[{"id":1482,"href":"https:\/\/mto-kr.pl\/en\/wp-json\/wp\/v2\/posts\/1478\/revisions\/1482"}],"wp:attachment":[{"href":"https:\/\/mto-kr.pl\/en\/wp-json\/wp\/v2\/media?parent=1478"}],"wp:term":[{"taxonomy":"category","embeddable":true,"href":"https:\/\/mto-kr.pl\/en\/wp-json\/wp\/v2\/categories?post=1478"},{"taxonomy":"post_tag","embeddable":true,"href":"https:\/\/mto-kr.pl\/en\/wp-json\/wp\/v2\/tags?post=1478"}],"curies":[{"name":"wp","href":"https:\/\/api.w.org\/{rel}","templated":true}]}}