{"id":1483,"date":"2021-01-24T18:35:56","date_gmt":"2021-01-24T17:35:56","guid":{"rendered":"https:\/\/mto-kr.pl\/?p=1483"},"modified":"2021-01-24T18:36:36","modified_gmt":"2021-01-24T17:36:36","slug":"gniazdo-na-kominie-cez-skawina-podsumowanie-sezonu-2020","status":"publish","type":"post","link":"https:\/\/mto-kr.pl\/en\/2021\/01\/24\/gniazdo-na-kominie-cez-skawina-podsumowanie-sezonu-2020\/","title":{"rendered":"Gniazdo na kominie CEZ Skawina \u2013 podsumowanie sezonu 2020"},"content":{"rendered":"<p style=\"text-align: justify;\"><strong><a href=\"https:\/\/mto-kr.pl\/wp-content\/uploads\/2021\/01\/Zdjecie9.jpg\"><img loading=\"lazy\" decoding=\"async\" class=\"alignleft size-medium wp-image-1488\" src=\"https:\/\/mto-kr.pl\/wp-content\/uploads\/2021\/01\/Zdjecie9-300x152.jpg\" alt=\"Jaszczurka czy nornik? M\u0142ody ma ju\u017c 9 dni, nie musi si\u0119 dzieli\u0107 pokarmem z rodze\u0144stwem.\" width=\"300\" height=\"152\" srcset=\"https:\/\/mto-kr.pl\/wp-content\/uploads\/2021\/01\/Zdjecie9-300x152.jpg 300w, https:\/\/mto-kr.pl\/wp-content\/uploads\/2021\/01\/Zdjecie9-768x388.jpg 768w, https:\/\/mto-kr.pl\/wp-content\/uploads\/2021\/01\/Zdjecie9-693x350.jpg 693w, https:\/\/mto-kr.pl\/wp-content\/uploads\/2021\/01\/Zdjecie9-150x76.jpg 150w, https:\/\/mto-kr.pl\/wp-content\/uploads\/2021\/01\/Zdjecie9.jpg 800w\" sizes=\"auto, (max-width: 300px) 100vw, 300px\" \/><\/a>W Skawinie na kominie elektrociep\u0142owni CEZ zamocowano 16 pa\u017adziernika 2019 specjaln\u0105 budk\u0119 mog\u0105c\u0105 s\u0142u\u017cy\u0107 jako miejsce gniazdowania dla soko\u0142\u00f3w w\u0119drownych. Inicjatorem i koordynatorem by\u0142 Krzysztof Haja z Ma\u0142opolskiego Towarzystwa Ornitologicznego. Przedsi\u0119wzi\u0119cie zrealizowano z pomoc\u0105 fachow\u0105 Stowarzyszenia \u201eSok\u00f3\u0142\u201d oraz wsparciem finansowym firmy TADMAR i CEZ Skawina S.A.<\/strong><\/p>\n<p><strong>Budk\u0119 zasiedli\u0142y:<\/strong><\/p>\n<ul>\n<li>Pustu\u0142ki (<em>Falco tinnunculus<\/em>) &#8211; para nr 1 od marca do 2 czerwca 2020 &#8211; samiec i samica bez obr\u0105czek, pochodzenie nieznane.<\/li>\n<li>Pustu\u0142ki (<em>Falco tinnunculus<\/em>) &#8211; para nr 2 od 2 czerwca do ko\u0144ca sezonu l\u0119gowego &#8211; samiec i samica, bez obr\u0105czek, pochodzenie nieznane.<\/li>\n<\/ul>\n<p style=\"text-align: justify;\">Dno budki wy\u0142o\u017cono grubym \u017cwirem. Pierwszymi ptasimi go\u015b\u0107mi by\u0142y pustu\u0142ki, go\u0142\u0119bie, kawki i krogulec. Na terenie elektrociep\u0142owni pustu\u0142ki mieszkaj\u0105 od dawna, tak jak si\u0119 spodziewano zainteresowa\u0142y si\u0119 gniazdem jeszcze w jesieni. Od stycznia obserwowane by\u0142y co kilka dni i samce i samice, g\u0142\u00f3wnie na pode\u015bcie. \u017badne z nich nie mia\u0142o obr\u0105czek. Pod koniec lutego 2 pary i jeden m\u0142ody samiec na zmian\u0119 odwiedza\u0142y gniazdo, wizyty by\u0142y d\u0142u\u017csze, te\u017c w \u015brodku gniazda. Mi\u0119dzy ptakami dochodzi\u0142odo\u00a0utarczek i ostrych walk o gniazdo. Bardzo agresywnie reagowa\u0142y na siebie samice. Para nr 1 \u00a0wygra\u0142a bitw\u0119 o gniazdo.<\/p>\n<p style=\"text-align: justify;\">Od marca widzieli\u015bmy ju\u017c ca\u0142y rytua\u0142 godowy: tokowanie, \u201edo\u0142kowanie\u201d, przynoszenie pokarmu samicy przez samca, kopulacje. Gryzonie i jaszczurki samica zjada\u0142a od razu, resztki chowa\u0142a do\u00a0spi\u017carki (k\u0105ty w gnie\u017adzie).\u00a0 Niekiedy samica odlatywa\u0142a z prezentem poza gniazdo.\u00a0 Samiec by\u0142 \u015bwietnym \u0142owc\u0105, pokarmu nie brakowa\u0142o, samica mog\u0142a spokojnie przygotowywa\u0107 si\u0119 do\u00a0zniesienia jaj. Przebywa\u0142a w gnie\u017adzie coraz d\u0142u\u017cej. Na dziesi\u0119\u0107 dni przed z\u0142o\u017ceniem pierwszego jaja (12.04) sp\u0119dzi\u0142a ca\u0142\u0105 noc w gnie\u017adzie \u2013 przesiedzia\u0142a j\u0105 przysypiaj\u0105c na progu.<\/p>\n<p><strong>Daty zniesienia 5 jaj:<\/strong><\/p>\n<ul>\n<li>24.04. godz.15:25- pierwsze jajo<\/li>\n<li>27.04. godz. 5:23 &#8211; drugie jajo (po 62 godzinach)<\/li>\n<li>29.04. godz. 4:20 &#8211; trzecie jajo(po 47 godzinach)<\/li>\n<li>30.04. godz. 21:25 &#8211; czwarte jajo (po 41 godzinach)<\/li>\n<li>2.05.\u00a0 godz. 19:20 &#8211; pi\u0105te jajo (po 46 godzinach).<\/li>\n<\/ul>\n<p style=\"text-align: justify;\">Na pocz\u0105tku jaja by\u0142y ogrzewane tylko w dzie\u0144, na zmian\u0119, g\u0142\u00f3wnie przez samic\u0119. Po z\u0142o\u017ceniu czwartego jaja (30 kwietnia) ptaki rozpocz\u0119\u0142y inkubacj\u0119, z 30 kwietnia na 1 maja samica ogrzewa\u0142a jaja ca\u0142\u0105 noc. Pierwszy okres inkubacji przebiega\u0142 zgodnie z zasadami. Samiec zdobywa\u0142 po\u017cywienie dla samicy. Gdy samica opuszcza\u0142a jaja na kilka \u2013 kilkana\u015bcie minut, wtedy samiec j\u0105 zast\u0119powa\u0142.\u00a0 Po posi\u0142ku samica wraca\u0142a do gniazda i dos\u0142ownie przegania\u0142a ostrym g\u0142osem samca. W nocy wysiadywa\u0142a tylko samica. Po\u017cywienia by\u0142o w br\u00f3d, jedynie podczas kilku deszczowych dni troszk\u0119 mniej. Pod koniec trzeciego tygodnia zauwa\u017cyli\u015bmy zmian\u0119, rzadsze wizyty samca i opuszczanie jaj przez samic\u0119 na d\u0142u\u017cej. W czwartym tygodniu by\u0142o jeszcze gorzej. Ogromny niepok\u00f3j samicy, opuszczanie gniazda na par\u0119 godzin, po powrocie do gniazda nie zawsze siada\u0142a na jajach, nawet zasypia\u0142a w nocy obok jaj. Para walczy\u0142a o gniazdo. Na podgl\u0105dzie widzieli\u015bmy tylko dzia\u0142ania samicy, z podestu obserwowa\u0142a otoczenie, napuszona, krzycz\u0105ca, przegania\u0142a obcego samca. Samiec nr 1 czuwa\u0142 nad gniazdem na zewn\u0105trz, poza kamerami. 24 maja przylecia\u0142 na podest z wyra\u017an\u0105 kontuzj\u0105 \u0142apy. 28 maja widzieli\u015bmy go po raz ostatni. Samica przej\u0119\u0142a ca\u0142kowicie zadanie obrony gniazda przed intruzami. 2 czerwca w 33 dniu inkubacji\u00a0 samica nr 1 opu\u015bci\u0142a gniazdo po ostrej walce z now\u0105 samic\u0105. Nie znamy dalszych los\u00f3w pary nr 1.<\/p>\n<p style=\"text-align: justify;\">Gniazdo z pi\u0119cioma zmarnowanymi jajami zosta\u0142o przej\u0119te przez now\u0105 par\u0119 nr 2, kt\u00f3ra dynamicznie przygotowywa\u0142a si\u0119 do l\u0119g\u00f3w. Samiec dostarcza\u0142 tyle gryzoni, \u017ce spi\u017carki by\u0142y ju\u017c we wszystkich k\u0105tach gniazda. Samica czasami przysiadywa\u0142a na starych jajach.\u00a0 8 czerwca pojawi\u0142o si\u0119 pierwsze jajo nowej pary. Nast\u0119pnego dnia stare jaja zosta\u0142y przez nas usuni\u0119te z gniazda. Pustu\u0142ki powoli zaakceptowa\u0142y zmian\u0119, ogrzewa\u0142y samotne jajo i\u00a0po czterech dniach samica znios\u0142a drugie jajo.<\/p>\n<p><strong>Daty zniesienia jaj:<\/strong><\/p>\n<ul>\n<li>8.06 godz. 12:25 &#8211; pierwsze jajo<\/li>\n<li>12.06 godz. 8:51 &#8211; drugie jajo (po 92 godzinach)<\/li>\n<li>14.06 godz. 8:50 &#8211; trzecie jajo (po 48 godzinach)<\/li>\n<li>16.06 godz. 13:10 &#8211; czwarte jajo (po 52 godzinach).<\/li>\n<\/ul>\n<p style=\"text-align: justify;\">Wysiadywanie jaj przebiega\u0142o ju\u017c bez zak\u0142\u00f3ce\u0144. Wprawdzie inne pustu\u0142ki nadal interesowa\u0142y si\u0119 gniazdem, obcy samczyk i samiczka cz\u0119sto przylatywali na podest, nawet zagl\u0105dali do gniazda. Na zdecydowany ruch w ich stron\u0119 naszej samicy czy samca, szybko odlatywali. Walk mi\u0119dzy nimi nie\u00a0zauwa\u017cyli\u015bmy. Jedzenia by\u0142o pod dostatkiem: gryzonie, jaszczurki i kilka razy ma\u0142e ptaszki. Samiec zmienia\u0142 samic\u0119 na jajach, gdy wylatywa\u0142a z gniazda na posi\u0142ek. 11 lipca, po 33 dniach od zniesienia pierwszego jaja, wyklu\u0142o si\u0119 pierwsze i niestety jedyne piskl\u0119. By\u0142o ogrzewane \u2013 dop\u00f3ki tego potrzebowa\u0142o i intensywnie karmione. Nie uda\u0142o si\u0119 przeprowadzi\u0107 planowanego obr\u0105czkowania m\u0142odego z powodu awarii windy w kominie.<\/p>\n<p style=\"text-align: justify;\">Droga do samodzielno\u015bci prowadzi\u0142a poprzez penetrowanie ca\u0142ego gniazda, wyj\u015bcie na pr\u00f3g, potem na podest i w 33 dniu \u017cycia m\u0142ody po raz pierwszy wylecia\u0142 z gniazda wskakuj\u0105c wcze\u015bniej na\u00a0lamp\u0119 sygnalizacyjn\u0105. Rankiem kolejnego dnia ponownie pojawi\u0142 si\u0119 w gnie\u017adzie.<\/p>\n<p style=\"text-align: justify;\">M\u0142ody odwiedza\u0142 gniazdo ju\u017c tylko w dzie\u0144, codziennie. Samiec nadal dostarcza\u0142 gryzonie do gniazda. Gdy m\u0142odego tam nie by\u0142o, czasem zostawia\u0142 je w k\u0105tku, czasem zabiera\u0142 z powrotem. Stopniowo zmniejsza\u0142 dostawy. A m\u0142ody w mi\u0119dzyczasie zjad\u0142 dwa pozosta\u0142e w gnie\u017adzie niewyklute jaja (trzecie jajo po\u017car\u0142y kawki). Na\u00a0prze\u0142omie sierpnia i wrze\u015bnie m\u0142ody zn\u00f3w sp\u0119dzi\u0142 kilka nocy w gnie\u017adzie, mo\u017ce z powodu silnych wiatr\u00f3w i burzowych nocy. Powoli stawa\u0142 si\u0119 gospodarzem gniazda, odp\u0119dza\u0142 intruz\u00f3w, nawet zdarza\u0142o mu si\u0119 broni\u0107 gniazda przed rodzicami.<\/p>\n<p style=\"text-align: justify;\">Wizyty pary nr 2 i m\u0142odego pod koniec wrze\u015bnia sta\u0142y si\u0119 coraz rzadsze. Ostatnia obserwacja wsp\u00f3lnej wizyty samca i samicy \u2013 24 pa\u017adziernika, m\u0142odego &#8211; 25 pa\u017adziernika.<\/p>\n<p>Przedstawione poni\u017cej zdj\u0119cia to zapisy z ca\u0142odobowego podgl\u0105du gniazda on-line.<\/p>\n<p style=\"text-align: right;\"><em>Opracowa\u0142a Urszula Srzednicka FalcoFanka<\/em><\/p>\n<p>&nbsp;<\/p>\n\n\t\t<style>\n\t\t\t#gallery-1 {\n\t\t\t\tmargin: auto;\n\t\t\t}\n\t\t\t#gallery-1 .gallery-item {\n\t\t\t\tfloat: left;\n\t\t\t\tmargin-top: 10px;\n\t\t\t\ttext-align: center;\n\t\t\t\twidth: 50%;\n\t\t\t}\n\t\t\t#gallery-1 img {\n\t\t\t\tborder: 2px solid #cfcfcf;\n\t\t\t}\n\t\t\t#gallery-1 .gallery-caption {\n\t\t\t\tmargin-left: 0;\n\t\t\t}\n\t\t\t\/* see gallery_shortcode() in wp-includes\/media.php *\/\n\t\t<\/style>\n\t\t<div id='gallery-1' class='gallery galleryid-1483 gallery-columns-2 gallery-size-medium'><dl class='gallery-item'>\n\t\t\t<dt class='gallery-icon landscape'>\n\t\t\t\t<a href='https:\/\/mto-kr.pl\/wp-content\/uploads\/2021\/01\/Zdjecie5.jpg'><img loading=\"lazy\" decoding=\"async\" width=\"300\" height=\"169\" src=\"https:\/\/mto-kr.pl\/wp-content\/uploads\/2021\/01\/Zdjecie5-300x169.jpg\" class=\"attachment-medium size-medium\" alt=\"Wysiadywanie jaj przez par\u0119 nr 1. Samiec przynosi\u0142 po\u017cywienie i zmienia\u0142 samic\u0119 na jajach, kt\u00f3ra w tym czasie \u017cerowa\u0142a..\" srcset=\"https:\/\/mto-kr.pl\/wp-content\/uploads\/2021\/01\/Zdjecie5-300x169.jpg 300w, https:\/\/mto-kr.pl\/wp-content\/uploads\/2021\/01\/Zdjecie5-768x432.jpg 768w, https:\/\/mto-kr.pl\/wp-content\/uploads\/2021\/01\/Zdjecie5-1024x576.jpg 1024w, https:\/\/mto-kr.pl\/wp-content\/uploads\/2021\/01\/Zdjecie5-622x350.jpg 622w, https:\/\/mto-kr.pl\/wp-content\/uploads\/2021\/01\/Zdjecie5-150x84.jpg 150w, https:\/\/mto-kr.pl\/wp-content\/uploads\/2021\/01\/Zdjecie5.jpg 1280w\" sizes=\"auto, (max-width: 300px) 100vw, 300px\" \/><\/a>\n\t\t\t<\/dt><\/dl><dl class='gallery-item'>\n\t\t\t<dt class='gallery-icon landscape'>\n\t\t\t\t<a href='https:\/\/mto-kr.pl\/wp-content\/uploads\/2021\/01\/Zdjecie6.jpg'><img loading=\"lazy\" decoding=\"async\" width=\"300\" height=\"169\" src=\"https:\/\/mto-kr.pl\/wp-content\/uploads\/2021\/01\/Zdjecie6-300x169.jpg\" class=\"attachment-medium size-medium\" alt=\"Proces inkubacji zaczyna wygasa\u0107. Samica coraz rzadziej wygrzewa jaja, nawet gdy jest w gnie\u017adzie, nie zawsze je ogrzewa.\" srcset=\"https:\/\/mto-kr.pl\/wp-content\/uploads\/2021\/01\/Zdjecie6-300x169.jpg 300w, https:\/\/mto-kr.pl\/wp-content\/uploads\/2021\/01\/Zdjecie6.jpg 768w, https:\/\/mto-kr.pl\/wp-content\/uploads\/2021\/01\/Zdjecie6-622x350.jpg 622w, https:\/\/mto-kr.pl\/wp-content\/uploads\/2021\/01\/Zdjecie6-150x84.jpg 150w\" sizes=\"auto, (max-width: 300px) 100vw, 300px\" \/><\/a>\n\t\t\t<\/dt><\/dl><br style=\"clear: both\" \/><dl class='gallery-item'>\n\t\t\t<dt class='gallery-icon landscape'>\n\t\t\t\t<a href='https:\/\/mto-kr.pl\/wp-content\/uploads\/2021\/01\/Zdjecie7.jpg'><img loading=\"lazy\" decoding=\"async\" width=\"300\" height=\"169\" src=\"https:\/\/mto-kr.pl\/wp-content\/uploads\/2021\/01\/Zdjecie7-300x169.jpg\" class=\"attachment-medium size-medium\" alt=\"8 czerwca samica nr 2 znios\u0142a swoje pierwsze jajo.\" srcset=\"https:\/\/mto-kr.pl\/wp-content\/uploads\/2021\/01\/Zdjecie7-300x169.jpg 300w, https:\/\/mto-kr.pl\/wp-content\/uploads\/2021\/01\/Zdjecie7-768x432.jpg 768w, https:\/\/mto-kr.pl\/wp-content\/uploads\/2021\/01\/Zdjecie7-1024x576.jpg 1024w, https:\/\/mto-kr.pl\/wp-content\/uploads\/2021\/01\/Zdjecie7-622x350.jpg 622w, https:\/\/mto-kr.pl\/wp-content\/uploads\/2021\/01\/Zdjecie7-150x84.jpg 150w, https:\/\/mto-kr.pl\/wp-content\/uploads\/2021\/01\/Zdjecie7.jpg 1280w\" sizes=\"auto, (max-width: 300px) 100vw, 300px\" \/><\/a>\n\t\t\t<\/dt><\/dl><dl class='gallery-item'>\n\t\t\t<dt class='gallery-icon landscape'>\n\t\t\t\t<a href='https:\/\/mto-kr.pl\/wp-content\/uploads\/2021\/01\/Zdjecie8.jpg'><img loading=\"lazy\" decoding=\"async\" width=\"300\" height=\"169\" src=\"https:\/\/mto-kr.pl\/wp-content\/uploads\/2021\/01\/Zdjecie8-300x169.jpg\" class=\"attachment-medium size-medium\" alt=\"Usuwanie jaj pary nr 1 przez opiekuna gniazda z MTO.\" srcset=\"https:\/\/mto-kr.pl\/wp-content\/uploads\/2021\/01\/Zdjecie8-300x169.jpg 300w, https:\/\/mto-kr.pl\/wp-content\/uploads\/2021\/01\/Zdjecie8-768x432.jpg 768w, https:\/\/mto-kr.pl\/wp-content\/uploads\/2021\/01\/Zdjecie8-1024x576.jpg 1024w, https:\/\/mto-kr.pl\/wp-content\/uploads\/2021\/01\/Zdjecie8-622x350.jpg 622w, https:\/\/mto-kr.pl\/wp-content\/uploads\/2021\/01\/Zdjecie8-150x84.jpg 150w, https:\/\/mto-kr.pl\/wp-content\/uploads\/2021\/01\/Zdjecie8.jpg 1280w\" sizes=\"auto, (max-width: 300px) 100vw, 300px\" \/><\/a>\n\t\t\t<\/dt><\/dl><br style=\"clear: both\" \/><dl class='gallery-item'>\n\t\t\t<dt class='gallery-icon landscape'>\n\t\t\t\t<a href='https:\/\/mto-kr.pl\/wp-content\/uploads\/2021\/01\/Zdjecie9.jpg'><img loading=\"lazy\" decoding=\"async\" width=\"300\" height=\"152\" src=\"https:\/\/mto-kr.pl\/wp-content\/uploads\/2021\/01\/Zdjecie9-300x152.jpg\" class=\"attachment-medium size-medium\" alt=\"Jaszczurka czy nornik? M\u0142ody ma ju\u017c 9 dni, nie musi si\u0119 dzieli\u0107 pokarmem z rodze\u0144stwem.\" srcset=\"https:\/\/mto-kr.pl\/wp-content\/uploads\/2021\/01\/Zdjecie9-300x152.jpg 300w, https:\/\/mto-kr.pl\/wp-content\/uploads\/2021\/01\/Zdjecie9-768x388.jpg 768w, https:\/\/mto-kr.pl\/wp-content\/uploads\/2021\/01\/Zdjecie9-693x350.jpg 693w, https:\/\/mto-kr.pl\/wp-content\/uploads\/2021\/01\/Zdjecie9-150x76.jpg 150w, https:\/\/mto-kr.pl\/wp-content\/uploads\/2021\/01\/Zdjecie9.jpg 800w\" sizes=\"auto, (max-width: 300px) 100vw, 300px\" \/><\/a>\n\t\t\t<\/dt><\/dl><dl class='gallery-item'>\n\t\t\t<dt class='gallery-icon landscape'>\n\t\t\t\t<a href='https:\/\/mto-kr.pl\/wp-content\/uploads\/2021\/01\/Zdjecie10.jpg'><img loading=\"lazy\" decoding=\"async\" width=\"300\" height=\"169\" src=\"https:\/\/mto-kr.pl\/wp-content\/uploads\/2021\/01\/Zdjecie10-300x169.jpg\" class=\"attachment-medium size-medium\" alt=\"Trzytygodniowy m\u0142ody wychodzi ju\u017c na pr\u00f3g gniazda. Wygrzewaj\u0105c si\u0119 w porannym s\u0142o\u0144cu czeka na dostaw\u0119 \u015bniadania.\" srcset=\"https:\/\/mto-kr.pl\/wp-content\/uploads\/2021\/01\/Zdjecie10-300x169.jpg 300w, https:\/\/mto-kr.pl\/wp-content\/uploads\/2021\/01\/Zdjecie10-768x432.jpg 768w, https:\/\/mto-kr.pl\/wp-content\/uploads\/2021\/01\/Zdjecie10-1024x576.jpg 1024w, https:\/\/mto-kr.pl\/wp-content\/uploads\/2021\/01\/Zdjecie10-622x350.jpg 622w, https:\/\/mto-kr.pl\/wp-content\/uploads\/2021\/01\/Zdjecie10-150x84.jpg 150w, https:\/\/mto-kr.pl\/wp-content\/uploads\/2021\/01\/Zdjecie10.jpg 1280w\" sizes=\"auto, (max-width: 300px) 100vw, 300px\" \/><\/a>\n\t\t\t<\/dt><\/dl><br style=\"clear: both\" \/><dl class='gallery-item'>\n\t\t\t<dt class='gallery-icon landscape'>\n\t\t\t\t<a href='https:\/\/mto-kr.pl\/wp-content\/uploads\/2021\/01\/Zdjecie11.jpg'><img loading=\"lazy\" decoding=\"async\" width=\"300\" height=\"169\" src=\"https:\/\/mto-kr.pl\/wp-content\/uploads\/2021\/01\/Zdjecie11-300x169.jpg\" class=\"attachment-medium size-medium\" alt=\"Ostatnie chwile przed pierwszym lotem z gniazda (w \u015bwietle zapalonych lamp na kominie).\" srcset=\"https:\/\/mto-kr.pl\/wp-content\/uploads\/2021\/01\/Zdjecie11-300x169.jpg 300w, https:\/\/mto-kr.pl\/wp-content\/uploads\/2021\/01\/Zdjecie11-768x432.jpg 768w, https:\/\/mto-kr.pl\/wp-content\/uploads\/2021\/01\/Zdjecie11-1024x576.jpg 1024w, https:\/\/mto-kr.pl\/wp-content\/uploads\/2021\/01\/Zdjecie11-622x350.jpg 622w, https:\/\/mto-kr.pl\/wp-content\/uploads\/2021\/01\/Zdjecie11-150x84.jpg 150w, https:\/\/mto-kr.pl\/wp-content\/uploads\/2021\/01\/Zdjecie11.jpg 1280w\" sizes=\"auto, (max-width: 300px) 100vw, 300px\" \/><\/a>\n\t\t\t<\/dt><\/dl><dl class='gallery-item'>\n\t\t\t<dt class='gallery-icon landscape'>\n\t\t\t\t<a href='https:\/\/mto-kr.pl\/wp-content\/uploads\/2021\/01\/Zdjecie12.jpg'><img loading=\"lazy\" decoding=\"async\" width=\"300\" height=\"169\" src=\"https:\/\/mto-kr.pl\/wp-content\/uploads\/2021\/01\/Zdjecie12-300x169.jpg\" class=\"attachment-medium size-medium\" alt=\"M\u0142ody potrafi broni\u0107 swojego gniazda przed intruzami. Czy wr\u00f3ci tutaj w przysz\u0142ym roku? Czy jego rodzice? A mo\u017ce jeszcze kto\u015b inny zajmie gniazdo na skawi\u0144skim kominie. Czekamy na soko\u0142y w\u0119drowne!\" srcset=\"https:\/\/mto-kr.pl\/wp-content\/uploads\/2021\/01\/Zdjecie12-300x169.jpg 300w, https:\/\/mto-kr.pl\/wp-content\/uploads\/2021\/01\/Zdjecie12-768x432.jpg 768w, https:\/\/mto-kr.pl\/wp-content\/uploads\/2021\/01\/Zdjecie12-1024x576.jpg 1024w, https:\/\/mto-kr.pl\/wp-content\/uploads\/2021\/01\/Zdjecie12-622x350.jpg 622w, https:\/\/mto-kr.pl\/wp-content\/uploads\/2021\/01\/Zdjecie12-150x84.jpg 150w, https:\/\/mto-kr.pl\/wp-content\/uploads\/2021\/01\/Zdjecie12.jpg 1280w\" sizes=\"auto, (max-width: 300px) 100vw, 300px\" \/><\/a>\n\t\t\t<\/dt><\/dl><br style=\"clear: both\" \/>\n\t\t<\/div>\n\n<p style=\"text-align: right;\"><em>Opracowa\u0142a Urszula Srzednicka FalcoFanka<\/em><\/p>\n<p>&nbsp;<\/p>\n<p>&nbsp;<\/p>","protected":false},"excerpt":{"rendered":"<p>W Skawinie na kominie elektrociep\u0142owni CEZ zamocowano 16 pa\u017adziernika 2019 specjaln\u0105 budk\u0119 mog\u0105c\u0105 s\u0142u\u017cy\u0107 jako miejsce gniazdowania dla soko\u0142\u00f3w w\u0119drownych. Inicjatorem i koordynatorem by\u0142 Krzysztof Haja z Ma\u0142opolskiego Towarzystwa Ornitologicznego. Przedsi\u0119wzi\u0119cie zrealizowano z pomoc\u0105 fachow\u0105 Stowarzyszenia \u201eSok\u00f3\u0142\u201d oraz wsparciem finansowym firmy TADMAR i CEZ Skawina S.A. Budk\u0119 zasiedli\u0142y: Pustu\u0142ki (Falco tinnunculus) &#8211; para nr 1 od marca do 2 czerwca 2020 &#8211; samiec i samica bez obr\u0105czek, pochodzenie nieznane. Pustu\u0142ki (Falco tinnunculus) &#8211; para nr 2 od 2 czerwca do ko\u0144ca sezonu l\u0119gowego &#8211; samiec i samica, bez obr\u0105czek, pochodzenie nieznane. Dno budki wy\u0142o\u017cono grubym \u017cwirem. Pierwszymi ptasimi go\u015b\u0107mi by\u0142y\u2026 <a class=\"continue-reading-link\" href=\"https:\/\/mto-kr.pl\/en\/2021\/01\/24\/gniazdo-na-kominie-cez-skawina-podsumowanie-sezonu-2020\/\">Czytaj dalej&#8230;<\/a><\/p>","protected":false},"author":2,"featured_media":1488,"comment_status":"closed","ping_status":"open","sticky":false,"template":"","format":"standard","meta":{"_monsterinsights_skip_tracking":false,"footnotes":""},"categories":[4],"tags":[],"class_list":["post-1483","post","type-post","status-publish","format-standard","has-post-thumbnail","hentry","category-aktualnosci"],"_links":{"self":[{"href":"https:\/\/mto-kr.pl\/en\/wp-json\/wp\/v2\/posts\/1483","targetHints":{"allow":["GET"]}}],"collection":[{"href":"https:\/\/mto-kr.pl\/en\/wp-json\/wp\/v2\/posts"}],"about":[{"href":"https:\/\/mto-kr.pl\/en\/wp-json\/wp\/v2\/types\/post"}],"author":[{"embeddable":true,"href":"https:\/\/mto-kr.pl\/en\/wp-json\/wp\/v2\/users\/2"}],"replies":[{"embeddable":true,"href":"https:\/\/mto-kr.pl\/en\/wp-json\/wp\/v2\/comments?post=1483"}],"version-history":[{"count":5,"href":"https:\/\/mto-kr.pl\/en\/wp-json\/wp\/v2\/posts\/1483\/revisions"}],"predecessor-version":[{"id":1496,"href":"https:\/\/mto-kr.pl\/en\/wp-json\/wp\/v2\/posts\/1483\/revisions\/1496"}],"wp:featuredmedia":[{"embeddable":true,"href":"https:\/\/mto-kr.pl\/en\/wp-json\/wp\/v2\/media\/1488"}],"wp:attachment":[{"href":"https:\/\/mto-kr.pl\/en\/wp-json\/wp\/v2\/media?parent=1483"}],"wp:term":[{"taxonomy":"category","embeddable":true,"href":"https:\/\/mto-kr.pl\/en\/wp-json\/wp\/v2\/categories?post=1483"},{"taxonomy":"post_tag","embeddable":true,"href":"https:\/\/mto-kr.pl\/en\/wp-json\/wp\/v2\/tags?post=1483"}],"curies":[{"name":"wp","href":"https:\/\/api.w.org\/{rel}","templated":true}]}}