{"id":1508,"date":"2021-03-01T21:18:13","date_gmt":"2021-03-01T20:18:13","guid":{"rendered":"https:\/\/mto-kr.pl\/?p=1508"},"modified":"2021-03-22T22:02:05","modified_gmt":"2021-03-22T21:02:05","slug":"raporty-z-dzialalnosci-kartoteki-rzadkich-ptakow","status":"publish","type":"post","link":"https:\/\/mto-kr.pl\/en\/2021\/03\/01\/raporty-z-dzialalnosci-kartoteki-rzadkich-ptakow\/","title":{"rendered":"Rzadkie gatunki ptak\u00f3w w Regionie"},"content":{"rendered":"<div id=\"attachment_1511\" style=\"width: 310px\" class=\"wp-caption alignleft\"><a href=\"https:\/\/mto-kr.pl\/wp-content\/uploads\/2021\/03\/\u0141ab\u0119d\u017a-krzykliwy-Cygnus-cygnus-55m.jpg\"><img loading=\"lazy\" decoding=\"async\" aria-describedby=\"caption-attachment-1511\" class=\"wp-image-1511 size-medium\" src=\"https:\/\/mto-kr.pl\/wp-content\/uploads\/2021\/03\/\u0141ab\u0119d\u017a-krzykliwy-Cygnus-cygnus-55m-300x200.jpg\" alt=\"\u0141ab\u0119d\u017a krzykliwy &lt;em&gt;Cygnus cygnus&lt;\/em&gt; jest jednym z gatunk\u00f3w uwzgl\u0119dnionych w Kartotece Rzadkich Ptak\u00f3w. L\u0119gi odbywa r\u00f3wnie\u017c w Ma\u0142opolsce.&lt;br \/&gt; (Fot. J. Wyka)\" width=\"300\" height=\"200\" srcset=\"https:\/\/mto-kr.pl\/wp-content\/uploads\/2021\/03\/\u0141ab\u0119d\u017a-krzykliwy-Cygnus-cygnus-55m-300x200.jpg 300w, https:\/\/mto-kr.pl\/wp-content\/uploads\/2021\/03\/\u0141ab\u0119d\u017a-krzykliwy-Cygnus-cygnus-55m-768x512.jpg 768w, https:\/\/mto-kr.pl\/wp-content\/uploads\/2021\/03\/\u0141ab\u0119d\u017a-krzykliwy-Cygnus-cygnus-55m-525x350.jpg 525w, https:\/\/mto-kr.pl\/wp-content\/uploads\/2021\/03\/\u0141ab\u0119d\u017a-krzykliwy-Cygnus-cygnus-55m-150x100.jpg 150w, https:\/\/mto-kr.pl\/wp-content\/uploads\/2021\/03\/\u0141ab\u0119d\u017a-krzykliwy-Cygnus-cygnus-55m-356x237.jpg 356w, https:\/\/mto-kr.pl\/wp-content\/uploads\/2021\/03\/\u0141ab\u0119d\u017a-krzykliwy-Cygnus-cygnus-55m.jpg 800w\" sizes=\"auto, (max-width: 300px) 100vw, 300px\" \/><\/a><p id=\"caption-attachment-1511\" class=\"wp-caption-text\">\u0141ab\u0119d\u017a krzykliwy <em>Cygnus cygnus<\/em> jest jednym z gatunk\u00f3w uwzgl\u0119dnionych w Kartotece Rzadkich Ptak\u00f3w. L\u0119gi odbywa r\u00f3wnie\u017c w Ma\u0142opolsce.<br \/> (Fot. J. Wyka)<\/p><\/div>\n<p style=\"text-align: justify;\"><strong>Co roku prezentujemy na zjazdach MTO informacje o stwierdzeniach rzadkich gatunk\u00f3w ptak\u00f3w weryfikowanych przez Komisj\u0119 Faunistyczn\u0105 oraz stwierdzenia rzadszych gatunk\u00f3w nie podlegaj\u0105ce weryfikacji przez Komisj\u0119 Faunistyczn\u0105.\u00a0\u00a0<\/strong><\/p>\n<p style=\"text-align: justify;\">Apelujemy o wpisywanie wszelkich obserwacji ptak\u00f3w w tym gatunk\u00f3w rzadszych do naszej <a href=\"https:\/\/www.iop.krakow.pl\/dbPtak\/\">bazy obserwacji (kliknij)<\/a>.<\/p>\n<p style=\"text-align: justify;\">Obserwacje rzadszych gatunk\u00f3w opracowuje i przedstawia na zjazdach Stanis\u0142aw Czy\u017c. Od ubieg\u0142ego roku obserwacje rzadszych gatunk\u00f3w nie podlegaj\u0105ce weryfikacji Komisji Faunistycznej s\u0105 tak\u017ce opracowywane i publikowane dla ca\u0142ego kraju w ramach Kartoteki Rzadkich Ptak\u00f3w (KRP) dzia\u0142aj\u0105cej przy Muzeum i Instytucie Zoologii PAN. Dane z naszego Regionu przygotowuje Stanis\u0142aw Czy\u017c. Obecnie jest ju\u017c opublikowany raport za roku 2018 &#8211; gatunki l\u0119gowe i nielegowe zawieraj\u0105cy informacje o rzadszych gatunkach zamieszczone w Bazie obserwacji MTO.\u00a0 Zach\u0119camy do lektury.<\/p>\n<ul>\n<li><strong><a href=\"https:\/\/mto-kr.pl\/wp-content\/uploads\/2021\/03\/Rzadosci_legowe_2018_OP-61-4-KRP.pdf\">Kartoteka Rzadkich Ptak\u00f3w w Polsce w roku 2018 \u2013 gatunki l\u0119gowe<\/a><\/strong><\/li>\n<li><strong><a href=\"https:\/\/mto-kr.pl\/wp-content\/uploads\/2021\/03\/Rzadkosci_nielegowe_2018_OP-61-3-KRP.pdf\">Kartoteka Rzadkich Ptak\u00f3w w Polsce w roku 2018 \u2013 gatunki niel\u0119gowe<\/a><\/strong><\/li>\n<\/ul>\n<p style=\"text-align: justify;\"><strong>Co to w\u0142a\u015bciwie jest Kartoteka Rzadkich Ptak\u00f3w (KRP)? <\/strong>Dzia\u0142aj\u0105ca przy Muzeum i Instytucie Zoologii PAN kartoteka powsta\u0142a w celu gromadzenia danych i aktualizacji statusu gatunk\u00f3w ptak\u00f3w o ograniczonym zasi\u0119gu lub niskiej liczebno\u015bci w skali ca\u0142ego kraju (Komisja Faunistyczna &amp; Kartoteka Rzadkich Ptak\u00f3w 2018).<\/p>\n<p style=\"text-align: justify;\">Cele dzia\u0142ania KRP s\u0105 nast\u0119puj\u0105ce:<\/p>\n<ol style=\"text-align: justify;\">\n<li>Gromadzenie i weryfikacja stwierdze\u0144 gatunk\u00f3w ptak\u00f3w rozproszonych w r\u00f3\u017cnych \u017ar\u00f3d\u0142ach (np. w bazach regionalnych, ornitho.pl, u obserwator\u00f3w ptak\u00f3w, w publikacjach i raportach), w celu uzyskania jak najbardziej kompletnego obrazu wyst\u0119powania, w tym liczebno\u015bci i rozmieszczenia, rzadkich, ale niepodlegaj\u0105cych weryfikacji KF gatunk\u00f3w w Polsce<\/li>\n<li>Publikowanie raport\u00f3w rocznych w Ornis Polonica<\/li>\n<li>Uzupe\u0142nianie wiedzy o zasobach przyrodniczych kraju, w tym o rzadkich gatunkach l\u0119gowych, w celu m.in. przygotowania wskaza\u0144 do ich ochrony i podejmowania dzia\u0142a\u0144 ochronnych<\/li>\n<li>Wykorzystanie zweryfikowanych danych w publikacjach, np. monografiach regionalnych, a w d\u0142u\u017cszej perspektywie czasu przygotowanie opracowa\u0144 dotycz\u0105cych wyst\u0119powania gatunk\u00f3w obj\u0119tych KRP w skali ca\u0142ego kraju.<\/li>\n<\/ol>\n<p style=\"text-align: left;\">Literatura:<\/p>\n<p style=\"text-align: justify;\">Chodkiewicz T., \u0141awicki \u0141., Wylega\u0142a P., Beuch S., Aftyka S., Czechowski P., Czy\u017c S., D\u0119bowski P., Dylik A., Grygoruk G., Jankowski K., Kajzer Z., Matyjasiak \u0141., Smyk B., W\u0119\u017cyk M., Sikora A. 2020. Kartoteka Rzadkich Ptak\u00f3w w Polsce w roku 2018 \u2013 gatunki niel\u0119gowe. Ornis Pol. 61: 153\u2013193.<\/p>\n<p style=\"text-align: justify;\">Komisja Faunistyczna &amp; Kartoteka Rzadkich Ptak\u00f3w 2018. Komunikat o powo\u0142aniu Kartoteki Rzadkich Ptak\u00f3w w Polsce. Ornis Pol. 59: 297\u2013299.<\/p>\n<p style=\"text-align: right;\">JW<\/p>","protected":false},"excerpt":{"rendered":"<p>Co roku prezentujemy na zjazdach MTO informacje o stwierdzeniach rzadkich gatunk\u00f3w ptak\u00f3w weryfikowanych przez Komisj\u0119 Faunistyczn\u0105 oraz stwierdzenia rzadszych gatunk\u00f3w nie podlegaj\u0105ce weryfikacji przez Komisj\u0119 Faunistyczn\u0105.\u00a0\u00a0 Apelujemy o wpisywanie wszelkich obserwacji ptak\u00f3w w tym gatunk\u00f3w rzadszych do naszej bazy obserwacji (kliknij). Obserwacje rzadszych gatunk\u00f3w opracowuje i przedstawia na zjazdach Stanis\u0142aw Czy\u017c. Od ubieg\u0142ego roku obserwacje rzadszych gatunk\u00f3w nie podlegaj\u0105ce weryfikacji Komisji Faunistycznej s\u0105 tak\u017ce opracowywane i publikowane dla ca\u0142ego kraju w ramach Kartoteki Rzadkich Ptak\u00f3w (KRP) dzia\u0142aj\u0105cej przy Muzeum i Instytucie Zoologii PAN. Dane z naszego Regionu przygotowuje Stanis\u0142aw Czy\u017c. Obecnie jest ju\u017c opublikowany raport za roku 2018 &#8211; gatunki\u2026 <a class=\"continue-reading-link\" href=\"https:\/\/mto-kr.pl\/en\/2021\/03\/01\/raporty-z-dzialalnosci-kartoteki-rzadkich-ptakow\/\">Czytaj dalej&#8230;<\/a><\/p>","protected":false},"author":2,"featured_media":1511,"comment_status":"closed","ping_status":"open","sticky":false,"template":"","format":"standard","meta":{"_monsterinsights_skip_tracking":false,"footnotes":""},"categories":[4],"tags":[],"class_list":["post-1508","post","type-post","status-publish","format-standard","has-post-thumbnail","hentry","category-aktualnosci"],"_links":{"self":[{"href":"https:\/\/mto-kr.pl\/en\/wp-json\/wp\/v2\/posts\/1508","targetHints":{"allow":["GET"]}}],"collection":[{"href":"https:\/\/mto-kr.pl\/en\/wp-json\/wp\/v2\/posts"}],"about":[{"href":"https:\/\/mto-kr.pl\/en\/wp-json\/wp\/v2\/types\/post"}],"author":[{"embeddable":true,"href":"https:\/\/mto-kr.pl\/en\/wp-json\/wp\/v2\/users\/2"}],"replies":[{"embeddable":true,"href":"https:\/\/mto-kr.pl\/en\/wp-json\/wp\/v2\/comments?post=1508"}],"version-history":[{"count":8,"href":"https:\/\/mto-kr.pl\/en\/wp-json\/wp\/v2\/posts\/1508\/revisions"}],"predecessor-version":[{"id":1519,"href":"https:\/\/mto-kr.pl\/en\/wp-json\/wp\/v2\/posts\/1508\/revisions\/1519"}],"wp:featuredmedia":[{"embeddable":true,"href":"https:\/\/mto-kr.pl\/en\/wp-json\/wp\/v2\/media\/1511"}],"wp:attachment":[{"href":"https:\/\/mto-kr.pl\/en\/wp-json\/wp\/v2\/media?parent=1508"}],"wp:term":[{"taxonomy":"category","embeddable":true,"href":"https:\/\/mto-kr.pl\/en\/wp-json\/wp\/v2\/categories?post=1508"},{"taxonomy":"post_tag","embeddable":true,"href":"https:\/\/mto-kr.pl\/en\/wp-json\/wp\/v2\/tags?post=1508"}],"curies":[{"name":"wp","href":"https:\/\/api.w.org\/{rel}","templated":true}]}}