{"id":1521,"date":"2021-04-06T08:45:38","date_gmt":"2021-04-06T06:45:38","guid":{"rendered":"https:\/\/mto-kr.pl\/?p=1521"},"modified":"2021-04-06T22:50:28","modified_gmt":"2021-04-06T20:50:28","slug":"zapraszamy-na-52-zjazd-ornitologow-polski-poludniowo-wschodniej","status":"publish","type":"post","link":"https:\/\/mto-kr.pl\/en\/2021\/04\/06\/zapraszamy-na-52-zjazd-ornitologow-polski-poludniowo-wschodniej\/","title":{"rendered":"Zapraszamy na 52. Zjazd Ornitolog\u00f3w Polski Po\u0142udniowo-Wschodniej"},"content":{"rendered":"<p style=\"text-align: justify;\"><strong><img loading=\"lazy\" decoding=\"async\" class=\"alignleft size-medium wp-image-1523\" src=\"https:\/\/mto-kr.pl\/wp-content\/uploads\/2021\/04\/zjazd-300x187.jpg\" alt=\"\" width=\"300\" height=\"187\" srcset=\"https:\/\/mto-kr.pl\/wp-content\/uploads\/2021\/04\/zjazd-300x187.jpg 300w, https:\/\/mto-kr.pl\/wp-content\/uploads\/2021\/04\/zjazd-150x94.jpg 150w, https:\/\/mto-kr.pl\/wp-content\/uploads\/2021\/04\/zjazd.jpg 394w\" sizes=\"auto, (max-width: 300px) 100vw, 300px\" \/>W zwi\u0105zku z trwaj\u0105c\u0105 od ponad roku sytuacj\u0105 epidemiologiczn\u0105 nie jest mo\u017cliwe zorganizowanie Zjazdu Ornitolog\u00f3w Polski Po\u0142udniowo-Wschodniej w tradycyjnej formie. Wychodz\u0105c jednak na przeciw oczekiwaniom wszystkich mi\u0142o\u015bnik\u00f3w ptak\u00f3w, Ma\u0142opolskie Towarzystwo Ornitologiczne zaprasza na wydarzenie w formie on-line. Spotkanie ornitolog\u00f3w odb\u0119dzie si\u0119 w trzy kolejne czwartki kwietnia tj. 8, 15 i 22 kwietnia.<\/strong><\/p>\n<p style=\"text-align: justify;\">W programie Zjazdu znalaz\u0142y si\u0119 m.in. podsumowania prac terenowych nad tworzonym atlasem ptak\u00f3w, prezentacja dotycz\u0105ca rzadkich ptak\u00f3w spotykanych w regionie, dyskusja nad najnowsz\u0105 czerwon\u0105 list\u0105 ptak\u00f3w, czy wyk\u0142ady dotycz\u0105ce rozpoznawania rodzimej awifauny, a tak\u017ce wspomnienia z przyrodniczych wycieczek. Zapraszamy do zapoznania si\u0119 z <a href=\"https:\/\/mto-kr.pl\/en\/2021\/04\/06\/program-52-zjazdu-mto\/\">programem<\/a> i licznego uczestnictwa w spotkaniu.<\/p>\n<ul>\n<li><strong><a href=\"https:\/\/mto-kr.pl\/en\/2021\/04\/06\/program-52-zjazdu-mto\/\">Program Zjazdu &#8211; kliknij i zobacz!<\/a><\/strong><\/li>\n<\/ul>\n<p style=\"text-align: justify;\">Zjazd b\u0119dzie odbywa\u0142 si\u0119 z pomoc\u0105 aplikacji internetowej Microsoft Teams w trzy kolejne czwartki w godzinach 18:00-20:00.\u00a0Wszystkich zainteresowanych prosimy o po\u0142\u0105czenie si\u0119 na oko\u0142o 15 min. przed rozpocz\u0119ciem spotkania. Po\u0142\u0105czenie dokonujemy w przegl\u0105darce Edge lub Chrome poprzez wklejenie poni\u017cszego adresu:<\/p>\n<p><strong><a href=\"https:\/\/tiny.pl\/r2xt7\" target=\"_blank\" rel=\"noopener noreferrer\" data-saferedirecturl=\"https:\/\/www.google.com\/url?q=https:\/\/tiny.pl\/r2xt7&amp;source=gmail&amp;ust=1617777148016000&amp;usg=AFQjCNF5_dmoBWPGGtIJUtyuvfd-7H6vQg\">https:\/\/tiny.pl\/r2xt7<\/a><\/strong><\/p>\n<p style=\"text-align: justify;\">Po\u00a0uruchomieniu\u00a0powy\u017cszego\u00a0<wbr \/>adresu\u00a0pojawi\u0105\u00a0si\u0119\u00a0trzy\u00a0opcje:<\/p>\n<ul style=\"text-align: justify;\">\n<li>Wybieramy &#8222;Kontynuuj w tej przegl\u0105darce&#8221;, co pozwala od razu po\u0142\u0105czy\u0107 si\u0119 ze zjazdem, nie jest konieczne rejestrowanie si\u0119 w aplikacji Teams.<\/li>\n<li>Wybranie pierwszej opcji &#8222;Pobierz aplikacj\u0119 systemu Windows&#8221; przekieruje nas do rejestrowania si\u0119 w aplikacji Teams i po zarejestrowaniu si\u0119 w aplikacji Teams, nale\u017cy ponownie wpisa\u0107 adres: \u00a0<a href=\"https:\/\/tiny.pl\/r2xt7\" target=\"_blank\" rel=\"noopener noreferrer\" data-saferedirecturl=\"https:\/\/www.google.com\/url?q=https:\/\/tiny.pl\/r2xt7&amp;source=gmail&amp;ust=1617777148016000&amp;usg=AFQjCNF5_dmoBWPGGtIJUtyuvfd-7H6vQg\">https:\/\/tiny.pl\/r2xt7<\/a><\/li>\n<li>Wybranie trzeciej opcji &#8222;Otw\u00f3rz aplikacj\u0119 Teams&#8221; jest mo\u017cliwe jedynie gdy kto\u015b jest ju\u017c zarejestrowany w aplikacji Teams i od razu prowadzi do po\u0142\u0105czenia.<\/li>\n<\/ul>\n<p style=\"text-align: justify;\">Uczestnicy\u00a0zjazdu\u00a0b\u0119d\u0105\u00a0mieli\u00a0<wbr \/>mo\u017cliwo\u015b\u0107\u00a0dyskusji,\u00a0zadawania\u00a0<wbr \/>pyta\u0144.<\/p>\n<p style=\"text-align: justify;\">Przypominamy\u00a0o\u00a0zasadach:<\/p>\n<ol style=\"text-align: justify;\">\n<li>Je\u015bli chcemy zabra\u0107 g\u0142os klikamy na ikonk\u0119 &#8222;\u0142apki&#8221; &#8211; wtedy kieruj\u0105cy dyskusj\u0105 widzi, \u017ce dana osoba chce zabra\u0107 g\u0142os.<\/li>\n<li>Ikonk\u0119 mikrofonu na swoim komputerze klikamy wy\u0142\u0105cznie, gdy chcemy zabra\u0107 g\u0142os, standardowo ikonka ta powinna by\u0107 przekre\u015blona.<\/li>\n<li>Telefony\u00a0kom\u00f3rkowe\u00a0<wbr \/>przestawiamy\u00a0na\u00a0wyciszenie\u00a0<wbr \/>lub\u00a0wibracj\u0119<\/li>\n<li>Je\u015bli zabieramy g\u0142os starajmy si\u0119 sprawi\u0107, by nie by\u0142o s\u0142ycha\u0107 innych domownik\u00f3w, szczekaj\u0105cych ps\u00f3w, g\u0142o\u015bnej muzyki lub dzia\u0142aj\u0105cego telewizora, radia, odkurzacza czy innych urz\u0105dze\u0144.<\/li>\n<\/ol>\n<ul>\n<li><strong><a href=\"https:\/\/mto-kr.pl\/en\/2021\/04\/06\/program-52-zjazdu-mto\/\">Program Zjazdu &#8211; kliknij i zobacz!<\/a><\/strong><\/li>\n<\/ul>\n<p style=\"text-align: right;\">MTO<\/p>","protected":false},"excerpt":{"rendered":"<p>W zwi\u0105zku z trwaj\u0105c\u0105 od ponad roku sytuacj\u0105 epidemiologiczn\u0105 nie jest mo\u017cliwe zorganizowanie Zjazdu Ornitolog\u00f3w Polski Po\u0142udniowo-Wschodniej w tradycyjnej formie. Wychodz\u0105c jednak na przeciw oczekiwaniom wszystkich mi\u0142o\u015bnik\u00f3w ptak\u00f3w, Ma\u0142opolskie Towarzystwo Ornitologiczne zaprasza na wydarzenie w formie on-line. Spotkanie ornitolog\u00f3w odb\u0119dzie si\u0119 w trzy kolejne czwartki kwietnia tj. 8, 15 i 22 kwietnia. W programie Zjazdu znalaz\u0142y si\u0119 m.in. podsumowania prac terenowych nad tworzonym atlasem ptak\u00f3w, prezentacja dotycz\u0105ca rzadkich ptak\u00f3w spotykanych w regionie, dyskusja nad najnowsz\u0105 czerwon\u0105 list\u0105 ptak\u00f3w, czy wyk\u0142ady dotycz\u0105ce rozpoznawania rodzimej awifauny, a tak\u017ce wspomnienia z przyrodniczych wycieczek. Zapraszamy do zapoznania si\u0119 z programem i licznego uczestnictwa w\u2026 <a class=\"continue-reading-link\" href=\"https:\/\/mto-kr.pl\/en\/2021\/04\/06\/zapraszamy-na-52-zjazd-ornitologow-polski-poludniowo-wschodniej\/\">Czytaj dalej&#8230;<\/a><\/p>","protected":false},"author":2,"featured_media":1523,"comment_status":"closed","ping_status":"open","sticky":false,"template":"","format":"standard","meta":{"_monsterinsights_skip_tracking":false,"footnotes":""},"categories":[4],"tags":[],"class_list":["post-1521","post","type-post","status-publish","format-standard","has-post-thumbnail","hentry","category-aktualnosci"],"_links":{"self":[{"href":"https:\/\/mto-kr.pl\/en\/wp-json\/wp\/v2\/posts\/1521","targetHints":{"allow":["GET"]}}],"collection":[{"href":"https:\/\/mto-kr.pl\/en\/wp-json\/wp\/v2\/posts"}],"about":[{"href":"https:\/\/mto-kr.pl\/en\/wp-json\/wp\/v2\/types\/post"}],"author":[{"embeddable":true,"href":"https:\/\/mto-kr.pl\/en\/wp-json\/wp\/v2\/users\/2"}],"replies":[{"embeddable":true,"href":"https:\/\/mto-kr.pl\/en\/wp-json\/wp\/v2\/comments?post=1521"}],"version-history":[{"count":6,"href":"https:\/\/mto-kr.pl\/en\/wp-json\/wp\/v2\/posts\/1521\/revisions"}],"predecessor-version":[{"id":1532,"href":"https:\/\/mto-kr.pl\/en\/wp-json\/wp\/v2\/posts\/1521\/revisions\/1532"}],"wp:featuredmedia":[{"embeddable":true,"href":"https:\/\/mto-kr.pl\/en\/wp-json\/wp\/v2\/media\/1523"}],"wp:attachment":[{"href":"https:\/\/mto-kr.pl\/en\/wp-json\/wp\/v2\/media?parent=1521"}],"wp:term":[{"taxonomy":"category","embeddable":true,"href":"https:\/\/mto-kr.pl\/en\/wp-json\/wp\/v2\/categories?post=1521"},{"taxonomy":"post_tag","embeddable":true,"href":"https:\/\/mto-kr.pl\/en\/wp-json\/wp\/v2\/tags?post=1521"}],"curies":[{"name":"wp","href":"https:\/\/api.w.org\/{rel}","templated":true}]}}