{"id":1527,"date":"2021-04-06T22:44:39","date_gmt":"2021-04-06T20:44:39","guid":{"rendered":"https:\/\/mto-kr.pl\/?p=1527"},"modified":"2021-04-06T22:45:03","modified_gmt":"2021-04-06T20:45:03","slug":"program-52-zjazdu-mto","status":"publish","type":"post","link":"https:\/\/mto-kr.pl\/en\/2021\/04\/06\/program-52-zjazdu-mto\/","title":{"rendered":"Program 52. Zjazdu MTO"},"content":{"rendered":"<p style=\"text-align: justify;\"><strong>Prezentujemy program 52. Zjazdu Ornitolog\u00f3w Polski Po\u0142udniowo-Wschodniej. Ze wzgl\u0119du na sytuacj\u0119 epidemiologiczn\u0105, tegoroczne wydarzenie b\u0119dzie si\u0119 odbywa\u0107 on-line przez trzy kolejne czwartki kwietnia (8, 15, 22.04) w godzinach 18:00-20:00. <a href=\"https:\/\/mto-kr.pl\/en\/2021\/04\/06\/zapraszamy-na-52-zjazd-ornitologow-polski-poludniowo-wschodniej\/\">Wi\u0119cej informacji (kliknij).<\/a><\/strong><\/p>\n<p style=\"text-align: justify;\">Zjazd b\u0119dzie odbywa\u0142 si\u0119 z pomoc\u0105 aplikacji internetowej Microsoft Teams w trzy kolejne czwartki kwietnia od godz. 18:00 do 20:00. Szczeg\u00f3\u0142y po\u0142\u0105czenia podano <a href=\"https:\/\/mto-kr.pl\/en\/2021\/04\/06\/zapraszamy-na-52-zjazd-ornitologow-polski-poludniowo-wschodniej\/\">w osobnym po\u015bcie (kliknij)<\/a>. Ka\u017cdy mo\u017ce spr\u00f3bowa\u0107 ju\u017c teraz czy uzyska po\u0142\u0105czenie poprzez platform\u0119 MS Teams.<\/p>\n<p>&nbsp;<\/p>\n<p style=\"text-align: center;\"><strong>PROGRAM 52. ZJAZDU ORNITOLOG\u00d3W POLSKI PO\u0141UDNIOWO-WSCHODNIEJ<br \/>\nKrak\u00f3w, 08, 15, 22.04.2021 r.<\/strong><\/p>\n<p style=\"text-align: center;\"><strong>08 kwietnia 2021 r. (czwartek)<\/strong><\/p>\n<p style=\"text-align: center;\">18.00 &#8211; 18.05\u00a0 \u00a0Otwarcie Zjazdu<br \/>\n18.05 &#8211; 18.35\u00a0 \u00a0Mgr Wies\u0142aw Kr\u00f3l (MTO) &#8211; Monografia regionu &#8211; 7 lat prac terenowych &#8211; rezultaty i plany opracowania<br \/>\n18.35 &#8211; 18.50\u00a0 \u00a0Dr Kazimierz Walasz (MTO) &#8211; Sprawozdanie z prac MTO za 2020 r.<br \/>\n18.50 &#8211; 19.20\u00a0 \u00a0Mgr in\u017c. Adam Zbyryt (Polskie Towarzystwo Ochrony Ptak\u00f3w i Wydzia\u0142 Biologii Uniwersytetu\u00a0w Bia\u0142ymstoku) &#8211; Barwne aberracje u<br \/>\nptak\u00f3w<br \/>\n19.20 &#8211; 20.00\u00a0 Mgr Katarzyna Mikici\u0144ska (MTO) &#8211; Corvo &#8211; wyspa burzyk\u00f3w, wyspa odkrywc\u00f3w<\/p>\n<p style=\"text-align: center;\"><strong>15 kwietnia 2021 r. (czwartek)<\/strong><\/p>\n<p style=\"text-align: center;\">18.00 &#8211; 18.35\u00a0 \u00a0Stanis\u0142aw Czy\u017c (MTO) &#8211; Rzadkie gatunki ptak\u00f3w obserwowane w 2020 roku na terenie Polski pd. wsch.<br \/>\n18.35 &#8211; 18.50\u00a0 \u00a0Wr\u0119czenie Pomurnik\u00f3w<br \/>\n18.50 &#8211; 19.20\u00a0 \u00a0Marcin Faber (INTERREX-RINGS) &#8211; Mewa syberyjska Larus fuscus heuglini\u00a0 w Polsce i jej rozpoznawanie<br \/>\n19.20 &#8211; 20.00\u00a0 \u00a0Dr Jacek Betleja (Dzia\u0142 Przyrody, Muzeum G\u00f3rno\u015bl\u0105skie w Bytomiu) &#8211; Peru &#8211; ptasie eldorado<\/p>\n<p style=\"text-align: center;\"><strong>22 kwietnia 2021 r. (czwartek)<\/strong><\/p>\n<p style=\"text-align: center;\">18.00 &#8211; 18.40\u00a0 \u00a0Dr Tomasz Wilk (MTO) &#8211; Awifauna regionu w \u015bwietle wynik\u00f3w Czerwonej listy ptak\u00f3w Polski &#8211; za kt\u00f3re gatunki jeste\u015bmy szczeg\u00f3lnie odpowiedzialni?<br \/>\n18.40 &#8211; 19.20\u00a0 \u00a0In\u017c. Wojciech Guzik (Podkarpacka Grupa OTOP) &#8211; Jak dobrze znamy nasze ptaki? Por\u00f3wnanie pospolitych gatunk\u00f3w sprawiaj\u0105cych trudno\u015bci identyfikacyjne<br \/>\n19.20 &#8211; 20.00\u00a0 \u00a0Marcin Faber (INTERREX-RINGS) &#8211; Wra\u017cenia ornitologiczne z Omanu<\/p>\n<p style=\"text-align: left;\">Wszystkich serdecznie zapraszamy na Zjazd i prosimy o poinformowanie innych zainteresowanych!<\/p>\n<p style=\"text-align: right;\">Prezes MTO<br \/>\ndr Kazimierz Walasz<\/p>\n<p>&nbsp;<\/p>","protected":false},"excerpt":{"rendered":"<p>Prezentujemy program 52. Zjazdu Ornitolog\u00f3w Polski Po\u0142udniowo-Wschodniej. Ze wzgl\u0119du na sytuacj\u0119 epidemiologiczn\u0105, tegoroczne wydarzenie b\u0119dzie si\u0119 odbywa\u0107 on-line przez trzy kolejne czwartki kwietnia (8, 15, 22.04) w godzinach 18:00-20:00. Wi\u0119cej informacji (kliknij). Zjazd b\u0119dzie odbywa\u0142 si\u0119 z pomoc\u0105 aplikacji internetowej Microsoft Teams w trzy kolejne czwartki kwietnia od godz. 18:00 do 20:00. Szczeg\u00f3\u0142y po\u0142\u0105czenia podano w osobnym po\u015bcie (kliknij). Ka\u017cdy mo\u017ce spr\u00f3bowa\u0107 ju\u017c teraz czy uzyska po\u0142\u0105czenie poprzez platform\u0119 MS Teams. &nbsp; PROGRAM 52. ZJAZDU ORNITOLOG\u00d3W POLSKI PO\u0141UDNIOWO-WSCHODNIEJ Krak\u00f3w, 08, 15, 22.04.2021 r. 08 kwietnia 2021 r. (czwartek) 18.00 &#8211; 18.05\u00a0 \u00a0Otwarcie Zjazdu 18.05 &#8211; 18.35\u00a0 \u00a0Mgr Wies\u0142aw Kr\u00f3l (MTO)\u2026 <a class=\"continue-reading-link\" href=\"https:\/\/mto-kr.pl\/en\/2021\/04\/06\/program-52-zjazdu-mto\/\">Czytaj dalej&#8230;<\/a><\/p>","protected":false},"author":2,"featured_media":1523,"comment_status":"closed","ping_status":"open","sticky":false,"template":"","format":"standard","meta":{"_monsterinsights_skip_tracking":false,"footnotes":""},"categories":[4],"tags":[],"class_list":["post-1527","post","type-post","status-publish","format-standard","has-post-thumbnail","hentry","category-aktualnosci"],"_links":{"self":[{"href":"https:\/\/mto-kr.pl\/en\/wp-json\/wp\/v2\/posts\/1527","targetHints":{"allow":["GET"]}}],"collection":[{"href":"https:\/\/mto-kr.pl\/en\/wp-json\/wp\/v2\/posts"}],"about":[{"href":"https:\/\/mto-kr.pl\/en\/wp-json\/wp\/v2\/types\/post"}],"author":[{"embeddable":true,"href":"https:\/\/mto-kr.pl\/en\/wp-json\/wp\/v2\/users\/2"}],"replies":[{"embeddable":true,"href":"https:\/\/mto-kr.pl\/en\/wp-json\/wp\/v2\/comments?post=1527"}],"version-history":[{"count":1,"href":"https:\/\/mto-kr.pl\/en\/wp-json\/wp\/v2\/posts\/1527\/revisions"}],"predecessor-version":[{"id":1528,"href":"https:\/\/mto-kr.pl\/en\/wp-json\/wp\/v2\/posts\/1527\/revisions\/1528"}],"wp:featuredmedia":[{"embeddable":true,"href":"https:\/\/mto-kr.pl\/en\/wp-json\/wp\/v2\/media\/1523"}],"wp:attachment":[{"href":"https:\/\/mto-kr.pl\/en\/wp-json\/wp\/v2\/media?parent=1527"}],"wp:term":[{"taxonomy":"category","embeddable":true,"href":"https:\/\/mto-kr.pl\/en\/wp-json\/wp\/v2\/categories?post=1527"},{"taxonomy":"post_tag","embeddable":true,"href":"https:\/\/mto-kr.pl\/en\/wp-json\/wp\/v2\/tags?post=1527"}],"curies":[{"name":"wp","href":"https:\/\/api.w.org\/{rel}","templated":true}]}}