{"id":1547,"date":"2021-08-15T19:13:00","date_gmt":"2021-08-15T17:13:00","guid":{"rendered":"https:\/\/mto-kr.pl\/?p=1547"},"modified":"2021-08-23T12:30:18","modified_gmt":"2021-08-23T10:30:18","slug":"mlody-rozpoczal-wedrowke-do-afryki","status":"publish","type":"post","link":"https:\/\/mto-kr.pl\/en\/2021\/08\/15\/mlody-rozpoczal-wedrowke-do-afryki\/","title":{"rendered":"&#8222;M\u0142ody&#8221; rozpocz\u0105\u0142 w\u0119dr\u00f3wk\u0119 do Afryki"},"content":{"rendered":"<p style=\"text-align: justify;\"><strong><a href=\"https:\/\/mto-kr.pl\/wp-content\/uploads\/2021\/08\/bocian1-1.jpg\"><img loading=\"lazy\" decoding=\"async\" class=\"alignleft wp-image-1614\" src=\"https:\/\/mto-kr.pl\/wp-content\/uploads\/2021\/08\/bocian1-1-300x225.jpg\" alt=\"\" width=\"200\" height=\"150\" srcset=\"https:\/\/mto-kr.pl\/wp-content\/uploads\/2021\/08\/bocian1-1-300x225.jpg 300w, https:\/\/mto-kr.pl\/wp-content\/uploads\/2021\/08\/bocian1-1-768x576.jpg 768w, https:\/\/mto-kr.pl\/wp-content\/uploads\/2021\/08\/bocian1-1-467x350.jpg 467w, https:\/\/mto-kr.pl\/wp-content\/uploads\/2021\/08\/bocian1-1-150x113.jpg 150w, https:\/\/mto-kr.pl\/wp-content\/uploads\/2021\/08\/bocian1-1.jpg 1000w\" sizes=\"auto, (max-width: 200px) 100vw, 200px\" \/><\/a>Po\u0142owa sierpnia to czas, gdy bociany bia\u0142e wyruszaj\u0105 w w\u0119dr\u00f3wk\u0119 na zimowiska do Afryki. Rozw\u00f3j technologii pozwala na bie\u017c\u0105co \u015bledzi\u0107 poczynania ptak\u00f3w, kt\u00f3rym zak\u0142ada si\u0119 nadajniki GPS. Kilka dni temu, w swoj\u0105 pierwsz\u0105 w\u0119dr\u00f3wk\u0119 wyruszy\u0142 tegoroczny, m\u0142ody bocian, kt\u00f3ry na \u015bwiat przyszed\u0142 w Skotnikach Dolnych w woj. \u015bwi\u0119tokrzyskim.<\/strong><\/p>\n<p style=\"text-align: justify;\">Dzi\u0119ki sponsorowi, firmie PGE Dystrybucja, jeden z czterech m\u0142odych bocian\u00f3w z gniazda w Skotnikach Dolnych (gm. Wi\u015blica) otrzyma\u0142 nadajnik GPS wyprodukowany przez firm\u0119 INTERREX Marcina Fabera. M\u0142odzian rozpocz\u0105\u0142 wa\u017cny i niebezpieczny etap w swoim \u017cyciu, a mianowicie w\u0119dr\u00f3wk\u0119 do Afryki. W \u015brod\u0119 11 sierpnia ju\u017c na sta\u0142e opu\u015bci\u0142 rodzinne gniazdo i przemie\u015bci\u0142 si\u0119 na \u0142\u0105ki ko\u0142o S\u0119pichowa (gm. Nowy Korczyn) pokonuj\u0105c oko\u0142o 15 km.<\/p>\n<p style=\"text-align: justify;\"><strong><a href=\"https:\/\/mto-kr.pl\/en\/nasz-bociek-z-transmiterem\/\">O dalszych losach bociana mo\u017cna przeczyta\u0107\u00a0klikaj\u0105c tutaj oraz w zak\u0142adk\u0119 &#8222;Nasz bociek z transmiterem&#8221;. Zapraszamy na relacj\u0119 dzie\u0144 po dniu, kt\u00f3r\u0105 prowadzi Stanis\u0142aw Czy\u017c.<\/a>\u00a0<\/strong><\/p>\n<p style=\"text-align: justify;\">Wi\u0119cej o projekcie ochrony bocian\u00f3w bia\u0142ych w zak\u0142adce &#8222;<a href=\"https:\/\/mto-kr.pl\/en\/projekt-ochrony-bocianow-bialych-na-terenie-polski-poludniowej\/\">Ochrona bociana<\/a>&#8222;. Tymczasem,\u00a0trzymajmy kciuki za \u201eM\u0142odego\u201d!<\/p>\n<p style=\"text-align: right;\">Stanis\u0142aw Czy\u017c<\/p>\n<p>&nbsp;<\/p>","protected":false},"excerpt":{"rendered":"<p>Po\u0142owa sierpnia to czas, gdy bociany bia\u0142e wyruszaj\u0105 w w\u0119dr\u00f3wk\u0119 na zimowiska do Afryki. Rozw\u00f3j technologii pozwala na bie\u017c\u0105co \u015bledzi\u0107 poczynania ptak\u00f3w, kt\u00f3rym zak\u0142ada si\u0119 nadajniki GPS. Kilka dni temu, w swoj\u0105 pierwsz\u0105 w\u0119dr\u00f3wk\u0119 wyruszy\u0142 tegoroczny, m\u0142ody bocian, kt\u00f3ry na \u015bwiat przyszed\u0142 w Skotnikach Dolnych w woj. \u015bwi\u0119tokrzyskim. Dzi\u0119ki sponsorowi, firmie PGE Dystrybucja, jeden z czterech m\u0142odych bocian\u00f3w z gniazda w Skotnikach Dolnych (gm. Wi\u015blica) otrzyma\u0142 nadajnik GPS wyprodukowany przez firm\u0119 INTERREX Marcina Fabera. M\u0142odzian rozpocz\u0105\u0142 wa\u017cny i niebezpieczny etap w swoim \u017cyciu, a mianowicie w\u0119dr\u00f3wk\u0119 do Afryki. W \u015brod\u0119 11 sierpnia ju\u017c na sta\u0142e opu\u015bci\u0142 rodzinne gniazdo i przemie\u015bci\u0142\u2026 <a class=\"continue-reading-link\" href=\"https:\/\/mto-kr.pl\/en\/2021\/08\/15\/mlody-rozpoczal-wedrowke-do-afryki\/\">Czytaj dalej&#8230;<\/a><\/p>","protected":false},"author":2,"featured_media":1614,"comment_status":"closed","ping_status":"open","sticky":false,"template":"","format":"standard","meta":{"_monsterinsights_skip_tracking":false,"footnotes":""},"categories":[4],"tags":[],"class_list":["post-1547","post","type-post","status-publish","format-standard","has-post-thumbnail","hentry","category-aktualnosci"],"_links":{"self":[{"href":"https:\/\/mto-kr.pl\/en\/wp-json\/wp\/v2\/posts\/1547","targetHints":{"allow":["GET"]}}],"collection":[{"href":"https:\/\/mto-kr.pl\/en\/wp-json\/wp\/v2\/posts"}],"about":[{"href":"https:\/\/mto-kr.pl\/en\/wp-json\/wp\/v2\/types\/post"}],"author":[{"embeddable":true,"href":"https:\/\/mto-kr.pl\/en\/wp-json\/wp\/v2\/users\/2"}],"replies":[{"embeddable":true,"href":"https:\/\/mto-kr.pl\/en\/wp-json\/wp\/v2\/comments?post=1547"}],"version-history":[{"count":9,"href":"https:\/\/mto-kr.pl\/en\/wp-json\/wp\/v2\/posts\/1547\/revisions"}],"predecessor-version":[{"id":1646,"href":"https:\/\/mto-kr.pl\/en\/wp-json\/wp\/v2\/posts\/1547\/revisions\/1646"}],"wp:featuredmedia":[{"embeddable":true,"href":"https:\/\/mto-kr.pl\/en\/wp-json\/wp\/v2\/media\/1614"}],"wp:attachment":[{"href":"https:\/\/mto-kr.pl\/en\/wp-json\/wp\/v2\/media?parent=1547"}],"wp:term":[{"taxonomy":"category","embeddable":true,"href":"https:\/\/mto-kr.pl\/en\/wp-json\/wp\/v2\/categories?post=1547"},{"taxonomy":"post_tag","embeddable":true,"href":"https:\/\/mto-kr.pl\/en\/wp-json\/wp\/v2\/tags?post=1547"}],"curies":[{"name":"wp","href":"https:\/\/api.w.org\/{rel}","templated":true}]}}