{"id":1652,"date":"2021-08-19T19:02:52","date_gmt":"2021-08-19T17:02:52","guid":{"rendered":"https:\/\/mto-kr.pl\/?p=1652"},"modified":"2023-03-27T08:33:09","modified_gmt":"2023-03-27T06:33:09","slug":"restytucja-sokola-wedrownego-jak-to-sie-zaczelo","status":"publish","type":"post","link":"https:\/\/mto-kr.pl\/en\/2021\/08\/19\/restytucja-sokola-wedrownego-jak-to-sie-zaczelo\/","title":{"rendered":"Restytucja soko\u0142a w\u0119drownego &#8211; jak to si\u0119 zacz\u0119\u0142o?"},"content":{"rendered":"<p style=\"text-align: justify;\"><strong>W pierwszym z serii kilku tekst\u00f3w o restytucji soko\u0142\u00f3w w\u0119drownych na komin elektrowni w Skawinie opowiadamy o kulisach ca\u0142ej akcji. Temat opisuje Krzysztof Haja, wolontariusz MTO i jeden z opiekun\u00f3w projektu.<\/strong><\/p>\n<p style=\"text-align: justify;\">Od samego pocz\u0105tku projektu utworzenia platformy l\u0119gowej nosili\u015bmy si\u0119 z my\u015bl\u0105 wsiedlenia m\u0142odych soko\u0142\u00f3w w\u0119drownych do gniazda na kominie skawi\u0144skiej elektrowni CEZ. By\u0142 to plan alternatywny w przypadku braku obecno\u015bci doros\u0142ych soko\u0142\u00f3w w przygotowanym stanowisku.<\/p>\n<p style=\"text-align: justify;\">Na prze\u0142omie marca i kwietnia 2021 roku pomys\u0142 nabra\u0142 rozp\u0119du za spraw\u0105 sokolnika Adama Mroczka z Krzywaczki. Adam zaoferowa\u0142 przekazanie nieodp\u0142atnie soko\u0142\u00f3w do restytucji w skawi\u0144skim gnie\u017adzie. Pomys\u0142 by\u0142 rodzajem upami\u0119tnienia i uhonorowania pracy na rzecz soko\u0142\u00f3w w\u0119drownych w Polsce zmar\u0142ego niedawno prof. Zbigniewa Bonczara z Uniwersytetu Rolniczego.<\/p>\n<p style=\"text-align: justify;\">Nasza inicjatywa uzyska\u0142a b\u0142yskawicznie wsparcie Zarz\u0105du CEZ Skawina za co bardzo dzi\u0119kujemy i mogli\u015bmy przyst\u0105pi\u0107 do prac przygotowawczych. Pustu\u0142ki, kt\u00f3re zacz\u0119\u0142y pojawia\u0107 si\u0119 w tym czasie w gnie\u017adzie otrzyma\u0142y now\u0105 skrzynk\u0119 l\u0119gow\u0105 w bezpo\u015brednim s\u0105siedztwie komina, kompensuj\u0105c\u0105 zamkni\u0119te dla nich l\u0119gowisko.\u00a0 Proces restytucji soko\u0142\u00f3w planowany na maj rozpocz\u0105\u0142 si\u0119 ostatecznie w lipcu i by\u0142 stale transmitowany on line.<\/p>\n<p style=\"text-align: justify;\">Pozosta\u0142o przygotowanie i monta\u017c klatki l\u0119gowej oraz zorganizowanie procesu dokarmiania i opieki nad m\u0142odymi ptakami, kt\u00f3re mia\u0142y zosta\u0107 wsiedlone. Na tym etapie uzyskali\u015bmy wsparcie od Zarz\u0105du elektrowni CEZ Skawina oraz firmy TADMAR. Wszystkie przygotowania przebiega\u0142y bez problem\u00f3w jednak\u017ce na pocz\u0105tku czerwca nad ca\u0142ym projektem pojawi\u0142y si\u0119 ciemne chmury.<\/p>\n<p style=\"text-align: justify;\">Niestety w tym roku wyklu\u0142o si\u0119 znacznie mniej piskl\u0105t i hodowca Adam Mroczek m\u00f3g\u0142\u00a0 nam przekaza\u0107 tylko jedno piskl\u0119. Poniewa\u017c praktykuje si\u0119 wsiedlanie przynajmniej dw\u00f3ch piskl\u0105t, sta\u0142o si\u0119 konieczne zdobycie drugiego ptaka. Rozpocz\u0105\u0142 si\u0119 kolejny etap projektu o kt\u00f3rym wi\u0119cej w kolejnym \u00a0materiale, kt\u00f3ry ju\u017c niebawem na naszej stronie internetowej.<\/p>\n<p><a href=\"https:\/\/mto-kr.pl\/en\/2021\/11\/04\/restytucja-sokola-wedrownego-jak-zdobyc-drugiego-sokola\/\">Czytaj r\u00f3wnie\u017c: Restytucja soko\u0142a w\u0119drownego &#8211; jak zdoby\u0107 drugiego soko\u0142a?<\/a><\/p>\n<p style=\"text-align: justify;\">W projekcie uczestniczyli Ma\u0142opolskie Towarzystwo Ornitologiczne, Stowarzyszeniem Na Rzecz Dzikich Zwierz\u0105t \u201eSok\u00f3\u0142\u201d, Adam Mroczek sokolnictwo.pl TADMAR oraz elektrownia CEZ Skawina.<\/p>\n<p style=\"text-align: right;\">Krzysztof Haja<\/p>\n\n\t\t<style>\n\t\t\t#gallery-1 {\n\t\t\t\tmargin: auto;\n\t\t\t}\n\t\t\t#gallery-1 .gallery-item {\n\t\t\t\tfloat: left;\n\t\t\t\tmargin-top: 10px;\n\t\t\t\ttext-align: center;\n\t\t\t\twidth: 33%;\n\t\t\t}\n\t\t\t#gallery-1 img {\n\t\t\t\tborder: 2px solid #cfcfcf;\n\t\t\t}\n\t\t\t#gallery-1 .gallery-caption {\n\t\t\t\tmargin-left: 0;\n\t\t\t}\n\t\t\t\/* see gallery_shortcode() in wp-includes\/media.php *\/\n\t\t<\/style>\n\t\t<div id='gallery-1' class='gallery galleryid-1652 gallery-columns-3 gallery-size-thumbnail'><dl class='gallery-item'>\n\t\t\t<dt class='gallery-icon landscape'>\n\t\t\t\t<a href='https:\/\/mto-kr.pl\/wp-content\/uploads\/2021\/08\/wsiedlenie_sokolow_1.jpg'><img loading=\"lazy\" decoding=\"async\" width=\"150\" height=\"150\" src=\"https:\/\/mto-kr.pl\/wp-content\/uploads\/2021\/08\/wsiedlenie_sokolow_1-150x150.jpg\" class=\"attachment-thumbnail size-thumbnail\" alt=\"Pierwsze prace przygotowawcze do wsiedlenia m\u0142odych soko\u0142\u00f3w w\u0119drownych\" \/><\/a>\n\t\t\t<\/dt><\/dl><dl class='gallery-item'>\n\t\t\t<dt class='gallery-icon portrait'>\n\t\t\t\t<a href='https:\/\/mto-kr.pl\/wp-content\/uploads\/2021\/08\/wsiedlenie_sokolow_2.jpg'><img loading=\"lazy\" decoding=\"async\" width=\"150\" height=\"150\" src=\"https:\/\/mto-kr.pl\/wp-content\/uploads\/2021\/08\/wsiedlenie_sokolow_2-150x150.jpg\" class=\"attachment-thumbnail size-thumbnail\" alt=\"Na budynku obok komina, na kt\u00f3rym usytuowana jest platforma l\u0119gowa dla soko\u0142\u00f3w w\u0119drownych zawis\u0142a przygotowana dla pustu\u0142ek skrzynka l\u0119gowa maj\u0105ca im zast\u0105pi\u0107 przeznaczone dla soko\u0142\u00f3w gniazdo.\" \/><\/a>\n\t\t\t<\/dt><\/dl><dl class='gallery-item'>\n\t\t\t<dt class='gallery-icon portrait'>\n\t\t\t\t<a href='https:\/\/mto-kr.pl\/wp-content\/uploads\/2021\/08\/wsiedlenie_sokolow_3.jpg'><img loading=\"lazy\" decoding=\"async\" width=\"150\" height=\"150\" src=\"https:\/\/mto-kr.pl\/wp-content\/uploads\/2021\/08\/wsiedlenie_sokolow_3-150x150.jpg\" class=\"attachment-thumbnail size-thumbnail\" alt=\"Komin nr 3 z zaznaczon\u0105 platform\u0105 l\u0119gow\u0105 dla soko\u0142\u00f3w w\u0119drownych \u2013 to tutaj rozpocznie si\u0119 ich restytucja.\" srcset=\"https:\/\/mto-kr.pl\/wp-content\/uploads\/2021\/08\/wsiedlenie_sokolow_3-150x150.jpg 150w, https:\/\/mto-kr.pl\/wp-content\/uploads\/2021\/08\/wsiedlenie_sokolow_3-298x300.jpg 298w, https:\/\/mto-kr.pl\/wp-content\/uploads\/2021\/08\/wsiedlenie_sokolow_3-347x350.jpg 347w, https:\/\/mto-kr.pl\/wp-content\/uploads\/2021\/08\/wsiedlenie_sokolow_3.jpg 609w\" sizes=\"auto, (max-width: 150px) 100vw, 150px\" \/><\/a>\n\t\t\t<\/dt><\/dl><br style=\"clear: both\" \/>\n\t\t<\/div>","protected":false},"excerpt":{"rendered":"<p>W pierwszym z serii kilku tekst\u00f3w o restytucji soko\u0142\u00f3w w\u0119drownych na komin elektrowni w Skawinie opowiadamy o kulisach ca\u0142ej akcji. Temat opisuje Krzysztof Haja, wolontariusz MTO i jeden z opiekun\u00f3w projektu. Od samego pocz\u0105tku projektu utworzenia platformy l\u0119gowej nosili\u015bmy si\u0119 z my\u015bl\u0105 wsiedlenia m\u0142odych soko\u0142\u00f3w w\u0119drownych do gniazda na kominie skawi\u0144skiej elektrowni CEZ. By\u0142 to plan alternatywny w przypadku braku obecno\u015bci doros\u0142ych soko\u0142\u00f3w w przygotowanym stanowisku. Na prze\u0142omie marca i kwietnia 2021 roku pomys\u0142 nabra\u0142 rozp\u0119du za spraw\u0105 sokolnika Adama Mroczka z Krzywaczki. Adam zaoferowa\u0142 przekazanie nieodp\u0142atnie soko\u0142\u00f3w do restytucji w skawi\u0144skim gnie\u017adzie. Pomys\u0142 by\u0142 rodzajem upami\u0119tnienia i uhonorowania pracy\u2026 <a class=\"continue-reading-link\" href=\"https:\/\/mto-kr.pl\/en\/2021\/08\/19\/restytucja-sokola-wedrownego-jak-to-sie-zaczelo\/\">Czytaj dalej&#8230;<\/a><\/p>","protected":false},"author":1,"featured_media":1655,"comment_status":"closed","ping_status":"open","sticky":false,"template":"","format":"standard","meta":{"_monsterinsights_skip_tracking":false,"footnotes":""},"categories":[4],"tags":[],"class_list":["post-1652","post","type-post","status-publish","format-standard","has-post-thumbnail","hentry","category-aktualnosci"],"_links":{"self":[{"href":"https:\/\/mto-kr.pl\/en\/wp-json\/wp\/v2\/posts\/1652","targetHints":{"allow":["GET"]}}],"collection":[{"href":"https:\/\/mto-kr.pl\/en\/wp-json\/wp\/v2\/posts"}],"about":[{"href":"https:\/\/mto-kr.pl\/en\/wp-json\/wp\/v2\/types\/post"}],"author":[{"embeddable":true,"href":"https:\/\/mto-kr.pl\/en\/wp-json\/wp\/v2\/users\/1"}],"replies":[{"embeddable":true,"href":"https:\/\/mto-kr.pl\/en\/wp-json\/wp\/v2\/comments?post=1652"}],"version-history":[{"count":6,"href":"https:\/\/mto-kr.pl\/en\/wp-json\/wp\/v2\/posts\/1652\/revisions"}],"predecessor-version":[{"id":2553,"href":"https:\/\/mto-kr.pl\/en\/wp-json\/wp\/v2\/posts\/1652\/revisions\/2553"}],"wp:featuredmedia":[{"embeddable":true,"href":"https:\/\/mto-kr.pl\/en\/wp-json\/wp\/v2\/media\/1655"}],"wp:attachment":[{"href":"https:\/\/mto-kr.pl\/en\/wp-json\/wp\/v2\/media?parent=1652"}],"wp:term":[{"taxonomy":"category","embeddable":true,"href":"https:\/\/mto-kr.pl\/en\/wp-json\/wp\/v2\/categories?post=1652"},{"taxonomy":"post_tag","embeddable":true,"href":"https:\/\/mto-kr.pl\/en\/wp-json\/wp\/v2\/tags?post=1652"}],"curies":[{"name":"wp","href":"https:\/\/api.w.org\/{rel}","templated":true}]}}