{"id":1660,"date":"2021-08-24T19:33:20","date_gmt":"2021-08-24T17:33:20","guid":{"rendered":"https:\/\/mto-kr.pl\/?p=1660"},"modified":"2021-08-24T19:37:00","modified_gmt":"2021-08-24T17:37:00","slug":"sokol-z-nadajnikiem-wyruszyl-w-wedrowke","status":"publish","type":"post","link":"https:\/\/mto-kr.pl\/en\/2021\/08\/24\/sokol-z-nadajnikiem-wyruszyl-w-wedrowke\/","title":{"rendered":"Sok\u00f3\u0142 z nadajnikiem wyruszy\u0142 w w\u0119dr\u00f3wk\u0119"},"content":{"rendered":"<div id=\"attachment_1661\" style=\"width: 310px\" class=\"wp-caption alignleft\"><a href=\"https:\/\/mto-kr.pl\/wp-content\/uploads\/2021\/08\/5dc.jpg\"><img loading=\"lazy\" decoding=\"async\" aria-describedby=\"caption-attachment-1661\" class=\"wp-image-1661 size-medium\" src=\"https:\/\/mto-kr.pl\/wp-content\/uploads\/2021\/08\/5dc-300x169.jpg\" alt=\"\" width=\"300\" height=\"169\" srcset=\"https:\/\/mto-kr.pl\/wp-content\/uploads\/2021\/08\/5dc-300x169.jpg 300w, https:\/\/mto-kr.pl\/wp-content\/uploads\/2021\/08\/5dc-768x432.jpg 768w, https:\/\/mto-kr.pl\/wp-content\/uploads\/2021\/08\/5dc-1024x576.jpg 1024w, https:\/\/mto-kr.pl\/wp-content\/uploads\/2021\/08\/5dc-623x350.jpg 623w, https:\/\/mto-kr.pl\/wp-content\/uploads\/2021\/08\/5dc-150x84.jpg 150w, https:\/\/mto-kr.pl\/wp-content\/uploads\/2021\/08\/5dc.jpg 1366w\" sizes=\"auto, (max-width: 300px) 100vw, 300px\" \/><\/a><p id=\"caption-attachment-1661\" class=\"wp-caption-text\">Trasa, kt\u00f3r\u0105 sok\u00f3\u0142 w\u0119drowny 5DC pokona\u0142 22 sierpnia br.<\/p><\/div>\n<p style=\"text-align: justify;\"><strong>Do tej pory, soko\u0142y w\u0119drowne ze Skawiny, odwiedza\u0142y swoj\u0105 platform\u0119 mniej lub bardziej regularnie. Z odczyt\u00f3w z nadajnika, kt\u00f3ry za\u0142o\u017cony zosta\u0142 jednemu z nich, by\u0142o wiadomo, \u017ce ptaki lataj\u0105 w pobli\u017cu rzeki Wis\u0142y. Tam, korzystaj\u0105c z teren\u00f3w otwartych zapewne \u017ceruj\u0105, jednak co kilka dni wracaj\u0105 do gniazda.<\/strong><\/p>\n<p style=\"text-align: justify;\"><em>&#8222;22 sierpnia sok\u00f3\u0142 w\u0119drowny 5DC opu\u015bci\u0142 gniazdo w Skawinie. Po 49 dniach od umieszczenia w gnie\u017adzie i po 40 dniach od otwarcia klatki, ptak z nadajnikiem GPS opu\u015bci\u0142 bezpieczne siedlisko. W ostatnich dniach coraz wi\u0119cej czasu sp\u0119dza\u0142 poza elektrowni\u0105, a odczyty na polach wzd\u0142u\u017c Wis\u0142y sugerowa\u0142y, \u017ce zacz\u0105\u0142 tam polowa\u0107. Wygl\u0105da\u0142o na to, \u017ce ptak si\u0119 usamodzielnia. Jakby na potwierdzenie tych s\u0142\u00f3w w t\u0105 niedziel\u0119 postanowi\u0142 opu\u015bci\u0107 rodzime tereny i zaw\u0119drowa\u0142 do wojew\u00f3dztwa \u015bwi\u0119tokrzyskiego. Widocznie kominy elektrowni w Po\u0142a\u0144cu dobrze mu si\u0119 skojarzy\u0142y,\u00a0bo tam postanowi\u0142 si\u0119 na chwil\u0119 zatrzyma\u0107 i przenocowa\u0107. Obecnie znowu jest w drodze&#8221;<\/em> &#8211; relacjonuje <strong>Krzysztof Haja<\/strong>, wolontariusz MTO, jeden z opiekun\u00f3w projektu wsiedlania soko\u0142\u00f3w w\u0119drownych w elektrowni w Skawinie.<\/p>\n<p style=\"text-align: justify;\">Moment usamodzielnienia, to jeden z trudniejszych etap\u00f3w \u017cycia ka\u017cdej istoty, w tym r\u00f3wnie\u017c soko\u0142\u00f3w w\u0119drownych. Do tej pory soko\u0142y w Skawinie by\u0142y regularnie dokarmiane. Podejmuj\u0105c pr\u00f3b\u0119 dalekiej w\u0119dr\u00f3wki, sok\u00f3\u0142 5DC b\u0119dzie musia\u0142 liczy\u0107 ju\u017c wy\u0142\u0105cznie na sw\u00f3j instynkt \u0142owcy. Oby mu si\u0119 uda\u0142o!<\/p>\n<p style=\"text-align: right;\">JW<\/p>","protected":false},"excerpt":{"rendered":"<p>Do tej pory, soko\u0142y w\u0119drowne ze Skawiny, odwiedza\u0142y swoj\u0105 platform\u0119 mniej lub bardziej regularnie. Z odczyt\u00f3w z nadajnika, kt\u00f3ry za\u0142o\u017cony zosta\u0142 jednemu z nich, by\u0142o wiadomo, \u017ce ptaki lataj\u0105 w pobli\u017cu rzeki Wis\u0142y. Tam, korzystaj\u0105c z teren\u00f3w otwartych zapewne \u017ceruj\u0105, jednak co kilka dni wracaj\u0105 do gniazda. &#8222;22 sierpnia sok\u00f3\u0142 w\u0119drowny 5DC opu\u015bci\u0142 gniazdo w Skawinie. Po 49 dniach od umieszczenia w gnie\u017adzie i po 40 dniach od otwarcia klatki, ptak z nadajnikiem GPS opu\u015bci\u0142 bezpieczne siedlisko. W ostatnich dniach coraz wi\u0119cej czasu sp\u0119dza\u0142 poza elektrowni\u0105, a odczyty na polach wzd\u0142u\u017c Wis\u0142y sugerowa\u0142y, \u017ce zacz\u0105\u0142 tam polowa\u0107. Wygl\u0105da\u0142o na to,\u2026 <a class=\"continue-reading-link\" href=\"https:\/\/mto-kr.pl\/en\/2021\/08\/24\/sokol-z-nadajnikiem-wyruszyl-w-wedrowke\/\">Czytaj dalej&#8230;<\/a><\/p>","protected":false},"author":2,"featured_media":1661,"comment_status":"closed","ping_status":"open","sticky":false,"template":"","format":"standard","meta":{"_monsterinsights_skip_tracking":false,"footnotes":""},"categories":[4],"tags":[],"class_list":["post-1660","post","type-post","status-publish","format-standard","has-post-thumbnail","hentry","category-aktualnosci"],"_links":{"self":[{"href":"https:\/\/mto-kr.pl\/en\/wp-json\/wp\/v2\/posts\/1660","targetHints":{"allow":["GET"]}}],"collection":[{"href":"https:\/\/mto-kr.pl\/en\/wp-json\/wp\/v2\/posts"}],"about":[{"href":"https:\/\/mto-kr.pl\/en\/wp-json\/wp\/v2\/types\/post"}],"author":[{"embeddable":true,"href":"https:\/\/mto-kr.pl\/en\/wp-json\/wp\/v2\/users\/2"}],"replies":[{"embeddable":true,"href":"https:\/\/mto-kr.pl\/en\/wp-json\/wp\/v2\/comments?post=1660"}],"version-history":[{"count":6,"href":"https:\/\/mto-kr.pl\/en\/wp-json\/wp\/v2\/posts\/1660\/revisions"}],"predecessor-version":[{"id":1667,"href":"https:\/\/mto-kr.pl\/en\/wp-json\/wp\/v2\/posts\/1660\/revisions\/1667"}],"wp:featuredmedia":[{"embeddable":true,"href":"https:\/\/mto-kr.pl\/en\/wp-json\/wp\/v2\/media\/1661"}],"wp:attachment":[{"href":"https:\/\/mto-kr.pl\/en\/wp-json\/wp\/v2\/media?parent=1660"}],"wp:term":[{"taxonomy":"category","embeddable":true,"href":"https:\/\/mto-kr.pl\/en\/wp-json\/wp\/v2\/categories?post=1660"},{"taxonomy":"post_tag","embeddable":true,"href":"https:\/\/mto-kr.pl\/en\/wp-json\/wp\/v2\/tags?post=1660"}],"curies":[{"name":"wp","href":"https:\/\/api.w.org\/{rel}","templated":true}]}}