{"id":1683,"date":"2021-10-14T07:46:54","date_gmt":"2021-10-14T05:46:54","guid":{"rendered":"https:\/\/mto-kr.pl\/?p=1683"},"modified":"2021-10-14T07:47:28","modified_gmt":"2021-10-14T05:47:28","slug":"wracaja-wycieczki-z-mto","status":"publish","type":"post","link":"https:\/\/mto-kr.pl\/en\/2021\/10\/14\/wracaja-wycieczki-z-mto\/","title":{"rendered":"Wracaj\u0105 wycieczki z MTO"},"content":{"rendered":"<p style=\"text-align: justify;\"><strong>Po d\u0142u\u017cszej przerwie spowodowanej pandemi\u0105 wracaj\u0105 wycieczki\u00a0ornitologiczne organizowane przez Ma\u0142opolskie Towarzystwo Ornitologiczne. Zapraszamy do udzia\u0142u!<\/strong><\/p>\n<p style=\"text-align: justify;\">W zak\u0142adce <a href=\"https:\/\/mto-kr.pl\/en\/program-wycieczek-mto\/\"><strong>Program wycieczek MTO<\/strong><\/a><a href=\"https:\/\/mto-kr.pl\/en\/program-wycieczek-mto\/\"> (Aktualno\u015bci -&gt; Program wycieczek MTO)<\/a> mo\u017cna znale\u017a\u0107 aktualny harmonogram spacer\u00f3w oraz dane kontaktowe do os\u00f3b prowadz\u0105cych wycieczki.<\/p>\n<p style=\"text-align: justify;\">Przypominamy o zachowaniu zasad bezpiecze\u0144stwa i zachowanie dystansu, a przede wszystkim o zachowaniu zdrowego rozs\u0105dku, czego przejawem b\u0119dzie rezygnacja z udzia\u0142u w wycieczce w przypadku z\u0142ego samopoczucia.<\/p>\n<p style=\"text-align: right;\">JW<\/p>","protected":false},"excerpt":{"rendered":"<p>Po d\u0142u\u017cszej przerwie spowodowanej pandemi\u0105 wracaj\u0105 wycieczki\u00a0ornitologiczne organizowane przez Ma\u0142opolskie Towarzystwo Ornitologiczne. Zapraszamy do udzia\u0142u! W zak\u0142adce Program wycieczek MTO (Aktualno\u015bci -&gt; Program wycieczek MTO) mo\u017cna znale\u017a\u0107 aktualny harmonogram spacer\u00f3w oraz dane kontaktowe do os\u00f3b prowadz\u0105cych wycieczki. Przypominamy o zachowaniu zasad bezpiecze\u0144stwa i zachowanie dystansu, a przede wszystkim o zachowaniu zdrowego rozs\u0105dku, czego przejawem b\u0119dzie rezygnacja z udzia\u0142u w wycieczce w przypadku z\u0142ego samopoczucia. JW <a class=\"continue-reading-link\" href=\"https:\/\/mto-kr.pl\/en\/2021\/10\/14\/wracaja-wycieczki-z-mto\/\">Czytaj dalej&#8230;<\/a><\/p>","protected":false},"author":2,"featured_media":33,"comment_status":"closed","ping_status":"open","sticky":false,"template":"","format":"standard","meta":{"_monsterinsights_skip_tracking":false,"footnotes":""},"categories":[4],"tags":[],"class_list":["post-1683","post","type-post","status-publish","format-standard","has-post-thumbnail","hentry","category-aktualnosci"],"_links":{"self":[{"href":"https:\/\/mto-kr.pl\/en\/wp-json\/wp\/v2\/posts\/1683","targetHints":{"allow":["GET"]}}],"collection":[{"href":"https:\/\/mto-kr.pl\/en\/wp-json\/wp\/v2\/posts"}],"about":[{"href":"https:\/\/mto-kr.pl\/en\/wp-json\/wp\/v2\/types\/post"}],"author":[{"embeddable":true,"href":"https:\/\/mto-kr.pl\/en\/wp-json\/wp\/v2\/users\/2"}],"replies":[{"embeddable":true,"href":"https:\/\/mto-kr.pl\/en\/wp-json\/wp\/v2\/comments?post=1683"}],"version-history":[{"count":1,"href":"https:\/\/mto-kr.pl\/en\/wp-json\/wp\/v2\/posts\/1683\/revisions"}],"predecessor-version":[{"id":1684,"href":"https:\/\/mto-kr.pl\/en\/wp-json\/wp\/v2\/posts\/1683\/revisions\/1684"}],"wp:featuredmedia":[{"embeddable":true,"href":"https:\/\/mto-kr.pl\/en\/wp-json\/wp\/v2\/media\/33"}],"wp:attachment":[{"href":"https:\/\/mto-kr.pl\/en\/wp-json\/wp\/v2\/media?parent=1683"}],"wp:term":[{"taxonomy":"category","embeddable":true,"href":"https:\/\/mto-kr.pl\/en\/wp-json\/wp\/v2\/categories?post=1683"},{"taxonomy":"post_tag","embeddable":true,"href":"https:\/\/mto-kr.pl\/en\/wp-json\/wp\/v2\/tags?post=1683"}],"curies":[{"name":"wp","href":"https:\/\/api.w.org\/{rel}","templated":true}]}}