{"id":1685,"date":"2021-11-04T13:31:08","date_gmt":"2021-11-04T12:31:08","guid":{"rendered":"https:\/\/mto-kr.pl\/?p=1685"},"modified":"2023-03-27T08:51:10","modified_gmt":"2023-03-27T06:51:10","slug":"restytucja-sokola-wedrownego-jak-zdobyc-drugiego-sokola","status":"publish","type":"post","link":"https:\/\/mto-kr.pl\/en\/2021\/11\/04\/restytucja-sokola-wedrownego-jak-zdobyc-drugiego-sokola\/","title":{"rendered":"Restytucja soko\u0142a w\u0119drownego &#8211; jak zdoby\u0107 drugiego soko\u0142a?"},"content":{"rendered":"<p style=\"text-align: justify;\"><strong><a href=\"https:\/\/mto-kr.pl\/wp-content\/uploads\/2021\/11\/4.jpg\"><img loading=\"lazy\" decoding=\"async\" class=\"alignleft wp-image-1690 size-medium\" src=\"https:\/\/mto-kr.pl\/wp-content\/uploads\/2021\/11\/4-300x155.jpg\" alt=\"Pierwsze 10 dni soko\u0142y sp\u0119dzi\u0142y w zamkni\u0119tej klatce. Coraz intensywniej przygotowywa\u0142y si\u0119 do lotu. Najcz\u0119\u015bciej przebywa\u0142y na pode\u015bcie. \" width=\"300\" height=\"155\" srcset=\"https:\/\/mto-kr.pl\/wp-content\/uploads\/2021\/11\/4-300x155.jpg 300w, https:\/\/mto-kr.pl\/wp-content\/uploads\/2021\/11\/4-768x396.jpg 768w, https:\/\/mto-kr.pl\/wp-content\/uploads\/2021\/11\/4-679x350.jpg 679w, https:\/\/mto-kr.pl\/wp-content\/uploads\/2021\/11\/4-150x77.jpg 150w, https:\/\/mto-kr.pl\/wp-content\/uploads\/2021\/11\/4.jpg 782w\" sizes=\"auto, (max-width: 300px) 100vw, 300px\" \/><\/a>Pierwszy z serii artyku\u0142\u00f3w po\u015bwi\u0119conych restytucji soko\u0142\u00f3w w\u0119drownych\u00a0na komin elektrowni w Skawinie opisywa\u0142 proces monta\u017cu klatki l\u0119gowej oraz organizacj\u0119 opieki nad m\u0142odymi soko\u0142ami, kt\u00f3re mia\u0142y zosta\u0107 wsiedlone.\u00a0Niestety hodowca m\u00f3g\u0142 nam przekaza\u0107 tylko jedno piskl\u0119, a poniewa\u017c praktykuje si\u0119 wsiedlenie przynajmniej dw\u00f3jki m\u0142odych, sta\u0142o si\u0119 konieczne zdobycie drugiego ptaka.\u00a0<\/strong><\/p>\n<p><strong><a href=\"https:\/\/mto-kr.pl\/en\/poczatki-projektu\/\">Czytaj r\u00f3wnie\u017c: Pocz\u0105tki projektu<\/a><\/strong><\/p>\n<p style=\"text-align: justify;\">Na pytanie &#8211; jak zdoby\u0107 drugiego ptaka \u2013 szybko znale\u017ali\u015bmy odpowied\u017a. Trzeba kupi\u0107. MTO og\u0142osi\u0142o zbi\u00f3rk\u0119. Og\u0142oszenie pojawi\u0142o si\u0119 w internecie. Wp\u0142acali ptasiarze i znajomi ptasiarzy, oraz FalcoFani z ca\u0142ej Polski (grupa przy Stowarzyszeniu \u201eSok\u00f3\u0142). Odzew nas samych zaskoczy\u0142. Po 14 dniach na koncie by\u0142o 7\u00a0000 z\u0142, mogli\u015bmy my\u015ble\u0107 o zakupie dw\u00f3ch m\u0142odych soko\u0142\u00f3w.<\/p>\n<p style=\"text-align: justify;\">I wtedy pojawi\u0142 si\u0119 pomys\u0142: kupimy jednego ptaka i wyposa\u017cymy go w nadajnik satelitarny. Dlaczego nie dwa ptaki? Dzi\u0119ki nadajnikowi b\u0119dzie mo\u017cna \u015bledzi\u0107 jego w\u0119dr\u00f3wki i zachowania, a w razie potrzeby \u0142atwo b\u0119dzie mo\u017cna go zlokalizowa\u0107, by udzieli\u0107 mu pomocy. Decyzja zapad\u0142a. Ze S\u0142awkiem Sielickim prezesem Stowarzyszenia Sok\u00f3\u0142 uzgodnili\u015bmy termin wsiedlenia i obr\u0105czkowania ptak\u00f3w.<\/p>\n<p style=\"text-align: justify;\">5 lipca zesp\u00f3\u0142 wsiedlaj\u0105cy z ramienia Ma\u0142opolskiego Towarzystwa Ornitologicznego tj. Urszula Srzednicka i Krzysztof Haja stawi\u0142 si\u0119 przed bram\u0105 elektrowni. Przyjecha\u0142\u00a0 S\u0142awek, przyjecha\u0142 sokolnik Adam Mroczek, a z nimi\u2026 a\u017c cztery (!) sze\u015bciotygodniowe soko\u0142y. Dwa z Krzywaczki (woj. ma\u0142opolskie): jeden by\u0142 darem od Adama, drugi zosta\u0142 u niego zakupiony ze \u015brodk\u00f3w ze zbi\u00f3rki og\u0142oszonej przez MTO. Kolejne dwa trafi\u0142y do nas jako dar od hodowcy sokolnika S\u0142awomira Sularza z Myszkowa (woj. \u015bl\u0105skie). Soko\u0142om zosta\u0142y zdj\u0119te obr\u0105czki hodowlane i za\u0142o\u017cone obr\u0105czki ornitologiczne w kolorze z\u0142otym (oznaczaj\u0105ce wsiedlenie na terenie miejskim) oraz obserwacyjne czarne (dla ptak\u00f3w pochodz\u0105cych z hodowli). Soko\u0142y z Ma\u0142opolski zosta\u0142y oznaczone 5DC i 6DC, ze \u015al\u0105ska 7DC i 8DC. Po na\u0142o\u017ceniu obr\u0105czek pobierana by\u0142a krew do pr\u00f3bek DNA i by\u0142 to najtrudniejszy zabieg dla ptaka, wtedy wida\u0107 by\u0142o najwi\u0119kszy ich niepok\u00f3j. Na koniec soko\u0142owi 5DC S\u0142awek za\u0142o\u017cy\u0142 nadajnik GPS, m\u0142ody bardzo spokojnie to przyjmowa\u0142.<\/p>\n<p style=\"text-align: justify;\">Ca\u0142y zesp\u00f3\u0142 wjecha\u0142 wind\u0105 na poziom gniazda (80m), kt\u00f3re zosta\u0142o odpowiednio przygotowane. W gnie\u017adzie otwierane s\u0105 dwie \u015bciany boczne. Podest przed gniazdem zosta\u0142 zamkni\u0119ty \u0142atw\u0105 do otworzenia klatk\u0105 z siatki. Wlot do wrzucania pokarmu zamontowano na tylnej \u015bcianie u g\u00f3ry, tak aby soko\u0142y nie widzia\u0142y osoby karmi\u0105cej i nie kojarzy\u0142y pokarmu z cz\u0142owiekiem. Zamra\u017carka z pokarmem zosta\u0142a przygotowana w pomieszczeniu gospodarczym na dole komina.Pan Stanis\u0142aw Suchan pracownik elektrowni wzi\u0105\u0142 na siebie odpowiedzialno\u015b\u0107 za codzienne zabiegi zwi\u0105zane z karmieniem ptak\u00f3w. Jego wk\u0142ad i zaanga\u017cowanie na tym etapie projektu by\u0142 nie do przecenienia.<\/p>\n<p style=\"text-align: justify;\">M\u0142ode soko\u0142y musia\u0142y si\u0119 teraz przyzwyczai\u0107 do braku doros\u0142ych ptak\u00f3w, nowego otoczenia, wysoko\u015bci i samodzielnego jedzenia. Na pewno nowo\u015bci\u0105 dla nich by\u0142a krata podestu, towarzystwo kr\u0105\u017c\u0105cych wok\u00f3\u0142 platformy pustu\u0142ek, \u015bwiat\u0142o lampy kierunkowej na kominie \u015bwiec\u0105cej ca\u0142\u0105 noc itd. Tego wszystkiego musia\u0142y nauczy\u0107 si\u0119 przez 10 dni.<\/p>\n<p style=\"text-align: justify;\">14 lipca 2021 klatka obudowuj\u0105ca podest\u00a0 zosta\u0142a podniesiona i soko\u0142y mog\u0142y zacz\u0105\u0107 etap usamodzielniania si\u0119. Spod komina wdzieli\u015bmy wyloty trzech ptak\u00f3w. Z do\u0142u trudno by\u0142o oceni\u0107, czy start by\u0142 zamierzony. Pierwszy, prawdopodobnie to by\u0142 8DC, najprawdopodobniej straci\u0142 r\u00f3wnowag\u0119 podczas jedzenia i z kurczakiem w szponach przelecia\u0142 na lamp\u0119 po drugiej stronie komina. Tam doko\u0144czy\u0142 posi\u0142ek i przelecia\u0142 na s\u0105siedni komin, \u0142atwiejszy, bo z barierkami, drabinkami. Dok\u0142adnie mo\u017cna by\u0142o zaobserwowa\u0107 wylot trzeciego ptaka &#8211; 5DC z nadajnikiem. Wskakiwa\u0142 na lamp\u0119, ze\u015blizgn\u0105\u0142 si\u0119, szybko z\u0142apa\u0142 wiatr w skrzyd\u0142a i pewnie poszybowa\u0142. M\u0142ode ptaki, kt\u00f3re dopiero rozwija\u0142y swoj\u0105 koordynacj\u0119 wzrokowo-ruchow\u0105 uczy\u0142y si\u0119 planowania lotu. Dlatego pierwsze pr\u00f3by l\u0105dowania na s\u0105siednim kominie ko\u0144czy\u0142y si\u0119 zsuwaniem po nagiej \u015bcianie konstrukcji. Jako ostatni w sw\u00f3j pierwszy lot wylecia\u0142 7DC \u2013nast\u0119pnego dnia wieczorem. 5DC i 6DC pojawi\u0142y si\u0119 ponownie w gnie\u017adzie nast\u0119pnego dnia po wylocie, 7DC i 8DC po dw\u00f3ch dniach.<\/p>\n<p style=\"text-align: justify;\">W pierwszym tygodniu samodzielno\u015bci soko\u0142\u00f3w wszystkie ptaki opu\u015bci\u0142y gniazdo. \u017baden ptak nie spad\u0142 na ziemi\u0119, \u017caden nie dozna\u0142 kontuzji. S\u0105 w dobrej kondycji. Ka\u017cdemu uda\u0142o si\u0119 wr\u00f3ci\u0107 do gniazda, wszystkie przylatywa\u0142y aby po\u017cywi\u0107 si\u0119 nadal wyk\u0142adan\u0105 karm\u0105. Na podgl\u0105dzie z kamer mo\u017cna by\u0142o zobaczy\u0107, jak czasem przylatuj\u0105 ca\u0142\u0105 eskadr\u0105.<\/p>\n<p style=\"text-align: right;\">Urszula Srzednicka<\/p>\n\n\t\t<style>\n\t\t\t#gallery-1 {\n\t\t\t\tmargin: auto;\n\t\t\t}\n\t\t\t#gallery-1 .gallery-item {\n\t\t\t\tfloat: left;\n\t\t\t\tmargin-top: 10px;\n\t\t\t\ttext-align: center;\n\t\t\t\twidth: 25%;\n\t\t\t}\n\t\t\t#gallery-1 img {\n\t\t\t\tborder: 2px solid #cfcfcf;\n\t\t\t}\n\t\t\t#gallery-1 .gallery-caption {\n\t\t\t\tmargin-left: 0;\n\t\t\t}\n\t\t\t\/* see gallery_shortcode() in wp-includes\/media.php *\/\n\t\t<\/style>\n\t\t<div id='gallery-1' class='gallery galleryid-1685 gallery-columns-4 gallery-size-thumbnail'><dl class='gallery-item'>\n\t\t\t<dt class='gallery-icon portrait'>\n\t\t\t\t<a href='https:\/\/mto-kr.pl\/wp-content\/uploads\/2021\/11\/1.jpg'><img loading=\"lazy\" decoding=\"async\" width=\"150\" height=\"150\" src=\"https:\/\/mto-kr.pl\/wp-content\/uploads\/2021\/11\/1-150x150.jpg\" class=\"attachment-thumbnail size-thumbnail\" alt=\"\" \/><\/a>\n\t\t\t<\/dt><\/dl><dl class='gallery-item'>\n\t\t\t<dt class='gallery-icon landscape'>\n\t\t\t\t<a href='https:\/\/mto-kr.pl\/wp-content\/uploads\/2021\/11\/2.jpg'><img loading=\"lazy\" decoding=\"async\" width=\"150\" height=\"150\" src=\"https:\/\/mto-kr.pl\/wp-content\/uploads\/2021\/11\/2-150x150.jpg\" class=\"attachment-thumbnail size-thumbnail\" alt=\"Sok\u00f3\u0142 5DC po zamontowaniu nadajnika GPS.\" \/><\/a>\n\t\t\t<\/dt><\/dl><dl class='gallery-item'>\n\t\t\t<dt class='gallery-icon landscape'>\n\t\t\t\t<a href='https:\/\/mto-kr.pl\/wp-content\/uploads\/2021\/11\/3.jpg'><img loading=\"lazy\" decoding=\"async\" width=\"150\" height=\"150\" src=\"https:\/\/mto-kr.pl\/wp-content\/uploads\/2021\/11\/3-150x150.jpg\" class=\"attachment-thumbnail size-thumbnail\" alt=\"Po zako\u0144czeniu akcji wsiedlenia wewn\u0105trz komina, obok gniazda. Od lewej Krzysztof Haja (MTO), Adam Mroczek sokolnictwo.pl, Urszula Srzednicka MTO i FalcoFani, S\u0142awomir Sielicki prezes Stowarzyszenia \u201eSok\u00f3\u0142\u201d.\" \/><\/a>\n\t\t\t<\/dt><\/dl><dl class='gallery-item'>\n\t\t\t<dt class='gallery-icon landscape'>\n\t\t\t\t<a href='https:\/\/mto-kr.pl\/wp-content\/uploads\/2021\/11\/4.jpg'><img loading=\"lazy\" decoding=\"async\" width=\"150\" height=\"150\" src=\"https:\/\/mto-kr.pl\/wp-content\/uploads\/2021\/11\/4-150x150.jpg\" class=\"attachment-thumbnail size-thumbnail\" alt=\"Pierwsze 10 dni soko\u0142y sp\u0119dzi\u0142y w zamkni\u0119tej klatce. Coraz intensywniej przygotowywa\u0142y si\u0119 do lotu. Najcz\u0119\u015bciej przebywa\u0142y na pode\u015bcie.\" \/><\/a>\n\t\t\t<\/dt><\/dl><br style=\"clear: both\" \/><dl class='gallery-item'>\n\t\t\t<dt class='gallery-icon landscape'>\n\t\t\t\t<a href='https:\/\/mto-kr.pl\/wp-content\/uploads\/2021\/11\/5.jpg'><img loading=\"lazy\" decoding=\"async\" width=\"150\" height=\"150\" src=\"https:\/\/mto-kr.pl\/wp-content\/uploads\/2021\/11\/5-150x150.jpg\" class=\"attachment-thumbnail size-thumbnail\" alt=\"Na pode\u015bcie soko\u0142y sp\u0119dza\u0142y noce, przysypiaj\u0105c w \u015bwietle kominowej lampy.\" \/><\/a>\n\t\t\t<\/dt><\/dl><dl class='gallery-item'>\n\t\t\t<dt class='gallery-icon landscape'>\n\t\t\t\t<a href='https:\/\/mto-kr.pl\/wp-content\/uploads\/2021\/11\/6.jpg'><img loading=\"lazy\" decoding=\"async\" width=\"150\" height=\"150\" src=\"https:\/\/mto-kr.pl\/wp-content\/uploads\/2021\/11\/6-150x150.jpg\" class=\"attachment-thumbnail size-thumbnail\" alt=\"Nad Skawin\u0105 przesz\u0142a gwa\u0142towna burza. Nasze sokol\u0119ta poznawa\u0142y wiatr, poznawa\u0142y ulew\u0119. Pewnie pierwszy raz w \u017cyciu. Rozk\u0142ada\u0142y skrzyd\u0142a na wietrze, dostosowywa\u0142y si\u0119 do jego kierunku. Gdy by\u0142y ju\u017c zupe\u0142nie mokre, schowa\u0142y si\u0119 w budce.\" \/><\/a>\n\t\t\t<\/dt><\/dl><dl class='gallery-item'>\n\t\t\t<dt class='gallery-icon landscape'>\n\t\t\t\t<a href='https:\/\/mto-kr.pl\/wp-content\/uploads\/2021\/11\/7.jpg'><img loading=\"lazy\" decoding=\"async\" width=\"150\" height=\"150\" src=\"https:\/\/mto-kr.pl\/wp-content\/uploads\/2021\/11\/7-150x150.jpg\" class=\"attachment-thumbnail size-thumbnail\" alt=\"14.07.2021. Klatka podniesiona, gniazdo otwarte.\" \/><\/a>\n\t\t\t<\/dt><\/dl><dl class='gallery-item'>\n\t\t\t<dt class='gallery-icon landscape'>\n\t\t\t\t<a href='https:\/\/mto-kr.pl\/wp-content\/uploads\/2021\/11\/8.jpg'><img loading=\"lazy\" decoding=\"async\" width=\"150\" height=\"150\" src=\"https:\/\/mto-kr.pl\/wp-content\/uploads\/2021\/11\/8-150x150.jpg\" class=\"attachment-thumbnail size-thumbnail\" alt=\"Pierwszy lot 8DC.\" \/><\/a>\n\t\t\t<\/dt><\/dl><br style=\"clear: both\" \/>\n\t\t<\/div>","protected":false},"excerpt":{"rendered":"<p>Pierwszy z serii artyku\u0142\u00f3w po\u015bwi\u0119conych restytucji soko\u0142\u00f3w w\u0119drownych\u00a0na komin elektrowni w Skawinie opisywa\u0142 proces monta\u017cu klatki l\u0119gowej oraz organizacj\u0119 opieki nad m\u0142odymi soko\u0142ami, kt\u00f3re mia\u0142y zosta\u0107 wsiedlone.\u00a0Niestety hodowca m\u00f3g\u0142 nam przekaza\u0107 tylko jedno piskl\u0119, a poniewa\u017c praktykuje si\u0119 wsiedlenie przynajmniej dw\u00f3jki m\u0142odych, sta\u0142o si\u0119 konieczne zdobycie drugiego ptaka.\u00a0 Czytaj r\u00f3wnie\u017c: Pocz\u0105tki projektu Na pytanie &#8211; jak zdoby\u0107 drugiego ptaka \u2013 szybko znale\u017ali\u015bmy odpowied\u017a. Trzeba kupi\u0107. MTO og\u0142osi\u0142o zbi\u00f3rk\u0119. Og\u0142oszenie pojawi\u0142o si\u0119 w internecie. Wp\u0142acali ptasiarze i znajomi ptasiarzy, oraz FalcoFani z ca\u0142ej Polski (grupa przy Stowarzyszeniu \u201eSok\u00f3\u0142). Odzew nas samych zaskoczy\u0142. Po 14 dniach na koncie by\u0142o 7\u00a0000 z\u0142, mogli\u015bmy\u2026 <a class=\"continue-reading-link\" href=\"https:\/\/mto-kr.pl\/en\/2021\/11\/04\/restytucja-sokola-wedrownego-jak-zdobyc-drugiego-sokola\/\">Czytaj dalej&#8230;<\/a><\/p>","protected":false},"author":1,"featured_media":1690,"comment_status":"closed","ping_status":"open","sticky":false,"template":"","format":"standard","meta":{"_monsterinsights_skip_tracking":false,"footnotes":""},"categories":[4],"tags":[],"class_list":["post-1685","post","type-post","status-publish","format-standard","has-post-thumbnail","hentry","category-aktualnosci"],"_links":{"self":[{"href":"https:\/\/mto-kr.pl\/en\/wp-json\/wp\/v2\/posts\/1685","targetHints":{"allow":["GET"]}}],"collection":[{"href":"https:\/\/mto-kr.pl\/en\/wp-json\/wp\/v2\/posts"}],"about":[{"href":"https:\/\/mto-kr.pl\/en\/wp-json\/wp\/v2\/types\/post"}],"author":[{"embeddable":true,"href":"https:\/\/mto-kr.pl\/en\/wp-json\/wp\/v2\/users\/1"}],"replies":[{"embeddable":true,"href":"https:\/\/mto-kr.pl\/en\/wp-json\/wp\/v2\/comments?post=1685"}],"version-history":[{"count":5,"href":"https:\/\/mto-kr.pl\/en\/wp-json\/wp\/v2\/posts\/1685\/revisions"}],"predecessor-version":[{"id":2575,"href":"https:\/\/mto-kr.pl\/en\/wp-json\/wp\/v2\/posts\/1685\/revisions\/2575"}],"wp:featuredmedia":[{"embeddable":true,"href":"https:\/\/mto-kr.pl\/en\/wp-json\/wp\/v2\/media\/1690"}],"wp:attachment":[{"href":"https:\/\/mto-kr.pl\/en\/wp-json\/wp\/v2\/media?parent=1685"}],"wp:term":[{"taxonomy":"category","embeddable":true,"href":"https:\/\/mto-kr.pl\/en\/wp-json\/wp\/v2\/categories?post=1685"},{"taxonomy":"post_tag","embeddable":true,"href":"https:\/\/mto-kr.pl\/en\/wp-json\/wp\/v2\/tags?post=1685"}],"curies":[{"name":"wp","href":"https:\/\/api.w.org\/{rel}","templated":true}]}}