{"id":1727,"date":"2022-03-14T12:13:58","date_gmt":"2022-03-14T11:13:58","guid":{"rendered":"https:\/\/mto-kr.pl\/?p=1727"},"modified":"2022-04-02T11:04:48","modified_gmt":"2022-04-02T09:04:48","slug":"iii-wiosenny-zjazd-ornitologow-polski-poludniowo-wschodniej-19-marca-2022-r","status":"publish","type":"post","link":"https:\/\/mto-kr.pl\/en\/2022\/03\/14\/iii-wiosenny-zjazd-ornitologow-polski-poludniowo-wschodniej-19-marca-2022-r\/","title":{"rendered":"III Wiosenny Zjazd Ornitolog\u00f3w Polski po\u0142udniowo-wschodniej &#8211; 19 marca 2022 r."},"content":{"rendered":"<p><a href=\"https:\/\/mto-kr.pl\/wp-content\/uploads\/2022\/03\/MTO-obraz-zjazd.png\"><img loading=\"lazy\" decoding=\"async\" class=\"aligncenter size-full wp-image-1736\" src=\"https:\/\/mto-kr.pl\/wp-content\/uploads\/2022\/03\/MTO-obraz-zjazd.png\" alt=\"\" width=\"900\" height=\"481\" srcset=\"https:\/\/mto-kr.pl\/wp-content\/uploads\/2022\/03\/MTO-obraz-zjazd.png 900w, https:\/\/mto-kr.pl\/wp-content\/uploads\/2022\/03\/MTO-obraz-zjazd-300x160.png 300w, https:\/\/mto-kr.pl\/wp-content\/uploads\/2022\/03\/MTO-obraz-zjazd-768x410.png 768w, https:\/\/mto-kr.pl\/wp-content\/uploads\/2022\/03\/MTO-obraz-zjazd-655x350.png 655w, https:\/\/mto-kr.pl\/wp-content\/uploads\/2022\/03\/MTO-obraz-zjazd-150x80.png 150w\" sizes=\"auto, (max-width: 900px) 100vw, 900px\" \/><\/a><\/p>\n<p>&nbsp;<\/p>\n<p><strong>PROGRAM WIOSENNEGO ZJAZDU ORNITOLOG\u00d3W POLSKI PO\u0141UDNIOWO-WSCHODNIEJ:<\/strong><\/p>\n<p><em>Zjazd odb\u0119dzie si\u0119 online w aplikacji Teams (dok\u0142adny instrukta\u017c znajdziesz <a href=\"https:\/\/mto-kr.pl\/wp-content\/uploads\/2022\/03\/III_Wiosenny_Zjazd_MTO_220319_Program.pdf\">tutaj<\/a>).<\/em><\/p>\n<p><em>Link do wydarzenia:\u00a0<a href=\"https:\/\/walasz.net\/III-Wiosenny-Zjazd-MTO\/\">wchodz\u0119<\/a><\/em><\/p>\n<p>&nbsp;<\/p>\n<p><strong>19 marca 2022 r. (sobota)<\/strong><\/p>\n<table style=\"width: 100%; border-collapse: collapse; border-color: #000000; height: 1048px;\">\n<tbody>\n<tr style=\"height: 24px;\">\n<td style=\"width: 21.4479%; text-align: center; height: 24px;\">16.00 &#8211; 16.05<\/td>\n<td style=\"width: 78.5521%; height: 24px;\">Otwarcie Zjazdu<\/td>\n<\/tr>\n<tr style=\"height: 120px;\">\n<td style=\"width: 21.4479%; text-align: center; height: 120px;\">16.05 &#8211; 16.40<\/td>\n<td style=\"width: 78.5521%; height: 120px;\"><strong>Rzadkie gatunki ptak\u00f3w obserwowane w 2021 roku na terenie Polski pd. wsch.<\/strong><\/p>\n<p>Stanis\u0142aw Czy\u017c (MTO)<\/td>\n<\/tr>\n<tr style=\"height: 96px;\">\n<td style=\"width: 21.4479%; text-align: center; height: 96px;\">16.40 &#8211; 16.50<\/td>\n<td style=\"width: 78.5521%; height: 96px;\"><strong>Wyniki licze\u0144 zimowych w styczniu 2022 r. w Regionie<\/strong><\/p>\n<p>mgr Katarzyna Mikici\u0144ska (MTO)<\/td>\n<\/tr>\n<tr>\n<td style=\"width: 21.4479%; text-align: center;\">16.50 &#8211; 17.00<\/td>\n<td style=\"width: 78.5521%;\"><strong>Program ochrony bociana bia\u0142ego w obszarze Polski zachodniej realizowany we wsp\u00f3\u0142pracy z ENEA Operator (Pozna\u0144) <a href=\"https:\/\/mto-kr.pl\/en\/2022\/03\/18\/program-wspolpracy-w-badaniach-i-ochronie-bociana-bialego-w-obszarze-dzialania-enea-operator\/\">link<\/a><\/strong><\/p>\n<p>dr Kazimierz Walasz (MTO)<\/td>\n<\/tr>\n<tr>\n<td style=\"width: 21.4479%; text-align: center;\">17.00 &#8211; 17.10<\/td>\n<td style=\"width: 78.5521%;\"><strong>Awifauna zarastaj\u0105cych upraw rolniczych i innych \u015brodowisk marginalnych na obszarach otwartych ma\u0142opolski. Zaproszenie do nowego projektu MTO<\/strong><\/p>\n<p>dr in\u017c. Damian Wiehle (MTO)<\/td>\n<\/tr>\n<tr style=\"height: 120px;\">\n<td style=\"width: 21.4479%; text-align: center; height: 120px;\">17.10 &#8211; 17.40<\/td>\n<td style=\"width: 78.5521%; height: 120px;\"><strong> Czynniki wp\u0142ywaj\u0105ce na gnie\u017cd\u017cenie si\u0119 i l\u0119gi\u00a0zausznika w warunkach staw\u00f3w rybnych<\/strong><\/p>\n<p>dr hab. Robert Gwiazda (Inst. Ochrony Przyrody PAN, Krak\u00f3w)<\/td>\n<\/tr>\n<tr>\n<td style=\"width: 21.4479%; text-align: center;\">17.40 &#8211; 18.10<\/td>\n<td style=\"width: 78.5521%;\"><strong>Go\u0142\u0105b miejski jako doskona\u0142y gatunek modelowy do bada\u0144 ekologicznych<\/strong><\/p>\n<p>dr Maciej Kami\u0144ski (Wydz. Biologii i Ochrony \u015arodowiska, Uniwersytet \u0141\u00f3dzki)<\/td>\n<\/tr>\n<tr>\n<td style=\"width: 21.4479%; text-align: center;\">18.10 &#8211; 18.40<\/td>\n<td style=\"width: 78.5521%;\"><strong>Mieszane l\u0119gi i znikaj\u0105ce drzewa &#8211; wp\u0142yw na stan populacji dzi\u0119cio\u0142a bia\u0142oszyjego w aglomeracji krakowskiej<\/strong><\/p>\n<p>dr hab. \u0141ukasz Kajtoch, mgr in\u017c. Bart\u0142omiej Kusal (Inst. Systematyki i ewolucji zwierz\u0105t PAN, Krak\u00f3w)<\/td>\n<\/tr>\n<tr>\n<td style=\"width: 21.4479%; text-align: center;\">18.40 &#8211; 19.25<\/td>\n<td style=\"width: 78.5521%;\"><strong>Wp\u0142yw wsp\u00f3\u0142czesnej gospodarki le\u015bnej na populacje i siedliska ptak\u00f3w<\/strong><\/p>\n<p>mgr in\u017c. Adam Zbyryt (Szko\u0142a Doktorska Nauk \u015acis\u0142ych i Przyrodniczych Uniwersytetu w Bia\u0142ymstoku)<\/td>\n<\/tr>\n<tr style=\"height: 96px;\">\n<td style=\"width: 21.4479%; text-align: center; height: 96px;\">19.25 &#8211; 20.00<\/td>\n<td style=\"width: 78.5521%; height: 96px;\"><strong>Wyspy wymarzone<\/strong><\/p>\n<p>dr Jacek Betleja (Dzia\u0142 Przyrody, Muzeum G\u00f3rno\u015bl\u0105skie w Bytomiu)<\/td>\n<\/tr>\n<tr style=\"height: 40px;\">\n<td style=\"width: 21.4479%; text-align: center; height: 40px;\">20.00<\/td>\n<td style=\"width: 78.5521%; height: 40px;\">Zako\u0144czenie Zjazdu<\/td>\n<\/tr>\n<\/tbody>\n<\/table>\n<p>&nbsp;<\/p>\n<p>Wszystkich serdecznie zapraszamy na Zjazd i prosimy o poinformowanie innych zainteresowanych!<\/p>\n<p>W imieniu organizator\u00f3w,<br \/>\nPrezes MTO<br \/>\ndr Kazimierz Walasz<\/p>\n<p>Program Zjazdu oraz instrukcja po\u0142\u0105czenia online (PDF) dost\u0119pne s\u0105 <a href=\"https:\/\/mto-kr.pl\/wp-content\/uploads\/2022\/03\/III_Wiosenny_Zjazd_MTO_220319_Program.pdf\">tutaj<\/a>.<\/p>","protected":false},"excerpt":{"rendered":"<p>&nbsp; PROGRAM WIOSENNEGO ZJAZDU ORNITOLOG\u00d3W POLSKI PO\u0141UDNIOWO-WSCHODNIEJ: Zjazd odb\u0119dzie si\u0119 online w aplikacji Teams (dok\u0142adny instrukta\u017c znajdziesz tutaj). Link do wydarzenia:\u00a0wchodz\u0119 &nbsp; 19 marca 2022 r. (sobota) 16.00 &#8211; 16.05 Otwarcie Zjazdu 16.05 &#8211; 16.40 Rzadkie gatunki ptak\u00f3w obserwowane w 2021 roku na terenie Polski pd. wsch. Stanis\u0142aw Czy\u017c (MTO) 16.40 &#8211; 16.50 Wyniki licze\u0144 zimowych w styczniu 2022 r. w Regionie mgr Katarzyna Mikici\u0144ska (MTO) 16.50 &#8211; 17.00 Program ochrony bociana bia\u0142ego w obszarze Polski zachodniej realizowany we wsp\u00f3\u0142pracy z ENEA Operator (Pozna\u0144) link dr Kazimierz Walasz (MTO) 17.00 &#8211; 17.10 Awifauna zarastaj\u0105cych upraw rolniczych i innych \u015brodowisk marginalnych\u2026 <a class=\"continue-reading-link\" href=\"https:\/\/mto-kr.pl\/en\/2022\/03\/14\/iii-wiosenny-zjazd-ornitologow-polski-poludniowo-wschodniej-19-marca-2022-r\/\">Czytaj dalej&#8230;<\/a><\/p>","protected":false},"author":1,"featured_media":1736,"comment_status":"open","ping_status":"open","sticky":false,"template":"","format":"standard","meta":{"_monsterinsights_skip_tracking":false,"footnotes":""},"categories":[4,9],"tags":[],"class_list":["post-1727","post","type-post","status-publish","format-standard","has-post-thumbnail","hentry","category-aktualnosci","category-parabola_slide"],"_links":{"self":[{"href":"https:\/\/mto-kr.pl\/en\/wp-json\/wp\/v2\/posts\/1727","targetHints":{"allow":["GET"]}}],"collection":[{"href":"https:\/\/mto-kr.pl\/en\/wp-json\/wp\/v2\/posts"}],"about":[{"href":"https:\/\/mto-kr.pl\/en\/wp-json\/wp\/v2\/types\/post"}],"author":[{"embeddable":true,"href":"https:\/\/mto-kr.pl\/en\/wp-json\/wp\/v2\/users\/1"}],"replies":[{"embeddable":true,"href":"https:\/\/mto-kr.pl\/en\/wp-json\/wp\/v2\/comments?post=1727"}],"version-history":[{"count":11,"href":"https:\/\/mto-kr.pl\/en\/wp-json\/wp\/v2\/posts\/1727\/revisions"}],"predecessor-version":[{"id":1749,"href":"https:\/\/mto-kr.pl\/en\/wp-json\/wp\/v2\/posts\/1727\/revisions\/1749"}],"wp:featuredmedia":[{"embeddable":true,"href":"https:\/\/mto-kr.pl\/en\/wp-json\/wp\/v2\/media\/1736"}],"wp:attachment":[{"href":"https:\/\/mto-kr.pl\/en\/wp-json\/wp\/v2\/media?parent=1727"}],"wp:term":[{"taxonomy":"category","embeddable":true,"href":"https:\/\/mto-kr.pl\/en\/wp-json\/wp\/v2\/categories?post=1727"},{"taxonomy":"post_tag","embeddable":true,"href":"https:\/\/mto-kr.pl\/en\/wp-json\/wp\/v2\/tags?post=1727"}],"curies":[{"name":"wp","href":"https:\/\/api.w.org\/{rel}","templated":true}]}}