{"id":1752,"date":"2022-03-30T11:26:46","date_gmt":"2022-03-30T09:26:46","guid":{"rendered":"https:\/\/mto-kr.pl\/?p=1752"},"modified":"2022-04-02T10:57:53","modified_gmt":"2022-04-02T08:57:53","slug":"zapraszamy-na-wycieczki-organizowane-przez-mto","status":"publish","type":"post","link":"https:\/\/mto-kr.pl\/en\/2022\/03\/30\/zapraszamy-na-wycieczki-organizowane-przez-mto\/","title":{"rendered":"Zapraszamy na wycieczki organizowane przez MTO!"},"content":{"rendered":"<p><a href=\"https:\/\/mto-kr.pl\/wp-content\/uploads\/2018\/01\/edp_2017.jpg\"><img loading=\"lazy\" decoding=\"async\" class=\"aligncenter size-full wp-image-96\" src=\"https:\/\/mto-kr.pl\/wp-content\/uploads\/2018\/01\/edp_2017.jpg\" alt=\"\" width=\"1200\" height=\"500\" srcset=\"https:\/\/mto-kr.pl\/wp-content\/uploads\/2018\/01\/edp_2017.jpg 1200w, https:\/\/mto-kr.pl\/wp-content\/uploads\/2018\/01\/edp_2017-300x125.jpg 300w, https:\/\/mto-kr.pl\/wp-content\/uploads\/2018\/01\/edp_2017-768x320.jpg 768w, https:\/\/mto-kr.pl\/wp-content\/uploads\/2018\/01\/edp_2017-1024x427.jpg 1024w, https:\/\/mto-kr.pl\/wp-content\/uploads\/2018\/01\/edp_2017-840x350.jpg 840w, https:\/\/mto-kr.pl\/wp-content\/uploads\/2018\/01\/edp_2017-150x63.jpg 150w\" sizes=\"auto, (max-width: 1200px) 100vw, 1200px\" \/><\/a><\/p>\n<p>W wycieczkach organizowanych przez Ma\u0142opolskie Towarzystwo Ornitologiczne wzi\u0105\u0107 mo\u017ce udzia\u0142 ka\u017cdy. Nie trzeba by\u0107 wykszta\u0142conym ornitologiem. Wystarczy pozytywne nastawienie i ch\u0119\u0107 poznania otaczaj\u0105cego nas \u015bwiata. Serdecznie zapraszamy!<\/p>\n<p>&nbsp;<\/p>\n<p>Szczeg\u00f3\u0142owy plan wycieczek na wiosn\u0119 i lato 2022 mo\u017cna znale\u017a\u0107 <a href=\"https:\/\/mto-kr.pl\/en\/program-wycieczek-mto\/\">tutaj.<\/a><\/p>","protected":false},"excerpt":{"rendered":"<p>W wycieczkach organizowanych przez Ma\u0142opolskie Towarzystwo Ornitologiczne wzi\u0105\u0107 mo\u017ce udzia\u0142 ka\u017cdy. Nie trzeba by\u0107 wykszta\u0142conym ornitologiem. Wystarczy pozytywne nastawienie i ch\u0119\u0107 poznania otaczaj\u0105cego nas \u015bwiata. Serdecznie zapraszamy! &nbsp; Szczeg\u00f3\u0142owy plan wycieczek na wiosn\u0119 i lato 2022 mo\u017cna znale\u017a\u0107 tutaj. <a class=\"continue-reading-link\" href=\"https:\/\/mto-kr.pl\/en\/2022\/03\/30\/zapraszamy-na-wycieczki-organizowane-przez-mto\/\">Czytaj dalej&#8230;<\/a><\/p>","protected":false},"author":1,"featured_media":105,"comment_status":"open","ping_status":"open","sticky":false,"template":"","format":"standard","meta":{"_monsterinsights_skip_tracking":false,"footnotes":""},"categories":[4,9],"tags":[3],"class_list":["post-1752","post","type-post","status-publish","format-standard","has-post-thumbnail","hentry","category-aktualnosci","category-parabola_slide","tag-top"],"_links":{"self":[{"href":"https:\/\/mto-kr.pl\/en\/wp-json\/wp\/v2\/posts\/1752","targetHints":{"allow":["GET"]}}],"collection":[{"href":"https:\/\/mto-kr.pl\/en\/wp-json\/wp\/v2\/posts"}],"about":[{"href":"https:\/\/mto-kr.pl\/en\/wp-json\/wp\/v2\/types\/post"}],"author":[{"embeddable":true,"href":"https:\/\/mto-kr.pl\/en\/wp-json\/wp\/v2\/users\/1"}],"replies":[{"embeddable":true,"href":"https:\/\/mto-kr.pl\/en\/wp-json\/wp\/v2\/comments?post=1752"}],"version-history":[{"count":2,"href":"https:\/\/mto-kr.pl\/en\/wp-json\/wp\/v2\/posts\/1752\/revisions"}],"predecessor-version":[{"id":1754,"href":"https:\/\/mto-kr.pl\/en\/wp-json\/wp\/v2\/posts\/1752\/revisions\/1754"}],"wp:featuredmedia":[{"embeddable":true,"href":"https:\/\/mto-kr.pl\/en\/wp-json\/wp\/v2\/media\/105"}],"wp:attachment":[{"href":"https:\/\/mto-kr.pl\/en\/wp-json\/wp\/v2\/media?parent=1752"}],"wp:term":[{"taxonomy":"category","embeddable":true,"href":"https:\/\/mto-kr.pl\/en\/wp-json\/wp\/v2\/categories?post=1752"},{"taxonomy":"post_tag","embeddable":true,"href":"https:\/\/mto-kr.pl\/en\/wp-json\/wp\/v2\/tags?post=1752"}],"curies":[{"name":"wp","href":"https:\/\/api.w.org\/{rel}","templated":true}]}}