{"id":2137,"date":"2022-12-16T21:51:47","date_gmt":"2022-12-16T20:51:47","guid":{"rendered":"https:\/\/mto-kr.pl\/?p=2137"},"modified":"2024-09-04T19:16:38","modified_gmt":"2024-09-04T17:16:38","slug":"relacja-z-54-zjazdu-ornitologow-polski-poludniowo-wschodniej","status":"publish","type":"post","link":"https:\/\/mto-kr.pl\/en\/2022\/12\/16\/relacja-z-54-zjazdu-ornitologow-polski-poludniowo-wschodniej\/","title":{"rendered":"Relacja z 54 Zjazdu Ornitolog\u00f3w Polski Po\u0142udniowo-Wschodniej!"},"content":{"rendered":"<div class=\"x11i5rnm xat24cr x1mh8g0r x1vvkbs xdj266r x126k92a\">\n<p>W dniach 26-27 listopada 2022 r. mia\u0142 miejsce 54 Zjazd Ornitolog\u00f3w Polski Po\u0142udniowo-Wschodniej w Krakowie, na terenie Wydzia\u0142u Hodowli I Biologii Zwierz\u0105t Uniwersytetu Rolniczego w Krakowie, przy al. Mickiewicza 24\/28, kt\u00f3ry go\u015bci nas ju\u017c od 2010 r. By\u0142 to zjazd 40 lat od rozpocz\u0119cia naszej dzia\u0142alno\u015bci, jako Klubu Ornitolog\u00f3w Ma\u0142opolski &#8211; przy Inst. Nauk o \u015arodowisku UJ i 30 lat od formalnego zarejestrowania Ma\u0142opolskiego Towarzystwa Ornitologicznego. W Zje\u017adzie wzi\u0119\u0142o udzia\u0142 ok. 120 os\u00f3b.<\/p>\n<\/div>\n<div class=\"x11i5rnm xat24cr x1mh8g0r x1vvkbs xtlvy1s x126k92a\">\n<div dir=\"auto\">\n<p>Pierwszym punktem programu by\u0142y wybory nowej Rady MTO, po up\u0142ywie 4-letnie kadencji, ustalonej na poprzednim zje\u017adzie wyborczym. Wcze\u015bniej mieli\u015bmy wybory co 3 lata. Na stanowisko prezesa MTO zosta\u0142a zg\u0142oszona tylko jedna kandydatura Katarzyny Mikici\u0144skiej.<\/p>\n<\/div>\n<\/div>\n<div class=\"x11i5rnm xat24cr x1mh8g0r x1vvkbs xtlvy1s x126k92a\">\n<div dir=\"auto\"><strong>Wybrano:<\/strong><\/div>\n<\/div>\n<div class=\"x11i5rnm xat24cr x1mh8g0r x1vvkbs xtlvy1s x126k92a\">\n<div dir=\"auto\"><strong>Katarzyna Mikici\u0144ska &#8211; prezes<\/strong><\/div>\n<\/div>\n<div class=\"x11i5rnm xat24cr x1mh8g0r x1vvkbs xtlvy1s x126k92a\">\n<div dir=\"auto\"><strong>Stanis\u0142aw Bro\u0144ski &#8211; Rada MTO<\/strong><\/div>\n<div dir=\"auto\"><strong>Krzysztof Haja &#8211; Rada MTO<\/strong><\/div>\n<div dir=\"auto\"><strong>Anna Machut &#8211; Rada MTO<\/strong><\/div>\n<div dir=\"auto\"><strong>Jacek Tyblewski &#8211; Rada MTO<\/strong><\/div>\n<div dir=\"auto\"><strong>Kazimierz Walasz &#8211; Rada MTO<\/strong><\/div>\n<div dir=\"auto\">\n<p><strong>Damian Wiehle &#8211; Rada MTO<\/strong><\/p>\n<p><strong>Stanis\u0142aw Gacek &#8211; Komisja Rewizyjna<\/strong><br \/>\n<strong>Jerzy Wr\u00f3bel &#8211; Komisja Rewizyjna<\/strong><br \/>\n<strong>Czes\u0142aw Zontek &#8211; Komisja Rewizyjna<\/strong><\/p>\n<\/div>\n<\/div>\n<div class=\"x11i5rnm xat24cr x1mh8g0r x1vvkbs xtlvy1s x126k92a\">\n<div dir=\"auto\">\n<p>Jak wida\u0107 po\u0142owa cz\u0142onk\u00f3w Rady i prezes to nowe osoby, tak\u017ce z ni\u017cszej kategorii wiekowej, co rodzi nadziej\u0119 na d\u0142ugotrwa\u0142\u0105 aktywno\u015b\u0107.<\/p>\n<\/div>\n<div dir=\"auto\">\n<p>W pierwszym referacie Marian St\u00f3j przedstawi\u0142 podsumowanie swoich 30 lat bada\u0144 nad or\u0142em przednim w Karpatach.<\/p>\n<\/div>\n<\/div>\n<div class=\"x11i5rnm xat24cr x1mh8g0r x1vvkbs xtlvy1s x126k92a\">\n<div dir=\"auto\">\n<p>Nast\u0119pnie Kazimierz Walasz przekaza\u0142 kr\u00f3tko histori\u0119 MTO, od powstania w 1982 do ostatniego roku dzia\u0142a\u0144.<\/p>\n<\/div>\n<div dir=\"auto\">\n<p>Stanis\u0142aw Czy\u017c przestawi\u0142 podsumowanie informacji o rzadkich gatunkach pozakomisowych (czyli nie podlegaj\u0105cych weryfikacji przez Komisj\u0119 Faunistyczn\u0105) w naszym Regionie w latach 2021-2022.<\/p>\n<\/div>\n<div dir=\"auto\">\n<div class=\"x11i5rnm xat24cr x1mh8g0r x1vvkbs xtlvy1s x126k92a\">\n<div dir=\"auto\">\n<p>W nast\u0119pnym wyst\u0105pieniu Kazimierza Walasz i Stanis\u0142awa Czy\u017ca sprawozdali wyniki &#8222;Programu poznania i ochrony bociana bia\u0142ego w Polsce &#8221; realizowanego od 2019 r. w MTO. W tym roku ju\u017c na terenie ca\u0142ej Polski oraz we wsp\u00f3\u0142pracy z ornitologami ze S\u0142owacji i Ukrainy. W 2022 r. zaobr\u0105czkowali\u015bmy w ca\u0142ej Polsce 2 5862 m\u0142odych bocian\u00f3w w 997 gniazdach, 3 doros\u0142e, 21 m\u0142odych w o\u015br. rehab. Pracowa\u0142o 28 zespo\u0142\u00f3w (tak\u017ce jako pojedynczy obr\u0105czkarzy ze wsparciem innych wolontariuszy). Od 2019 r. zaobr\u0105czkowali\u015bmy 4 570 bocian\u00f3w. Za\u0142o\u017cyli\u015bmy nadajniki GPS-GSM 15 bocianom.<\/p>\n<\/div>\n<\/div>\n<div class=\"x11i5rnm xat24cr x1mh8g0r x1vvkbs xtlvy1s x126k92a\">\n<div dir=\"auto\">\n<p>J\u00f3zef Hordowski przestawi\u0142 nam niezwykle interesuj\u0105cy rys historyczny ornitologii w obszarze naszego dzia\u0142ania od XIX wieku, po lata poprzedzaj\u0105ce rozpocz\u0119cie naszej dzia\u0142alno\u015bci.<\/p>\n<\/div>\n<\/div>\n<div class=\"x11i5rnm xat24cr x1mh8g0r x1vvkbs xtlvy1s x126k92a\">\n<div dir=\"auto\">\n<p>Karolina Skorb pokaza\u0142a, na przyk\u0142adzie w\u0142asnych bada\u0144, jak sztuczne \u015bwiat\u0142o z olbrzymiej szklarni mo\u017ce wp\u0142ywa\u0107 na zachowania ptak\u00f3w na s\u0105siaduj\u0105cych terenach.<\/p>\n<\/div>\n<\/div>\n<div class=\"x11i5rnm xat24cr x1mh8g0r x1vvkbs xtlvy1s x126k92a\">\n<div dir=\"auto\">\n<p>Ostatnim referatem by\u0142o wyst\u0105pienia Paw\u0142a Morawca, Piotra Nowaka i Bogus\u0142awa Binkiewicza, kt\u00f3rzy z w\u0142asnej inicjatyw zamontowali wiele budek dla p\u00f3jd\u017aki i p\u0142omyk\u00f3wki w krajobrazie rolniczym Wy\u017cyny Ma\u0142opolskiej.<\/p>\n<\/div>\n<\/div>\n<div class=\"x11i5rnm xat24cr x1mh8g0r x1vvkbs xtlvy1s x126k92a\">\n<div dir=\"auto\">\n<p>Na koniec Zjazdu Micha\u0142 Adamowicz i Filip Chudzy\u0144ski zaprezentowali w\u0142asny film &#8222;Kohut&#8221;, m\u00f3wi\u0105cy o cietrzewiu w Tatrach. Film przyci\u0105gn\u0105\u0142 wiele os\u00f3b spoza grona ornitolog\u00f3w. Sala zjazdu wype\u0142ni\u0142a si\u0119 po brzegi, a nawet brakowa\u0142o miejsc siedz\u0105cych!<\/p>\n<\/div>\n<\/div>\n<div class=\"x11i5rnm xat24cr x1mh8g0r x1vvkbs xtlvy1s x126k92a\">\n<div dir=\"auto\">\n<p>Od godz. 18:00 odbywa\u0142a si\u0119 impreza towarzyska uczestnik\u00f3w Zjazdu w lokalu Klub Kulturalny przy ul. Szewskiej 25 w Krakowa. Impreza zgromadzi\u0142a 50 os\u00f3b i trwa\u0142a do p\u00f3\u017anych godzin wieczornych.<\/p>\n<\/div>\n<\/div>\n<div dir=\"auto\">\n<p>Tekst: Kazimierz Walasz<\/p>\n<\/div>\n<\/div>\n<div dir=\"auto\">Fotorelacja ze Zjazdu dost\u0119pna jest w dziale <a href=\"https:\/\/mto-kr.pl\/en\/fotogaleria\/\">Galeria &gt; Zdj\u0119cia<\/a><\/div>\n<\/div>","protected":false},"excerpt":{"rendered":"<p>W dniach 26-27 listopada 2022 r. mia\u0142 miejsce 54 Zjazd Ornitolog\u00f3w Polski Po\u0142udniowo-Wschodniej w Krakowie, na terenie Wydzia\u0142u Hodowli I Biologii Zwierz\u0105t Uniwersytetu Rolniczego w Krakowie, przy al. Mickiewicza 24\/28, kt\u00f3ry go\u015bci nas ju\u017c od 2010 r. By\u0142 to zjazd 40 lat od rozpocz\u0119cia naszej dzia\u0142alno\u015bci, jako Klubu Ornitolog\u00f3w Ma\u0142opolski &#8211; przy Inst. Nauk o \u015arodowisku UJ i 30 lat od formalnego zarejestrowania Ma\u0142opolskiego Towarzystwa Ornitologicznego. W Zje\u017adzie wzi\u0119\u0142o udzia\u0142 ok. 120 os\u00f3b. Pierwszym punktem programu by\u0142y wybory nowej Rady MTO, po up\u0142ywie 4-letnie kadencji, ustalonej na poprzednim zje\u017adzie wyborczym. Wcze\u015bniej mieli\u015bmy wybory co 3 lata. Na stanowisko prezesa MTO\u2026 <a class=\"continue-reading-link\" href=\"https:\/\/mto-kr.pl\/en\/2022\/12\/16\/relacja-z-54-zjazdu-ornitologow-polski-poludniowo-wschodniej\/\">Czytaj dalej&#8230;<\/a><\/p>","protected":false},"author":3,"featured_media":2146,"comment_status":"open","ping_status":"open","sticky":false,"template":"","format":"standard","meta":{"_monsterinsights_skip_tracking":false,"footnotes":""},"categories":[4],"tags":[],"class_list":["post-2137","post","type-post","status-publish","format-standard","has-post-thumbnail","hentry","category-aktualnosci"],"_links":{"self":[{"href":"https:\/\/mto-kr.pl\/en\/wp-json\/wp\/v2\/posts\/2137","targetHints":{"allow":["GET"]}}],"collection":[{"href":"https:\/\/mto-kr.pl\/en\/wp-json\/wp\/v2\/posts"}],"about":[{"href":"https:\/\/mto-kr.pl\/en\/wp-json\/wp\/v2\/types\/post"}],"author":[{"embeddable":true,"href":"https:\/\/mto-kr.pl\/en\/wp-json\/wp\/v2\/users\/3"}],"replies":[{"embeddable":true,"href":"https:\/\/mto-kr.pl\/en\/wp-json\/wp\/v2\/comments?post=2137"}],"version-history":[{"count":12,"href":"https:\/\/mto-kr.pl\/en\/wp-json\/wp\/v2\/posts\/2137\/revisions"}],"predecessor-version":[{"id":3807,"href":"https:\/\/mto-kr.pl\/en\/wp-json\/wp\/v2\/posts\/2137\/revisions\/3807"}],"wp:featuredmedia":[{"embeddable":true,"href":"https:\/\/mto-kr.pl\/en\/wp-json\/wp\/v2\/media\/2146"}],"wp:attachment":[{"href":"https:\/\/mto-kr.pl\/en\/wp-json\/wp\/v2\/media?parent=2137"}],"wp:term":[{"taxonomy":"category","embeddable":true,"href":"https:\/\/mto-kr.pl\/en\/wp-json\/wp\/v2\/categories?post=2137"},{"taxonomy":"post_tag","embeddable":true,"href":"https:\/\/mto-kr.pl\/en\/wp-json\/wp\/v2\/tags?post=2137"}],"curies":[{"name":"wp","href":"https:\/\/api.w.org\/{rel}","templated":true}]}}