{"id":2176,"date":"2022-12-16T23:34:52","date_gmt":"2022-12-16T22:34:52","guid":{"rendered":"https:\/\/mto-kr.pl\/?p=2176"},"modified":"2025-12-01T07:53:01","modified_gmt":"2025-12-01T06:53:01","slug":"41-miedzynarodowe-liczenie-labedzi-czarnodziobych","status":"publish","type":"post","link":"https:\/\/mto-kr.pl\/en\/2022\/12\/16\/41-miedzynarodowe-liczenie-labedzi-czarnodziobych\/","title":{"rendered":"43 Mi\u0119dzynarodowe liczenie \u0142ab\u0119dzi czarnodziobych (14-15 grudnia 2024)"},"content":{"rendered":"<div class=\"xyinxu5 x4uap5 x1g2khh7 xkhd6sd\">\n<p style=\"text-align: justify;\"><strong><span class=\"x193iq5w xeuugli x13faqbe x1vvkbs x1xmvt09 x1lliihq x1s928wv xhkezso x1gmr53x x1cpjm7i x1fgarty x1943h6x xudqn12 x3x7a5m x6prxxf xvq8zen xo1l8bm xzsf02u\" dir=\"auto\"><span class=\"x193iq5w xeuugli x13faqbe x1vvkbs x1xmvt09 x1lliihq x1s928wv xhkezso x1gmr53x x1cpjm7i x1fgarty x1943h6x xudqn12 x3x7a5m x6prxxf xvq8zen xo1l8bm xzsf02u\" dir=\"auto\">Zapraszamy do <\/span><\/span><span class=\"x193iq5w xeuugli x13faqbe x1vvkbs x1xmvt09 x6prxxf xvq8zen xo1l8bm xzsf02u\">wzi\u0119cia udzia\u0142u w kolejnym mi\u0119dzynarodowym liczeniu \u0142ab\u0119dzi czarnodziobych koordynowanym przez Swan Specialist Group!<\/span><\/strong><\/p>\n<\/div>\n<div class=\"xyinxu5 x4uap5 x1g2khh7 xkhd6sd\" style=\"text-align: justify;\">\n<div class=\"x11i5rnm xat24cr x1mh8g0r x1vvkbs xtlvy1s x126k92a\">\n<div dir=\"auto\">\n<p>Liczenia maj\u0105 na celu ocen\u0119 populacji zimuj\u0105cej w Europie oraz okre\u015blenie liczby m\u0142odych, co pozwala na ocen\u0119 sukcesu l\u0119gowego. Od po\u0142owy lat 1990. liczebno\u015b\u0107 zimuj\u0105cych w Europie \u0142ab\u0119dzi czarnodziobych systematycznie maleje. W ci\u0105gu ostatnich 25 lat populacja spad\u0142a z 30 tys. do zaledwie 13 tys. osobnik\u00f3w. Jednym z powod\u00f3w jest niski sukces rozrodczy. W ci\u0105gu ostatnich 10 lat udzia\u0142 m\u0142odych ptak\u00f3w w\u015br\u00f3d zimuj\u0105cych w Europie ptak\u00f3w wynosi\u0142 zaledwie 3,9-13,5% (z tendencj\u0105 malej\u0105c\u0105). Ze wzgl\u0119du na przesuwanie si\u0119 zimowisk \u0142ab\u0119dzia czarnodziobego w kierunku wschodnim, w Polsce, w grudniu przebywa coraz wi\u0119cej tych ptak\u00f3w. W ostatnich 6 latach ich liczba waha\u0142a si\u0119 od 195 do 1320 os., a udzia\u0142 m\u0142odych ptak\u00f3w wynosi\u0142 9,6-15,9%. Poprzedni sezon by\u0142 najs\u0142abszy ze wzgl\u0119du na mrozy kt\u00f3re nadesz\u0142y ju\u017c w listopadzie i skutecznie przegoni\u0142y ptaki na zach\u00f3d. G\u0142\u00f3wne miejsca wyst\u0119powania bewika w okresie zimowym w Polsce to Pomorze, p\u00f3\u0142nocna Wielkopolska, jeziora na pograniczu Kujaw i Wielkopolski, Dolina Baryczy, stawy w dolinie Bzury oraz Stawy Przemkowskie.<\/p>\n<p>Podczas liczenia nale\u017cy zwr\u00f3ci\u0107 szczeg\u00f3ln\u0105 uwag\u0119 na liczb\u0119 m\u0142odych ptak\u00f3w w poszczeg\u00f3lnych rodzinach. Notujemy tak\u017ce rodzaj siedliska, w kt\u00f3rym przebywa\u0142y ptaki. Przy okazji liczymy tak\u017ce \u0142ab\u0119dzie krzykliwe i \u0142ab\u0119dzie nieme.<\/p>\n<p>Zach\u0119camy do odwiedzenia w dniach <strong>14-15 grudnia<\/strong> miejsc, gdzie mo\u017cna spotka\u0107 te ptaki oraz wpisanie swoich obserwacji do bazy <strong><span class=\"html-span xdj266r x11i5rnm xat24cr x1mh8g0r xexx8yu x4uap5 x18d9i69 xkhd6sd x1hl2dhg x16tdsg8 x1vvkbs\"><a class=\"x1i10hfl xjbqb8w x1ejq31n xd10rxx x1sy0etr x17r0tee x972fbf xcfux6l x1qhh985 xm0m39n x9f619 x1ypdohk xt0psk2 xe8uvvx xdj266r x11i5rnm xat24cr x1mh8g0r xexx8yu x4uap5 x18d9i69 xkhd6sd x16tdsg8 x1hl2dhg xggy1nq x1a2a7pz x1sur9pj xkrqix3 x1fey0fg x1s688f\" tabindex=\"0\" role=\"link\" href=\"https:\/\/www.ornitho.pl\/index.php?m_id=1\" target=\"_blank\" rel=\"nofollow noopener noreferrer\">ornitho.pl<\/a><\/span><\/strong> lub przes\u0142anie danych bezpo\u015brednio do krajowego koordynatora <span class=\"x193iq5w xeuugli x13faqbe x1vvkbs x1xmvt09 x1lliihq x1s928wv xhkezso x1gmr53x x1cpjm7i x1fgarty x1943h6x xudqn12 x3x7a5m x6prxxf xvq8zen xo1l8bm xzsf02u\" dir=\"auto\"><strong>Przemys\u0142awa Wylega\u0142y<\/strong> (<\/span><strong><a href=\"mailto:przemo@salamandra.org.pl\">przemo@salamandra.org.pl<\/a>).<\/strong><\/p>\n<\/div>\n<\/div>\n<div class=\"x11i5rnm xat24cr x1mh8g0r x1vvkbs xtlvy1s x126k92a\">\n<div dir=\"auto\"><\/div>\n<\/div>\n<div dir=\"auto\"><a href=\"https:\/\/mto-kr.pl\/wp-content\/uploads\/2022\/12\/468716450_9121120541272647_2895729280073693493_n.jpg\"><img loading=\"lazy\" decoding=\"async\" class=\"aligncenter wp-image-4114 size-full\" src=\"https:\/\/mto-kr.pl\/wp-content\/uploads\/2022\/12\/468716450_9121120541272647_2895729280073693493_n.jpg\" alt=\"\" width=\"900\" height=\"600\" srcset=\"https:\/\/mto-kr.pl\/wp-content\/uploads\/2022\/12\/468716450_9121120541272647_2895729280073693493_n.jpg 900w, https:\/\/mto-kr.pl\/wp-content\/uploads\/2022\/12\/468716450_9121120541272647_2895729280073693493_n-300x200.jpg 300w, https:\/\/mto-kr.pl\/wp-content\/uploads\/2022\/12\/468716450_9121120541272647_2895729280073693493_n-768x512.jpg 768w, https:\/\/mto-kr.pl\/wp-content\/uploads\/2022\/12\/468716450_9121120541272647_2895729280073693493_n-18x12.jpg 18w, https:\/\/mto-kr.pl\/wp-content\/uploads\/2022\/12\/468716450_9121120541272647_2895729280073693493_n-525x350.jpg 525w, https:\/\/mto-kr.pl\/wp-content\/uploads\/2022\/12\/468716450_9121120541272647_2895729280073693493_n-150x100.jpg 150w\" sizes=\"auto, (max-width: 900px) 100vw, 900px\" \/><\/a><\/div>\n<\/div>\n<div dir=\"auto\" style=\"text-align: justify;\"><\/div>","protected":false},"excerpt":{"rendered":"<p>Zapraszamy do wzi\u0119cia udzia\u0142u w kolejnym mi\u0119dzynarodowym liczeniu \u0142ab\u0119dzi czarnodziobych koordynowanym przez Swan Specialist Group! Liczenia maj\u0105 na celu ocen\u0119 populacji zimuj\u0105cej w Europie oraz okre\u015blenie liczby m\u0142odych, co pozwala na ocen\u0119 sukcesu l\u0119gowego. Od po\u0142owy lat 1990. liczebno\u015b\u0107 zimuj\u0105cych w Europie \u0142ab\u0119dzi czarnodziobych systematycznie maleje. W ci\u0105gu ostatnich 25 lat populacja spad\u0142a z 30 tys. do zaledwie 13 tys. osobnik\u00f3w. Jednym z powod\u00f3w jest niski sukces rozrodczy. W ci\u0105gu ostatnich 10 lat udzia\u0142 m\u0142odych ptak\u00f3w w\u015br\u00f3d zimuj\u0105cych w Europie ptak\u00f3w wynosi\u0142 zaledwie 3,9-13,5% (z tendencj\u0105 malej\u0105c\u0105). Ze wzgl\u0119du na przesuwanie si\u0119 zimowisk \u0142ab\u0119dzia czarnodziobego w kierunku wschodnim, w Polsce,\u2026 <a class=\"continue-reading-link\" href=\"https:\/\/mto-kr.pl\/en\/2022\/12\/16\/41-miedzynarodowe-liczenie-labedzi-czarnodziobych\/\">Czytaj dalej&#8230;<\/a><\/p>","protected":false},"author":3,"featured_media":4113,"comment_status":"open","ping_status":"open","sticky":false,"template":"","format":"standard","meta":{"_monsterinsights_skip_tracking":false,"footnotes":""},"categories":[4],"tags":[],"class_list":["post-2176","post","type-post","status-publish","format-standard","has-post-thumbnail","hentry","category-aktualnosci"],"_links":{"self":[{"href":"https:\/\/mto-kr.pl\/en\/wp-json\/wp\/v2\/posts\/2176","targetHints":{"allow":["GET"]}}],"collection":[{"href":"https:\/\/mto-kr.pl\/en\/wp-json\/wp\/v2\/posts"}],"about":[{"href":"https:\/\/mto-kr.pl\/en\/wp-json\/wp\/v2\/types\/post"}],"author":[{"embeddable":true,"href":"https:\/\/mto-kr.pl\/en\/wp-json\/wp\/v2\/users\/3"}],"replies":[{"embeddable":true,"href":"https:\/\/mto-kr.pl\/en\/wp-json\/wp\/v2\/comments?post=2176"}],"version-history":[{"count":21,"href":"https:\/\/mto-kr.pl\/en\/wp-json\/wp\/v2\/posts\/2176\/revisions"}],"predecessor-version":[{"id":4109,"href":"https:\/\/mto-kr.pl\/en\/wp-json\/wp\/v2\/posts\/2176\/revisions\/4109"}],"wp:featuredmedia":[{"embeddable":true,"href":"https:\/\/mto-kr.pl\/en\/wp-json\/wp\/v2\/media\/4113"}],"wp:attachment":[{"href":"https:\/\/mto-kr.pl\/en\/wp-json\/wp\/v2\/media?parent=2176"}],"wp:term":[{"taxonomy":"category","embeddable":true,"href":"https:\/\/mto-kr.pl\/en\/wp-json\/wp\/v2\/categories?post=2176"},{"taxonomy":"post_tag","embeddable":true,"href":"https:\/\/mto-kr.pl\/en\/wp-json\/wp\/v2\/tags?post=2176"}],"curies":[{"name":"wp","href":"https:\/\/api.w.org\/{rel}","templated":true}]}}