{"id":233,"date":"2018-01-08T23:23:39","date_gmt":"2018-01-08T22:23:39","guid":{"rendered":"https:\/\/mto-kr.pl\/wp\/?p=233"},"modified":"2018-01-12T01:33:24","modified_gmt":"2018-01-12T00:33:24","slug":"zapraszamy-na-wycieczke-do-laczan","status":"publish","type":"post","link":"https:\/\/mto-kr.pl\/en\/2018\/01\/08\/zapraszamy-na-wycieczke-do-laczan\/","title":{"rendered":"Zapraszamy na wycieczk\u0119 do \u0141\u0105czan"},"content":{"rendered":"<p style=\"text-align: justify;\"><strong><a href=\"https:\/\/mto-kr.pl\/wp-content\/uploads\/2018\/01\/Bielaczek-Mergellus-albellus.jpg\"><img loading=\"lazy\" decoding=\"async\" class=\"alignleft size-medium wp-image-234\" src=\"https:\/\/mto-kr.pl\/wp-content\/uploads\/2018\/01\/Bielaczek-Mergellus-albellus-300x200.jpg\" alt=\"\" width=\"300\" height=\"200\" srcset=\"https:\/\/mto-kr.pl\/wp-content\/uploads\/2018\/01\/Bielaczek-Mergellus-albellus-300x200.jpg 300w, https:\/\/mto-kr.pl\/wp-content\/uploads\/2018\/01\/Bielaczek-Mergellus-albellus-768x512.jpg 768w, https:\/\/mto-kr.pl\/wp-content\/uploads\/2018\/01\/Bielaczek-Mergellus-albellus-525x350.jpg 525w, https:\/\/mto-kr.pl\/wp-content\/uploads\/2018\/01\/Bielaczek-Mergellus-albellus-150x100.jpg 150w, https:\/\/mto-kr.pl\/wp-content\/uploads\/2018\/01\/Bielaczek-Mergellus-albellus.jpg 900w\" sizes=\"auto, (max-width: 300px) 100vw, 300px\" \/><\/a>Ma\u0142opolskie Towarzystwo Ornitologiczne serdecznie zaprasza na najbli\u017csz\u0105 wycieczk\u0119. W sobot\u0119 13 stycznia odwiedzimy \u0141\u0105czany, gdzie poszukamy ptak\u00f3w w otoczeniu rzeki Wis\u0142y.\u00a0<\/strong><\/p>\n<p style=\"text-align: justify;\">Po\u0142o\u017cone w powicie wadowickim \u0141\u0105czany s\u0105 wa\u017cnym siedliskiem zimowej awifauny Ma\u0142opolski. Podczas gdy okoliczne stawy rybne zamarzaj\u0105, w pobli\u017cu zapory na rzece Wi\u015ble woda nadal p\u0142ynie, co sprawia, \u017ce w \u0141\u0105czanach koncentruj\u0105 si\u0119 spore ilo\u015bci ptak\u00f3w. Mo\u017cna zobaczy\u0107 tutaj m.in. \u0142\u0105b\u0119dzie krzykliwe, bielaczki (na zdj\u0119ciu), liczne stada kaczek oraz naszego najwi\u0119kszego ptaka szponiastego &#8211; bielika.<\/p>\n<p style=\"text-align: justify;\">Dotychczasowe wyniki obserwacji wprowadzanych do <a href=\"http:\/\/www.iop.krakow.pl\/dbPtak\/atlas\">Atlasu<\/a> wskazuj\u0105 na wyst\u0119powanie zim\u0105 w \u0141\u0105czanach ponad 90 gatunk\u00f3w ptak\u00f3w. Ile i jakie uda si\u0119 spotka\u0107 tym razem?<\/p>\n<p style=\"text-align: justify;\">Serdecznie zapraszamy na wycieczk\u0119 ju\u017c w najbli\u017csz\u0105 sobot\u0119, <strong>13 stycznia<\/strong>. Spacer poprowadzi <strong>Krzysztof Czajowski<\/strong> (telefon 607-587-207). Na miejsce wycieczki, start <strong>w pobli\u017cu zapory w \u0141\u0105czanach<\/strong>, mo\u017cna uda\u0107 si\u0119\u00a0z przystanku autobusowego\u00a0<strong>Salwator<\/strong>\u00a0(Krak\u00f3w, przystanek linii 109 i 409) busem firmy <strong>MAL-BUS<\/strong>\u00a0(w kierunku Spytkowice) o godz.<strong> 6:30<\/strong>.<\/p>\n<p style=\"text-align: right;\"><i>JW<\/i><\/p>","protected":false},"excerpt":{"rendered":"<p>Ma\u0142opolskie Towarzystwo Ornitologiczne serdecznie zaprasza na najbli\u017csz\u0105 wycieczk\u0119. W sobot\u0119 13 stycznia odwiedzimy \u0141\u0105czany, gdzie poszukamy ptak\u00f3w w otoczeniu rzeki Wis\u0142y.\u00a0 Po\u0142o\u017cone w powicie wadowickim \u0141\u0105czany s\u0105 wa\u017cnym siedliskiem zimowej awifauny Ma\u0142opolski. Podczas gdy okoliczne stawy rybne zamarzaj\u0105, w pobli\u017cu zapory na rzece Wi\u015ble woda nadal p\u0142ynie, co sprawia, \u017ce w \u0141\u0105czanach koncentruj\u0105 si\u0119 spore ilo\u015bci ptak\u00f3w. Mo\u017cna zobaczy\u0107 tutaj m.in. \u0142\u0105b\u0119dzie krzykliwe, bielaczki (na zdj\u0119ciu), liczne stada kaczek oraz naszego najwi\u0119kszego ptaka szponiastego &#8211; bielika. Dotychczasowe wyniki obserwacji wprowadzanych do Atlasu wskazuj\u0105 na wyst\u0119powanie zim\u0105 w \u0141\u0105czanach ponad 90 gatunk\u00f3w ptak\u00f3w. Ile i jakie uda si\u0119 spotka\u0107 tym razem?\u2026 <a class=\"continue-reading-link\" href=\"https:\/\/mto-kr.pl\/en\/2018\/01\/08\/zapraszamy-na-wycieczke-do-laczan\/\">Czytaj dalej&#8230;<\/a><\/p>","protected":false},"author":1,"featured_media":234,"comment_status":"closed","ping_status":"open","sticky":false,"template":"","format":"standard","meta":{"_monsterinsights_skip_tracking":false,"footnotes":""},"categories":[4],"tags":[],"class_list":["post-233","post","type-post","status-publish","format-standard","has-post-thumbnail","hentry","category-aktualnosci"],"_links":{"self":[{"href":"https:\/\/mto-kr.pl\/en\/wp-json\/wp\/v2\/posts\/233","targetHints":{"allow":["GET"]}}],"collection":[{"href":"https:\/\/mto-kr.pl\/en\/wp-json\/wp\/v2\/posts"}],"about":[{"href":"https:\/\/mto-kr.pl\/en\/wp-json\/wp\/v2\/types\/post"}],"author":[{"embeddable":true,"href":"https:\/\/mto-kr.pl\/en\/wp-json\/wp\/v2\/users\/1"}],"replies":[{"embeddable":true,"href":"https:\/\/mto-kr.pl\/en\/wp-json\/wp\/v2\/comments?post=233"}],"version-history":[{"count":3,"href":"https:\/\/mto-kr.pl\/en\/wp-json\/wp\/v2\/posts\/233\/revisions"}],"predecessor-version":[{"id":237,"href":"https:\/\/mto-kr.pl\/en\/wp-json\/wp\/v2\/posts\/233\/revisions\/237"}],"wp:featuredmedia":[{"embeddable":true,"href":"https:\/\/mto-kr.pl\/en\/wp-json\/wp\/v2\/media\/234"}],"wp:attachment":[{"href":"https:\/\/mto-kr.pl\/en\/wp-json\/wp\/v2\/media?parent=233"}],"wp:term":[{"taxonomy":"category","embeddable":true,"href":"https:\/\/mto-kr.pl\/en\/wp-json\/wp\/v2\/categories?post=233"},{"taxonomy":"post_tag","embeddable":true,"href":"https:\/\/mto-kr.pl\/en\/wp-json\/wp\/v2\/tags?post=233"}],"curies":[{"name":"wp","href":"https:\/\/api.w.org\/{rel}","templated":true}]}}