{"id":277,"date":"2018-01-11T12:48:45","date_gmt":"2018-01-11T11:48:45","guid":{"rendered":"https:\/\/mto-kr.pl\/wp\/?p=277"},"modified":"2018-01-12T01:33:19","modified_gmt":"2018-01-12T00:33:19","slug":"liczymy-ptaki-zimujace","status":"publish","type":"post","link":"https:\/\/mto-kr.pl\/en\/2018\/01\/11\/liczymy-ptaki-zimujace\/","title":{"rendered":"Liczymy ptaki zimuj\u0105ce"},"content":{"rendered":"<p style=\"text-align: justify;\"><strong><a href=\"https:\/\/mto-kr.pl\/wp-content\/uploads\/2018\/01\/\u0141yska-Fulica-atra-12.jpg\"><img loading=\"lazy\" decoding=\"async\" class=\"alignleft size-medium wp-image-278\" src=\"https:\/\/mto-kr.pl\/wp-content\/uploads\/2018\/01\/\u0141yska-Fulica-atra-12-300x200.jpg\" alt=\"\" width=\"300\" height=\"200\" srcset=\"https:\/\/mto-kr.pl\/wp-content\/uploads\/2018\/01\/\u0141yska-Fulica-atra-12-300x200.jpg 300w, https:\/\/mto-kr.pl\/wp-content\/uploads\/2018\/01\/\u0141yska-Fulica-atra-12-768x512.jpg 768w, https:\/\/mto-kr.pl\/wp-content\/uploads\/2018\/01\/\u0141yska-Fulica-atra-12-525x350.jpg 525w, https:\/\/mto-kr.pl\/wp-content\/uploads\/2018\/01\/\u0141yska-Fulica-atra-12-150x100.jpg 150w, https:\/\/mto-kr.pl\/wp-content\/uploads\/2018\/01\/\u0141yska-Fulica-atra-12.jpg 900w\" sizes=\"auto, (max-width: 300px) 100vw, 300px\" \/><\/a>Jak co roku w po\u0142owie stycznia wykonujemy liczenia ptak\u00f3w zimuj\u0105cych. Koncentrujemy si\u0119 g\u0142\u00f3wnie na odcinkach rzek oraz zbiornikach. W tym roku, ze wzgl\u0119du na wysokie temperatury wi\u0119kszo\u015b\u0107 zbiornik\u00f3w\u00a0jest niezamarzni\u0119ta i przebywaj\u0105 na nich ptaki.<\/strong><\/p>\n<p style=\"text-align: justify;\">W ramach <strong>Monitoringu Zimuj\u0105cych Ptak\u00f3w Wodnych<\/strong> liczymy\u00a0w styczniu ptaki\u00a0na 39 odcinkach rzek i zbiornikach. Jednak wi\u0119kszo\u015b\u0107 teren\u00f3w Regionu nie jest obj\u0119ta tymi liczeniami, dlatego kontrole w innych miejscach s\u0105 bardzo potrzebne.<\/p>\n<p style=\"text-align: justify;\">Serdecznie zapraszamy do przy\u0142\u0105czenia si\u0119 do licze\u0144, jak r\u00f3wnie\u017c do odwiedzenia innych teren\u00f3w, licz\u0105c ptaki na transektach przez tereny otwarte, lasy, a tak\u017ce kontroluj\u0105c sk\u0142adowiska odpad\u00f3w komunalnych. Dane o zimowaniu gatunk\u00f3w niewodnych s\u0105 dla nas r\u00f3wnie wa\u017cne.<\/p>\n<p style=\"text-align: justify;\">Obecnie zbieramy dane do <a href=\"http:\/\/www.iop.krakow.pl\/dbPtak\/atlas\">Atlasu ptak\u00f3w l\u0119gowych i zimuj\u0105cych<\/a>, a stycze\u0144 jest najwa\u017cniejszym miesi\u0105cem zimowym (najbardziej reprezentatywnym dla bada\u0144 zimowania ptak\u00f3w).<\/p>\n<p>Na zdj\u0119ciu: nieco &#8222;rozczochrana&#8221; \u0142yska.<\/p>\n<p style=\"text-align: right;\">Kazimierz Walasz<br \/>\nFot. J. Wyka<\/p>","protected":false},"excerpt":{"rendered":"<p>Jak co roku w po\u0142owie stycznia wykonujemy liczenia ptak\u00f3w zimuj\u0105cych. Koncentrujemy si\u0119 g\u0142\u00f3wnie na odcinkach rzek oraz zbiornikach. W tym roku, ze wzgl\u0119du na wysokie temperatury wi\u0119kszo\u015b\u0107 zbiornik\u00f3w\u00a0jest niezamarzni\u0119ta i przebywaj\u0105 na nich ptaki. W ramach Monitoringu Zimuj\u0105cych Ptak\u00f3w Wodnych liczymy\u00a0w styczniu ptaki\u00a0na 39 odcinkach rzek i zbiornikach. Jednak wi\u0119kszo\u015b\u0107 teren\u00f3w Regionu nie jest obj\u0119ta tymi liczeniami, dlatego kontrole w innych miejscach s\u0105 bardzo potrzebne. Serdecznie zapraszamy do przy\u0142\u0105czenia si\u0119 do licze\u0144, jak r\u00f3wnie\u017c do odwiedzenia innych teren\u00f3w, licz\u0105c ptaki na transektach przez tereny otwarte, lasy, a tak\u017ce kontroluj\u0105c sk\u0142adowiska odpad\u00f3w komunalnych. Dane o zimowaniu gatunk\u00f3w niewodnych s\u0105 dla nas\u2026 <a class=\"continue-reading-link\" href=\"https:\/\/mto-kr.pl\/en\/2018\/01\/11\/liczymy-ptaki-zimujace\/\">Czytaj dalej&#8230;<\/a><\/p>","protected":false},"author":1,"featured_media":278,"comment_status":"closed","ping_status":"open","sticky":false,"template":"","format":"standard","meta":{"_monsterinsights_skip_tracking":false,"footnotes":""},"categories":[4],"tags":[],"class_list":["post-277","post","type-post","status-publish","format-standard","has-post-thumbnail","hentry","category-aktualnosci"],"_links":{"self":[{"href":"https:\/\/mto-kr.pl\/en\/wp-json\/wp\/v2\/posts\/277","targetHints":{"allow":["GET"]}}],"collection":[{"href":"https:\/\/mto-kr.pl\/en\/wp-json\/wp\/v2\/posts"}],"about":[{"href":"https:\/\/mto-kr.pl\/en\/wp-json\/wp\/v2\/types\/post"}],"author":[{"embeddable":true,"href":"https:\/\/mto-kr.pl\/en\/wp-json\/wp\/v2\/users\/1"}],"replies":[{"embeddable":true,"href":"https:\/\/mto-kr.pl\/en\/wp-json\/wp\/v2\/comments?post=277"}],"version-history":[{"count":1,"href":"https:\/\/mto-kr.pl\/en\/wp-json\/wp\/v2\/posts\/277\/revisions"}],"predecessor-version":[{"id":279,"href":"https:\/\/mto-kr.pl\/en\/wp-json\/wp\/v2\/posts\/277\/revisions\/279"}],"wp:featuredmedia":[{"embeddable":true,"href":"https:\/\/mto-kr.pl\/en\/wp-json\/wp\/v2\/media\/278"}],"wp:attachment":[{"href":"https:\/\/mto-kr.pl\/en\/wp-json\/wp\/v2\/media?parent=277"}],"wp:term":[{"taxonomy":"category","embeddable":true,"href":"https:\/\/mto-kr.pl\/en\/wp-json\/wp\/v2\/categories?post=277"},{"taxonomy":"post_tag","embeddable":true,"href":"https:\/\/mto-kr.pl\/en\/wp-json\/wp\/v2\/tags?post=277"}],"curies":[{"name":"wp","href":"https:\/\/api.w.org\/{rel}","templated":true}]}}