{"id":2876,"date":"2023-10-29T16:11:08","date_gmt":"2023-10-29T15:11:08","guid":{"rendered":"https:\/\/mto-kr.pl\/wp\/?p=2876"},"modified":"2023-11-10T13:49:05","modified_gmt":"2023-11-10T12:49:05","slug":"koalicja-ratujmy-rzeki-nagrodzona","status":"publish","type":"post","link":"https:\/\/mto-kr.pl\/en\/2023\/10\/29\/koalicja-ratujmy-rzeki-nagrodzona\/","title":{"rendered":"Koalicja Ratujmy Rzeki nagrodzona!"},"content":{"rendered":"<p style=\"text-align: justify;\"><span dir=\"ltr\" role=\"presentation\">Kilka dni temu Koalicja Ratujmy Rzeki otrzyma\u0142a zaszczytn\u0105 nagrod\u0119 EuroNatur Award 2023 po cz\u0119\u015bci za reakcj\u0119 na katastrof\u0119 ekologiczn\u0105 na Odrze w lipcu 2022 r. oraz w zwi\u0105zku z podejmowanymi dzia\u0142aniami i staraniami przeciwko planowanemu pog\u0142\u0119bianiu i regulowaniu Odry, kt\u00f3ra ma zosta\u0107 przekszta\u0142cona w drog\u0119 wodn\u0105 E40 oraz sprzeciwianiu si\u0119 budowie stopnia wodnego Siarzewo. Nagroda ta nie stanowi jedynie uznania dla poszczeg\u00f3lnych dzia\u0142a\u0144 koalicji. Ma ona szczeg\u00f3lnie podkre\u015bli\u0107 ch\u0119\u0107 wsp\u00f3\u0142pracy i po\u0142\u0105czenia si\u0142 na rzecz zwi\u0119kszenia wp\u0142ywu na ochron\u0119 przyrody.<\/span><\/p>\n<p style=\"text-align: justify;\">Ma\u0142opolskie Towarzystwo Ornitologiczne jest jednym z koalicjant\u00f3w i wsp\u00f3\u0142za\u0142o\u017cycieli Koalicji Ratujmy Rzeki, kt\u00f3ra <span dir=\"ltr\" role=\"presentation\">\u0142\u0105czy organizacje chc\u0105ce chroni\u0107 polskie rzeki, potoki i tereny podmok\u0142e, a tak\u017ce naukowc\u00f3w, osoby prywatne, grupy nieformalne i instytucje, kt\u00f3re troszcz\u0105 si\u0119 o los ekosystem\u00f3w rzecznych Polski. Od wielu lat Koalicja prowadzi kampani\u0119 na rzecz ochrony Wis\u0142y i Odry, a obecnie walczy z planami budowy drogi wodnej E40. Projekt ten zagra\u017ca najwi\u0119kszym w Europie obszarom dzikiej przyrody w regionie Polesia.<\/span><\/p>\n<p style=\"text-align: justify;\">Jako MTO te\u017c przyczynili\u015bmy si\u0119 aktywnie do ochrony i lepszego poznania rzek w naszym regionie, jest to wi\u0119c i dla nas ogromna rado\u015b\u0107 i wyr\u00f3\u017cnienie oraz zach\u0119ta do aktywnych dzia\u0142a\u0144 w tym zakresie w przysz\u0142o\u015bci!<\/p>\n<p style=\"text-align: justify;\">","protected":false},"excerpt":{"rendered":"<p>Kilka dni temu Koalicja Ratujmy Rzeki otrzyma\u0142a zaszczytn\u0105 nagrod\u0119 EuroNatur Award 2023 po cz\u0119\u015bci za reakcj\u0119 na katastrof\u0119 ekologiczn\u0105 na Odrze w lipcu 2022 r. oraz w zwi\u0105zku z podejmowanymi dzia\u0142aniami i staraniami przeciwko planowanemu pog\u0142\u0119bianiu i regulowaniu Odry, kt\u00f3ra ma zosta\u0107 przekszta\u0142cona w drog\u0119 wodn\u0105 E40 oraz sprzeciwianiu si\u0119 budowie stopnia wodnego Siarzewo. Nagroda ta nie stanowi jedynie uznania dla poszczeg\u00f3lnych dzia\u0142a\u0144 koalicji. Ma ona szczeg\u00f3lnie podkre\u015bli\u0107 ch\u0119\u0107 wsp\u00f3\u0142pracy i po\u0142\u0105czenia si\u0142 na rzecz zwi\u0119kszenia wp\u0142ywu na ochron\u0119 przyrody. Ma\u0142opolskie Towarzystwo Ornitologiczne jest jednym z koalicjant\u00f3w i wsp\u00f3\u0142za\u0142o\u017cycieli Koalicji Ratujmy Rzeki, kt\u00f3ra \u0142\u0105czy organizacje chc\u0105ce chroni\u0107 polskie rzeki, potoki\u2026 <a class=\"continue-reading-link\" href=\"https:\/\/mto-kr.pl\/en\/2023\/10\/29\/koalicja-ratujmy-rzeki-nagrodzona\/\">Czytaj dalej&#8230;<\/a><\/p>","protected":false},"author":1,"featured_media":0,"comment_status":"open","ping_status":"open","sticky":false,"template":"","format":"standard","meta":{"_monsterinsights_skip_tracking":false,"footnotes":""},"categories":[4,1],"tags":[],"class_list":["post-2876","post","type-post","status-publish","format-standard","hentry","category-aktualnosci","category-bez-kategorii"],"_links":{"self":[{"href":"https:\/\/mto-kr.pl\/en\/wp-json\/wp\/v2\/posts\/2876","targetHints":{"allow":["GET"]}}],"collection":[{"href":"https:\/\/mto-kr.pl\/en\/wp-json\/wp\/v2\/posts"}],"about":[{"href":"https:\/\/mto-kr.pl\/en\/wp-json\/wp\/v2\/types\/post"}],"author":[{"embeddable":true,"href":"https:\/\/mto-kr.pl\/en\/wp-json\/wp\/v2\/users\/1"}],"replies":[{"embeddable":true,"href":"https:\/\/mto-kr.pl\/en\/wp-json\/wp\/v2\/comments?post=2876"}],"version-history":[{"count":7,"href":"https:\/\/mto-kr.pl\/en\/wp-json\/wp\/v2\/posts\/2876\/revisions"}],"predecessor-version":[{"id":3082,"href":"https:\/\/mto-kr.pl\/en\/wp-json\/wp\/v2\/posts\/2876\/revisions\/3082"}],"wp:attachment":[{"href":"https:\/\/mto-kr.pl\/en\/wp-json\/wp\/v2\/media?parent=2876"}],"wp:term":[{"taxonomy":"category","embeddable":true,"href":"https:\/\/mto-kr.pl\/en\/wp-json\/wp\/v2\/categories?post=2876"},{"taxonomy":"post_tag","embeddable":true,"href":"https:\/\/mto-kr.pl\/en\/wp-json\/wp\/v2\/tags?post=2876"}],"curies":[{"name":"wp","href":"https:\/\/api.w.org\/{rel}","templated":true}]}}