{"id":2886,"date":"2023-11-06T12:20:41","date_gmt":"2023-11-06T11:20:41","guid":{"rendered":"https:\/\/mto-kr.pl\/wp\/?p=2886"},"modified":"2025-11-06T08:18:49","modified_gmt":"2025-11-06T07:18:49","slug":"55-zjazd-ornitologow-polski-poludniowo-wschodniej","status":"publish","type":"post","link":"https:\/\/mto-kr.pl\/en\/2023\/11\/06\/55-zjazd-ornitologow-polski-poludniowo-wschodniej\/","title":{"rendered":"57. Zjazd Ornitolog\u00f3w Polski Po\u0142udniowo-Wschodniej"},"content":{"rendered":"<p style=\"text-align: justify;\">Serdecznie zapraszamy na kolejny <strong>57. Zjazd Ornitolog\u00f3w Polski P\u0142d.-Wsch.<\/strong> kt\u00f3ry odb\u0119dzie si\u0119 w dniach <strong>22-23 listopada 2024<\/strong>. Poni\u017cej przedstawiamy program Zjazdu, kt\u00f3ry zapowiada si\u0119 bardzo interesuj\u0105co. W przerwach mi\u0119dzy referatami dost\u0119pna b\u0119dzie darmowa kawa i herbata. Czynne b\u0119dzie r\u00f3wnie\u017c nasze stoisko z r\u00f3\u017cnorodnym asortymentem i wieloma nowo\u015bciami, w tym <strong>nowym &#8211; 10 numerem Pomurnika!<\/strong><\/p>\n<p style=\"text-align: justify;\">Przypominamy jednocze\u015bnie, \u017ce osoby ch\u0119tne do wystawienia poster\u00f3w i zdj\u0119\u0107 prosimy o kontakt z Damianem Wiehle (<a href=\"mailto:d.wiehle@poczta.fm\">d.wiehle@poczta.fm<\/a>), najp\u00f3\u017aniej do <strong>17 listopada<\/strong>. Informacja ta jest konieczna do przygotowania odpowiedniej liczby tablic.<\/p>\n<p style=\"text-align: justify;\">W sobot\u0119 po sesji referatowej tradycyjnie zapraszamy na spotkanie integracyjne i pogaduchy do \u201eKarczmy Smil&#8217;y\u201d przy ul. Ko\u015bciuszki 14 od godz. 18.00.<\/p>\n<p style=\"text-align: justify;\">W niedziel\u0119 (<strong>23 listopada<\/strong>), jak zwykle odb\u0119dzie si\u0119 wycieczka na miejski odcinek Wis\u0142y w Krakowie (szczeg\u00f3\u0142y w programie).<\/p>\n<p style=\"text-align: justify;\"><strong>Zapraszamy i do zobaczenia!<\/strong><\/p>\n<p style=\"text-align: justify;\"><a href=\"https:\/\/mto-kr.pl\/wp-content\/uploads\/2023\/11\/Bez-nazwy-1-scaled.jpg\"><img loading=\"lazy\" decoding=\"async\" class=\"aligncenter wp-image-4701 size-full\" src=\"https:\/\/mto-kr.pl\/wp-content\/uploads\/2023\/11\/Bez-nazwy-1-scaled.jpg\" alt=\"\" width=\"2560\" height=\"1810\" srcset=\"https:\/\/mto-kr.pl\/wp-content\/uploads\/2023\/11\/Bez-nazwy-1-scaled.jpg 2560w, https:\/\/mto-kr.pl\/wp-content\/uploads\/2023\/11\/Bez-nazwy-1-300x212.jpg 300w, https:\/\/mto-kr.pl\/wp-content\/uploads\/2023\/11\/Bez-nazwy-1-1024x724.jpg 1024w, https:\/\/mto-kr.pl\/wp-content\/uploads\/2023\/11\/Bez-nazwy-1-768x543.jpg 768w, https:\/\/mto-kr.pl\/wp-content\/uploads\/2023\/11\/Bez-nazwy-1-1536x1086.jpg 1536w, https:\/\/mto-kr.pl\/wp-content\/uploads\/2023\/11\/Bez-nazwy-1-2048x1448.jpg 2048w, https:\/\/mto-kr.pl\/wp-content\/uploads\/2023\/11\/Bez-nazwy-1-18x12.jpg 18w, https:\/\/mto-kr.pl\/wp-content\/uploads\/2023\/11\/Bez-nazwy-1-495x350.jpg 495w, https:\/\/mto-kr.pl\/wp-content\/uploads\/2023\/11\/Bez-nazwy-1-150x106.jpg 150w\" sizes=\"auto, (max-width: 2560px) 100vw, 2560px\" \/><\/a><\/p>","protected":false},"excerpt":{"rendered":"<p>Serdecznie zapraszamy na kolejny 57. Zjazd Ornitolog\u00f3w Polski P\u0142d.-Wsch. kt\u00f3ry odb\u0119dzie si\u0119 w dniach 22-23 listopada 2024. Poni\u017cej przedstawiamy program Zjazdu, kt\u00f3ry zapowiada si\u0119 bardzo interesuj\u0105co. W przerwach mi\u0119dzy referatami dost\u0119pna b\u0119dzie darmowa kawa i herbata. Czynne b\u0119dzie r\u00f3wnie\u017c nasze stoisko z r\u00f3\u017cnorodnym asortymentem i wieloma nowo\u015bciami, w tym nowym &#8211; 10 numerem Pomurnika! Przypominamy jednocze\u015bnie, \u017ce osoby ch\u0119tne do wystawienia poster\u00f3w i zdj\u0119\u0107 prosimy o kontakt z Damianem Wiehle (d.wiehle@poczta.fm), najp\u00f3\u017aniej do 17 listopada. Informacja ta jest konieczna do przygotowania odpowiedniej liczby tablic. W sobot\u0119 po sesji referatowej tradycyjnie zapraszamy na spotkanie integracyjne i pogaduchy do \u201eKarczmy Smil&#8217;y\u201d przy\u2026 <a class=\"continue-reading-link\" href=\"https:\/\/mto-kr.pl\/en\/2023\/11\/06\/55-zjazd-ornitologow-polski-poludniowo-wschodniej\/\">Czytaj dalej&#8230;<\/a><\/p>","protected":false},"author":3,"featured_media":4688,"comment_status":"open","ping_status":"open","sticky":false,"template":"","format":"standard","meta":{"_monsterinsights_skip_tracking":false,"footnotes":""},"categories":[4,1],"tags":[],"class_list":["post-2886","post","type-post","status-publish","format-standard","has-post-thumbnail","hentry","category-aktualnosci","category-bez-kategorii"],"_links":{"self":[{"href":"https:\/\/mto-kr.pl\/en\/wp-json\/wp\/v2\/posts\/2886","targetHints":{"allow":["GET"]}}],"collection":[{"href":"https:\/\/mto-kr.pl\/en\/wp-json\/wp\/v2\/posts"}],"about":[{"href":"https:\/\/mto-kr.pl\/en\/wp-json\/wp\/v2\/types\/post"}],"author":[{"embeddable":true,"href":"https:\/\/mto-kr.pl\/en\/wp-json\/wp\/v2\/users\/3"}],"replies":[{"embeddable":true,"href":"https:\/\/mto-kr.pl\/en\/wp-json\/wp\/v2\/comments?post=2886"}],"version-history":[{"count":49,"href":"https:\/\/mto-kr.pl\/en\/wp-json\/wp\/v2\/posts\/2886\/revisions"}],"predecessor-version":[{"id":4702,"href":"https:\/\/mto-kr.pl\/en\/wp-json\/wp\/v2\/posts\/2886\/revisions\/4702"}],"wp:featuredmedia":[{"embeddable":true,"href":"https:\/\/mto-kr.pl\/en\/wp-json\/wp\/v2\/media\/4688"}],"wp:attachment":[{"href":"https:\/\/mto-kr.pl\/en\/wp-json\/wp\/v2\/media?parent=2886"}],"wp:term":[{"taxonomy":"category","embeddable":true,"href":"https:\/\/mto-kr.pl\/en\/wp-json\/wp\/v2\/categories?post=2886"},{"taxonomy":"post_tag","embeddable":true,"href":"https:\/\/mto-kr.pl\/en\/wp-json\/wp\/v2\/tags?post=2886"}],"curies":[{"name":"wp","href":"https:\/\/api.w.org\/{rel}","templated":true}]}}