{"id":3366,"date":"2024-04-18T21:31:39","date_gmt":"2024-04-18T19:31:39","guid":{"rendered":"https:\/\/mto-kr.pl\/wp\/?p=3366"},"modified":"2024-05-21T13:37:14","modified_gmt":"2024-05-21T11:37:14","slug":"relacja-z-iv-wiosennego-zjazdu-ornitologow-polski-pld-wsch-w-2024","status":"publish","type":"post","link":"https:\/\/mto-kr.pl\/en\/2024\/04\/18\/relacja-z-iv-wiosennego-zjazdu-ornitologow-polski-pld-wsch-w-2024\/","title":{"rendered":"Relacja z IV Wiosennego Zjazdu Ornitolog\u00f3w Polski P\u0142d.-Wsch. w 2024"},"content":{"rendered":"<p style=\"text-align: justify;\">Tym razem, reaktywuj\u0105c tradycj\u0119 wiosennych zjazd\u00f3w, Rada MTO postanowi\u0142a zorganizowa\u0107 wyjazdowy IV Wiosenny Zjazd w dniach 5-7 kwietnia 2024 r. w o\u015brodku &#8222;Le\u015bna Rado\u015b\u0107&#8221; w m. Jastrz\u0105b nieopodal zbiornika Poraj. Miejsce urokliwe, a bazie noclegowo-gastronomicznej trudno by\u0142oby cokolwiek zarzuci\u0107. Wi\u0119kszo\u015b\u0107 uczestnik\u00f3w przyby\u0142a przed kolacj\u0105 w pi\u0105tek, by po szybkim zakwaterowaniu uda\u0107 si\u0119 na kolacj\u0119. Zaraz po niej przenie\u015bli\u015bmy si\u0119 do s\u0105siedniego budynku, w kt\u00f3rym przez kolejne dni odbywa\u0142y si\u0119 wyk\u0142ady. W ramach wieczornego aperitif Staszek Czy\u017c podzieli\u0142 si\u0119 wra\u017ceniami ornitologicznymi z Ameryki Po\u0142udniowej. Tym razem ogl\u0105daj\u0105c niezliczon\u0105 ilo\u015b\u0107 zdj\u0119\u0107 zjawiskowych krajobraz\u00f3w i gatunk\u00f3w zwierz\u0105t, g\u0142\u00f3wnie ptak\u00f3w tego kontynentu odbyli\u015bmy podr\u00f3\u017c szlakiem od Atakamy po Ziemi\u0119 Ognist\u0105. Rozmarzeni, ale przede wszystkim w dobrychhumorach udali\u015bmy si\u0119 na drug\u0105 cz\u0119\u015b\u0107 wieczoru, czyli na rozmowy w mniejszych grupach.<\/p>\n<p style=\"text-align: justify;\">Nast\u0119pnego dnia po \u015bniadaniu nast\u0105pi\u0142o oficjalne otwarcie IV Wiosennego Zjazdu MTO, a pierwszym prelegentem by\u0142 Micha\u0142 Adamowicz, kt\u00f3ry przedstawi\u0142 uczestnikom najwa\u017cniejsze czynniki kszta\u0142tuj\u0105ce wyst\u0119powanie cietrzewia w Polskich Tatrach. Niestety szalona antropopresja ze strony amator\u00f3w narciarstwa skuterowego w tatrza\u0144skich biotopach tego gatunku, bierno\u015b\u0107 w\u0142adz Parku oraz globalne ocieplenie klimatu, negatywnie wp\u0142ywaj\u0105 na zachowanie tego kuraka, co niestety nie napawa optymizmem. By\u0142o te\u017c o drugim z le\u015bnych kurak\u00f3w \u2013 g\u0142uszcu. Z wypiekami na twarzy ogl\u0105dali\u015bmy przepi\u0119kny film zrealizowany w ostojach tego gatunku w g\u00f3rach S\u0142owacji, pokazuj\u0105cy w spos\u00f3b bardzo jasny przyczyny zanikania tego gatunku.<\/p>\n<p style=\"text-align: justify;\"><span class=\"rvts11\">Tu\u017c przed przerw\u0105 kawow\u0105 kol. Kazimierz Walasz przedstawi\u0142 referat pn. Program poznania i ochrony bociana bia\u0142ego w Polsce \u2013 wyniki z 2023 r. Przedstawione wyniki ukaza\u0142y ogrom pracy wykonanej w zakresie kontroli gniazd nie tylko na terenie naszego regionu, ale w ca\u0142ej Polsce, r\u00f3wnie\u017c w jej p\u00f3\u0142nocno-wschodniej cz\u0119\u015bci, gdzie bocian bia\u0142y wyst\u0119puje w kraju najliczniej. Przestawiono wyniki obr\u0105czkowa\u0144 w obszarze dzia\u0142ania Enea Operator, Energa Operator, PGE Dystrybucja i Tauron Dystrybucja, bez kt\u00f3rych wsparcia finansowego i organizacyjnego nie by\u0142oby mo\u017cliwe wykonanie obr\u0105czkowa\u0144. Zaprezentowano te\u017c logotypy naszych sponsor\u00f3w. \u00a0Poruszone zagadnienia s\u0105 o tyle w tym roku wyj\u0105tkowo istotne dla nas mi\u0142o\u015bnik\u00f3w ptak\u00f3w, \u017ce ju\u017c w lipcu rusza 8 Mi\u0119dzynarodowy Spis Bociana Bia\u0142ego w Polsce, wi\u0119c takich motywator\u00f3w nigdy do\u015b\u0107!<\/span><\/p>\n<p style=\"text-align: justify;\">Kolejny referat przedstawi\u0142 Wojciech Solarz (IOP PAN w Krakowie) na temat ptak\u00f3w i przepis\u00f3w prawa w kontek\u015bcie ustawy o gatunkach obcych. Jak si\u0119 okaza\u0142o ustawodawca tradycyjnie nie nad\u0105\u017ca za tym co w przyrodzie, a poza tym w wielu zapisach brak jest jednoznacznych wskaza\u0144 co i jak rozwi\u0105zywa\u0107 czy post\u0119powa\u0107.<\/p>\n<p style=\"text-align: justify;\">W dopo\u0142udniowej cz\u0119\u015bci Zjazdu towarzyszy\u0142a nam ekipa TVP 2 z redaktorem Szymonem Wochalem realizuj\u0105cym program po\u017cyteczni.pl. Magazyn przedstawia dzia\u0142alno\u015b\u0107 organizacji po\u017cytku publicznego oraz formy aktywno\u015bci obywatelskiej. O dzia\u0142alno\u015bci MTO i ptakach opowiadali Maria Krzy\u017canowska, Kazimierz Walasz, Stanis\u0142aw Czy\u017c i Miros\u0142aw Nowicki.<\/p>\n<p style=\"text-align: justify;\">Po przerwie obiadowej Pan Janusz W\u00f3jciak (Lubelskie Towarzystwo Ornitologiczne, Lublin) przedstawi\u0142 i podsumowa\u0142 stan populacji bielika w po\u0142udniowo-wschodniej Polsce w oparciu o wyniki obr\u0105czkowania. Ten nasz herbowy gatunek nale\u017cy do jednych z nielicznych, kt\u00f3rego mo\u017cna nazwa\u0107 wygranym, je\u015bli chodzi o bezprecedensowy wzrost populacji l\u0119gowej oraz kolonizacj\u0119 nowych obszar\u00f3w, w kt\u00f3rych dawniej nie gniazdowa\u0142. Ale pomimo tych dobry wie\u015bci, nadal odnotowywane s\u0105 corocznie przypadki celowego trucia czy strzelania do osobnik\u00f3w w okresie pol\u0119gowym.<\/p>\n<p style=\"text-align: justify;\">Nast\u0119pnie Kazimierz Walasz (MTO) przedstawi\u0142 referat dot. odczytywania obr\u0105czek, jako wa\u017cnej metody w poznaniu biologii i migracji naszych ptak\u00f3w. Dziel\u0105c si\u0119\u00a0 w\u0142asnym do\u015bwiadczeniem w fotografowaniu osobnik\u00f3w zaobr\u0105czkowanych kolorowymi obr\u0105czkami instruowa\u0142 i przestrzega\u0142 przez pope\u0142nianiem b\u0142\u0119d\u00f3w wynikaj\u0105cych z braku staranno\u015bci podczas odczytywania poszczeg\u00f3lnych osobnik\u00f3w obserwowanych w terenie.<\/p>\n<p style=\"text-align: justify;\">Kolejnym prelegentem by\u0142 Stanis\u0142aw Bro\u0144ski (Tatrza\u0144ski Park Narodowy), kt\u00f3ry w ramach swojego wyst\u0105pienia przedstawi\u0142 wyniki kolorowego obr\u0105czkowania siwerniak\u00f3w w polskich Tatrach, a tak\u017ce co dzi\u0119ki takim inicjatywom naukowym wiemy dzisiaj o tym gatunku z polskich czy te\u017c innych europejskich l\u0119gowisk.<\/p>\n<p style=\"text-align: justify;\">Tu\u017c przed kolejn\u0105 popo\u0142udniow\u0105 przerw\u0105 kawow\u0105 zaprezentowano dwa odcinki serii przyrodniczej \u201ePodgl\u0105dacze przyrody\u201d realizowanej przez Adama Zbyryta i Roberta Dr\u00f3\u017cd\u017ca, o wybranych gatunkach ptak\u00f3w, kt\u00f3re w nadchodz\u0105cej przysz\u0142o\u015bci b\u0119d\u0105 do ogl\u0105dni\u0119cia w telewizji Polsat.<\/p>\n<p style=\"text-align: justify;\">Na zako\u0144czeniu sobotnich wyst\u0105pie\u0144 Jacek Betleja (Dzia\u0142 Przyrody Muzeum G\u00f3rno\u015bl\u0105skiego w Bytomiu) zaprezentowa\u0142 fotorelacj\u0119 z wyprawy na ptaki do Australii.<\/p>\n<p style=\"text-align: justify;\">I tak w oto tematycznie rozbudowanym dniu sp\u0119dzonym na ws\u0142uchiwaniu si\u0119 w bardzo interesuj\u0105ce wyst\u0105pienia poszczeg\u00f3lnych go\u015bci dobrn\u0119li\u015bmy do kolacji, na kt\u00f3rej racz\u0105c si\u0119 pysznymi przek\u0105skami serwowanymi z grilla biesiadowali\u015bmy do p\u00f3\u017anego wieczora. \u0141\u0105cznie w spotkaniu uczestniczy\u0142o 27 os\u00f3b.<\/p>\n<p style=\"text-align: justify;\">W niedziel\u0119 po \u015bniadaniu cz\u0119\u015b\u0107 uczestnik\u00f3w, bior\u0105cych udzia\u0142 w wycieczce terenowej na pobliski zbiornik Poraj, uda\u0142a si\u0119 na obserwacje ptak\u00f3w, a pozostali po wykwaterowaniu rozjechali si\u0119 do swoich dom\u00f3w. Wycieczk\u0119 poprowadzi\u0142 Staszek Czy\u017c. Pi\u0119kna pogoda wype\u0142ni\u0142a spacerowiczami \u015bcie\u017cki prowadz\u0105ce wzd\u0142u\u017c brzegu zbiornika, a nam uda\u0142o si\u0119 zaobserwowa\u0107 46 gatunk\u00f3w.<\/p>\n<p style=\"text-align: justify;\"><strong>S\u0105dz\u0105c po nastrojach w dniu wyjazdu jeste\u015bmy pewni, \u017ce tradycja organizacji wiosennych zjazd\u00f3w MTO poza Krakowem zakorzeni si\u0119 na dobre i pozwoli na organizacj\u0119 kolejnych takich wydarza\u0144 w nast\u0119pnych latach.<\/strong><\/p>\n<p>Tekst: Damian Wiehle<br \/>\nZdj\u0119cia: Kazimierz Walasz, Maria Krzy\u017canowska<\/p>\n\n\t\t<style>\n\t\t\t#gallery-1 {\n\t\t\t\tmargin: auto;\n\t\t\t}\n\t\t\t#gallery-1 .gallery-item {\n\t\t\t\tfloat: left;\n\t\t\t\tmargin-top: 10px;\n\t\t\t\ttext-align: center;\n\t\t\t\twidth: 33%;\n\t\t\t}\n\t\t\t#gallery-1 img {\n\t\t\t\tborder: 2px solid #cfcfcf;\n\t\t\t}\n\t\t\t#gallery-1 .gallery-caption {\n\t\t\t\tmargin-left: 0;\n\t\t\t}\n\t\t\t\/* see gallery_shortcode() in wp-includes\/media.php *\/\n\t\t<\/style>\n\t\t<div id='gallery-1' class='gallery galleryid-3366 gallery-columns-3 gallery-size-medium'><dl class='gallery-item'>\n\t\t\t<dt class='gallery-icon landscape'>\n\t\t\t\t<a href='https:\/\/mto-kr.pl\/wp-content\/uploads\/2024\/04\/IV_Wiosenny_Zjazd_MTO_240406_fot_KWalasz_P5370343_kopia.jpg'><img loading=\"lazy\" decoding=\"async\" width=\"300\" height=\"200\" src=\"https:\/\/mto-kr.pl\/wp-content\/uploads\/2024\/04\/IV_Wiosenny_Zjazd_MTO_240406_fot_KWalasz_P5370343_kopia-300x200.jpg\" class=\"attachment-medium size-medium\" alt=\"\" aria-describedby=\"gallery-1-3375\" srcset=\"https:\/\/mto-kr.pl\/wp-content\/uploads\/2024\/04\/IV_Wiosenny_Zjazd_MTO_240406_fot_KWalasz_P5370343_kopia-300x200.jpg 300w, https:\/\/mto-kr.pl\/wp-content\/uploads\/2024\/04\/IV_Wiosenny_Zjazd_MTO_240406_fot_KWalasz_P5370343_kopia-1024x683.jpg 1024w, https:\/\/mto-kr.pl\/wp-content\/uploads\/2024\/04\/IV_Wiosenny_Zjazd_MTO_240406_fot_KWalasz_P5370343_kopia-768x512.jpg 768w, https:\/\/mto-kr.pl\/wp-content\/uploads\/2024\/04\/IV_Wiosenny_Zjazd_MTO_240406_fot_KWalasz_P5370343_kopia-18x12.jpg 18w, https:\/\/mto-kr.pl\/wp-content\/uploads\/2024\/04\/IV_Wiosenny_Zjazd_MTO_240406_fot_KWalasz_P5370343_kopia-525x350.jpg 525w, https:\/\/mto-kr.pl\/wp-content\/uploads\/2024\/04\/IV_Wiosenny_Zjazd_MTO_240406_fot_KWalasz_P5370343_kopia-150x100.jpg 150w, https:\/\/mto-kr.pl\/wp-content\/uploads\/2024\/04\/IV_Wiosenny_Zjazd_MTO_240406_fot_KWalasz_P5370343_kopia.jpg 1200w\" sizes=\"auto, (max-width: 300px) 100vw, 300px\" \/><\/a>\n\t\t\t<\/dt>\n\t\t\t\t<dd class='wp-caption-text gallery-caption' id='gallery-1-3375'>\n\t\t\t\tFot. Kazimierz Walasz\n\t\t\t\t<\/dd><\/dl><dl class='gallery-item'>\n\t\t\t<dt class='gallery-icon landscape'>\n\t\t\t\t<a href='https:\/\/mto-kr.pl\/wp-content\/uploads\/2024\/04\/IV_Wiosenny_Zjazd_MTO_240406_fot_KWalasz_P5370374-kopia.jpg'><img loading=\"lazy\" decoding=\"async\" width=\"300\" height=\"225\" src=\"https:\/\/mto-kr.pl\/wp-content\/uploads\/2024\/04\/IV_Wiosenny_Zjazd_MTO_240406_fot_KWalasz_P5370374-kopia-300x225.jpg\" class=\"attachment-medium size-medium\" alt=\"\" aria-describedby=\"gallery-1-3378\" srcset=\"https:\/\/mto-kr.pl\/wp-content\/uploads\/2024\/04\/IV_Wiosenny_Zjazd_MTO_240406_fot_KWalasz_P5370374-kopia-300x225.jpg 300w, https:\/\/mto-kr.pl\/wp-content\/uploads\/2024\/04\/IV_Wiosenny_Zjazd_MTO_240406_fot_KWalasz_P5370374-kopia-1024x768.jpg 1024w, https:\/\/mto-kr.pl\/wp-content\/uploads\/2024\/04\/IV_Wiosenny_Zjazd_MTO_240406_fot_KWalasz_P5370374-kopia-768x576.jpg 768w, https:\/\/mto-kr.pl\/wp-content\/uploads\/2024\/04\/IV_Wiosenny_Zjazd_MTO_240406_fot_KWalasz_P5370374-kopia-16x12.jpg 16w, https:\/\/mto-kr.pl\/wp-content\/uploads\/2024\/04\/IV_Wiosenny_Zjazd_MTO_240406_fot_KWalasz_P5370374-kopia-467x350.jpg 467w, https:\/\/mto-kr.pl\/wp-content\/uploads\/2024\/04\/IV_Wiosenny_Zjazd_MTO_240406_fot_KWalasz_P5370374-kopia-150x112.jpg 150w, https:\/\/mto-kr.pl\/wp-content\/uploads\/2024\/04\/IV_Wiosenny_Zjazd_MTO_240406_fot_KWalasz_P5370374-kopia.jpg 1067w\" sizes=\"auto, (max-width: 300px) 100vw, 300px\" \/><\/a>\n\t\t\t<\/dt>\n\t\t\t\t<dd class='wp-caption-text gallery-caption' id='gallery-1-3378'>\n\t\t\t\tFot. Kazimierz Walasz\n\t\t\t\t<\/dd><\/dl><dl class='gallery-item'>\n\t\t\t<dt class='gallery-icon landscape'>\n\t\t\t\t<a href='https:\/\/mto-kr.pl\/wp-content\/uploads\/2024\/04\/IV_Wiosenny_Zjazd_MTO_240406_fot_KWalasz_P5370378-kopia.jpg'><img loading=\"lazy\" decoding=\"async\" width=\"300\" height=\"225\" src=\"https:\/\/mto-kr.pl\/wp-content\/uploads\/2024\/04\/IV_Wiosenny_Zjazd_MTO_240406_fot_KWalasz_P5370378-kopia-300x225.jpg\" class=\"attachment-medium size-medium\" alt=\"\" aria-describedby=\"gallery-1-3379\" srcset=\"https:\/\/mto-kr.pl\/wp-content\/uploads\/2024\/04\/IV_Wiosenny_Zjazd_MTO_240406_fot_KWalasz_P5370378-kopia-300x225.jpg 300w, https:\/\/mto-kr.pl\/wp-content\/uploads\/2024\/04\/IV_Wiosenny_Zjazd_MTO_240406_fot_KWalasz_P5370378-kopia-1024x768.jpg 1024w, https:\/\/mto-kr.pl\/wp-content\/uploads\/2024\/04\/IV_Wiosenny_Zjazd_MTO_240406_fot_KWalasz_P5370378-kopia-768x576.jpg 768w, https:\/\/mto-kr.pl\/wp-content\/uploads\/2024\/04\/IV_Wiosenny_Zjazd_MTO_240406_fot_KWalasz_P5370378-kopia-16x12.jpg 16w, https:\/\/mto-kr.pl\/wp-content\/uploads\/2024\/04\/IV_Wiosenny_Zjazd_MTO_240406_fot_KWalasz_P5370378-kopia-467x350.jpg 467w, https:\/\/mto-kr.pl\/wp-content\/uploads\/2024\/04\/IV_Wiosenny_Zjazd_MTO_240406_fot_KWalasz_P5370378-kopia-150x112.jpg 150w, https:\/\/mto-kr.pl\/wp-content\/uploads\/2024\/04\/IV_Wiosenny_Zjazd_MTO_240406_fot_KWalasz_P5370378-kopia.jpg 1067w\" sizes=\"auto, (max-width: 300px) 100vw, 300px\" \/><\/a>\n\t\t\t<\/dt>\n\t\t\t\t<dd class='wp-caption-text gallery-caption' id='gallery-1-3379'>\n\t\t\t\tFot. Kazimierz Walasz\n\t\t\t\t<\/dd><\/dl><br style=\"clear: both\" \/><dl class='gallery-item'>\n\t\t\t<dt class='gallery-icon landscape'>\n\t\t\t\t<a href='https:\/\/mto-kr.pl\/wp-content\/uploads\/2024\/04\/IV_Wiosenny_Zjazd_MTO_240406_fot_KWalasz_P5370362-kopia.jpg'><img loading=\"lazy\" decoding=\"async\" width=\"300\" height=\"225\" src=\"https:\/\/mto-kr.pl\/wp-content\/uploads\/2024\/04\/IV_Wiosenny_Zjazd_MTO_240406_fot_KWalasz_P5370362-kopia-300x225.jpg\" class=\"attachment-medium size-medium\" alt=\"\" aria-describedby=\"gallery-1-3377\" srcset=\"https:\/\/mto-kr.pl\/wp-content\/uploads\/2024\/04\/IV_Wiosenny_Zjazd_MTO_240406_fot_KWalasz_P5370362-kopia-300x225.jpg 300w, https:\/\/mto-kr.pl\/wp-content\/uploads\/2024\/04\/IV_Wiosenny_Zjazd_MTO_240406_fot_KWalasz_P5370362-kopia-1024x768.jpg 1024w, https:\/\/mto-kr.pl\/wp-content\/uploads\/2024\/04\/IV_Wiosenny_Zjazd_MTO_240406_fot_KWalasz_P5370362-kopia-768x576.jpg 768w, https:\/\/mto-kr.pl\/wp-content\/uploads\/2024\/04\/IV_Wiosenny_Zjazd_MTO_240406_fot_KWalasz_P5370362-kopia-16x12.jpg 16w, https:\/\/mto-kr.pl\/wp-content\/uploads\/2024\/04\/IV_Wiosenny_Zjazd_MTO_240406_fot_KWalasz_P5370362-kopia-467x350.jpg 467w, https:\/\/mto-kr.pl\/wp-content\/uploads\/2024\/04\/IV_Wiosenny_Zjazd_MTO_240406_fot_KWalasz_P5370362-kopia-150x112.jpg 150w, https:\/\/mto-kr.pl\/wp-content\/uploads\/2024\/04\/IV_Wiosenny_Zjazd_MTO_240406_fot_KWalasz_P5370362-kopia.jpg 1067w\" sizes=\"auto, (max-width: 300px) 100vw, 300px\" \/><\/a>\n\t\t\t<\/dt>\n\t\t\t\t<dd class='wp-caption-text gallery-caption' id='gallery-1-3377'>\n\t\t\t\tFot. Kazimierz Walasz\n\t\t\t\t<\/dd><\/dl><dl class='gallery-item'>\n\t\t\t<dt class='gallery-icon landscape'>\n\t\t\t\t<a href='https:\/\/mto-kr.pl\/wp-content\/uploads\/2024\/04\/IV_Wiosenny_Zjazd_MTO_240406_fot_KWalasz_P5370455_1-kopia.jpg'><img loading=\"lazy\" decoding=\"async\" width=\"300\" height=\"200\" src=\"https:\/\/mto-kr.pl\/wp-content\/uploads\/2024\/04\/IV_Wiosenny_Zjazd_MTO_240406_fot_KWalasz_P5370455_1-kopia-300x200.jpg\" class=\"attachment-medium size-medium\" alt=\"\" aria-describedby=\"gallery-1-3382\" srcset=\"https:\/\/mto-kr.pl\/wp-content\/uploads\/2024\/04\/IV_Wiosenny_Zjazd_MTO_240406_fot_KWalasz_P5370455_1-kopia-300x200.jpg 300w, https:\/\/mto-kr.pl\/wp-content\/uploads\/2024\/04\/IV_Wiosenny_Zjazd_MTO_240406_fot_KWalasz_P5370455_1-kopia-1024x683.jpg 1024w, https:\/\/mto-kr.pl\/wp-content\/uploads\/2024\/04\/IV_Wiosenny_Zjazd_MTO_240406_fot_KWalasz_P5370455_1-kopia-768x512.jpg 768w, https:\/\/mto-kr.pl\/wp-content\/uploads\/2024\/04\/IV_Wiosenny_Zjazd_MTO_240406_fot_KWalasz_P5370455_1-kopia-18x12.jpg 18w, https:\/\/mto-kr.pl\/wp-content\/uploads\/2024\/04\/IV_Wiosenny_Zjazd_MTO_240406_fot_KWalasz_P5370455_1-kopia-525x350.jpg 525w, https:\/\/mto-kr.pl\/wp-content\/uploads\/2024\/04\/IV_Wiosenny_Zjazd_MTO_240406_fot_KWalasz_P5370455_1-kopia-150x100.jpg 150w, https:\/\/mto-kr.pl\/wp-content\/uploads\/2024\/04\/IV_Wiosenny_Zjazd_MTO_240406_fot_KWalasz_P5370455_1-kopia.jpg 1200w\" sizes=\"auto, (max-width: 300px) 100vw, 300px\" \/><\/a>\n\t\t\t<\/dt>\n\t\t\t\t<dd class='wp-caption-text gallery-caption' id='gallery-1-3382'>\n\t\t\t\tFot. Kazimierz Walasz\n\t\t\t\t<\/dd><\/dl><dl class='gallery-item'>\n\t\t\t<dt class='gallery-icon landscape'>\n\t\t\t\t<a href='https:\/\/mto-kr.pl\/wp-content\/uploads\/2024\/04\/IV_Wiosenny_Zjazd_MTO_240406_fot_KWalasz_P5370453-kopia.jpg'><img loading=\"lazy\" decoding=\"async\" width=\"300\" height=\"229\" src=\"https:\/\/mto-kr.pl\/wp-content\/uploads\/2024\/04\/IV_Wiosenny_Zjazd_MTO_240406_fot_KWalasz_P5370453-kopia-300x229.jpg\" class=\"attachment-medium size-medium\" alt=\"\" aria-describedby=\"gallery-1-3381\" srcset=\"https:\/\/mto-kr.pl\/wp-content\/uploads\/2024\/04\/IV_Wiosenny_Zjazd_MTO_240406_fot_KWalasz_P5370453-kopia-300x229.jpg 300w, https:\/\/mto-kr.pl\/wp-content\/uploads\/2024\/04\/IV_Wiosenny_Zjazd_MTO_240406_fot_KWalasz_P5370453-kopia-768x587.jpg 768w, https:\/\/mto-kr.pl\/wp-content\/uploads\/2024\/04\/IV_Wiosenny_Zjazd_MTO_240406_fot_KWalasz_P5370453-kopia-16x12.jpg 16w, https:\/\/mto-kr.pl\/wp-content\/uploads\/2024\/04\/IV_Wiosenny_Zjazd_MTO_240406_fot_KWalasz_P5370453-kopia-458x350.jpg 458w, https:\/\/mto-kr.pl\/wp-content\/uploads\/2024\/04\/IV_Wiosenny_Zjazd_MTO_240406_fot_KWalasz_P5370453-kopia-150x115.jpg 150w, https:\/\/mto-kr.pl\/wp-content\/uploads\/2024\/04\/IV_Wiosenny_Zjazd_MTO_240406_fot_KWalasz_P5370453-kopia-356x270.jpg 356w, https:\/\/mto-kr.pl\/wp-content\/uploads\/2024\/04\/IV_Wiosenny_Zjazd_MTO_240406_fot_KWalasz_P5370453-kopia.jpg 831w\" sizes=\"auto, (max-width: 300px) 100vw, 300px\" \/><\/a>\n\t\t\t<\/dt>\n\t\t\t\t<dd class='wp-caption-text gallery-caption' id='gallery-1-3381'>\n\t\t\t\tFot. Kazimierz Walasz\n\t\t\t\t<\/dd><\/dl><br style=\"clear: both\" \/><dl class='gallery-item'>\n\t\t\t<dt class='gallery-icon landscape'>\n\t\t\t\t<a href='https:\/\/mto-kr.pl\/wp-content\/uploads\/2024\/04\/IV_Wiosenny_Zjazd_MTO_240406_fot_KWalasz_P5370446-kopia.jpg'><img loading=\"lazy\" decoding=\"async\" width=\"300\" height=\"212\" src=\"https:\/\/mto-kr.pl\/wp-content\/uploads\/2024\/04\/IV_Wiosenny_Zjazd_MTO_240406_fot_KWalasz_P5370446-kopia-300x212.jpg\" class=\"attachment-medium size-medium\" alt=\"\" aria-describedby=\"gallery-1-3380\" srcset=\"https:\/\/mto-kr.pl\/wp-content\/uploads\/2024\/04\/IV_Wiosenny_Zjazd_MTO_240406_fot_KWalasz_P5370446-kopia-300x212.jpg 300w, https:\/\/mto-kr.pl\/wp-content\/uploads\/2024\/04\/IV_Wiosenny_Zjazd_MTO_240406_fot_KWalasz_P5370446-kopia-18x12.jpg 18w, https:\/\/mto-kr.pl\/wp-content\/uploads\/2024\/04\/IV_Wiosenny_Zjazd_MTO_240406_fot_KWalasz_P5370446-kopia-495x350.jpg 495w, https:\/\/mto-kr.pl\/wp-content\/uploads\/2024\/04\/IV_Wiosenny_Zjazd_MTO_240406_fot_KWalasz_P5370446-kopia-150x106.jpg 150w, https:\/\/mto-kr.pl\/wp-content\/uploads\/2024\/04\/IV_Wiosenny_Zjazd_MTO_240406_fot_KWalasz_P5370446-kopia.jpg 762w\" sizes=\"auto, (max-width: 300px) 100vw, 300px\" \/><\/a>\n\t\t\t<\/dt>\n\t\t\t\t<dd class='wp-caption-text gallery-caption' id='gallery-1-3380'>\n\t\t\t\tFot. Kazimierz Walasz\n\t\t\t\t<\/dd><\/dl><dl class='gallery-item'>\n\t\t\t<dt class='gallery-icon landscape'>\n\t\t\t\t<a href='https:\/\/mto-kr.pl\/wp-content\/uploads\/2024\/04\/IV_Wiosenny_Zjazd_MTO_240407_fot_KWalasz_DSCN8460_kopia.jpg'><img loading=\"lazy\" decoding=\"async\" width=\"300\" height=\"201\" src=\"https:\/\/mto-kr.pl\/wp-content\/uploads\/2024\/04\/IV_Wiosenny_Zjazd_MTO_240407_fot_KWalasz_DSCN8460_kopia-300x201.jpg\" class=\"attachment-medium size-medium\" alt=\"\" aria-describedby=\"gallery-1-3383\" srcset=\"https:\/\/mto-kr.pl\/wp-content\/uploads\/2024\/04\/IV_Wiosenny_Zjazd_MTO_240407_fot_KWalasz_DSCN8460_kopia-300x201.jpg 300w, https:\/\/mto-kr.pl\/wp-content\/uploads\/2024\/04\/IV_Wiosenny_Zjazd_MTO_240407_fot_KWalasz_DSCN8460_kopia-1024x684.jpg 1024w, https:\/\/mto-kr.pl\/wp-content\/uploads\/2024\/04\/IV_Wiosenny_Zjazd_MTO_240407_fot_KWalasz_DSCN8460_kopia-768x513.jpg 768w, https:\/\/mto-kr.pl\/wp-content\/uploads\/2024\/04\/IV_Wiosenny_Zjazd_MTO_240407_fot_KWalasz_DSCN8460_kopia-18x12.jpg 18w, https:\/\/mto-kr.pl\/wp-content\/uploads\/2024\/04\/IV_Wiosenny_Zjazd_MTO_240407_fot_KWalasz_DSCN8460_kopia-524x350.jpg 524w, https:\/\/mto-kr.pl\/wp-content\/uploads\/2024\/04\/IV_Wiosenny_Zjazd_MTO_240407_fot_KWalasz_DSCN8460_kopia-150x100.jpg 150w, https:\/\/mto-kr.pl\/wp-content\/uploads\/2024\/04\/IV_Wiosenny_Zjazd_MTO_240407_fot_KWalasz_DSCN8460_kopia.jpg 1200w\" sizes=\"auto, (max-width: 300px) 100vw, 300px\" \/><\/a>\n\t\t\t<\/dt>\n\t\t\t\t<dd class='wp-caption-text gallery-caption' id='gallery-1-3383'>\n\t\t\t\tFot. Maria Krzy\u017canowska\n\t\t\t\t<\/dd><\/dl><dl class='gallery-item'>\n\t\t\t<dt class='gallery-icon landscape'>\n\t\t\t\t<a href='https:\/\/mto-kr.pl\/wp-content\/uploads\/2024\/04\/1713465856873.jpeg'><img loading=\"lazy\" decoding=\"async\" width=\"300\" height=\"225\" src=\"https:\/\/mto-kr.pl\/wp-content\/uploads\/2024\/04\/1713465856873-300x225.jpeg\" class=\"attachment-medium size-medium\" alt=\"\" aria-describedby=\"gallery-1-3374\" srcset=\"https:\/\/mto-kr.pl\/wp-content\/uploads\/2024\/04\/1713465856873-300x225.jpeg 300w, https:\/\/mto-kr.pl\/wp-content\/uploads\/2024\/04\/1713465856873-1024x768.jpeg 1024w, https:\/\/mto-kr.pl\/wp-content\/uploads\/2024\/04\/1713465856873-768x576.jpeg 768w, https:\/\/mto-kr.pl\/wp-content\/uploads\/2024\/04\/1713465856873-1536x1152.jpeg 1536w, https:\/\/mto-kr.pl\/wp-content\/uploads\/2024\/04\/1713465856873-16x12.jpeg 16w, https:\/\/mto-kr.pl\/wp-content\/uploads\/2024\/04\/1713465856873-467x350.jpeg 467w, https:\/\/mto-kr.pl\/wp-content\/uploads\/2024\/04\/1713465856873-150x113.jpeg 150w, https:\/\/mto-kr.pl\/wp-content\/uploads\/2024\/04\/1713465856873.jpeg 2000w\" sizes=\"auto, (max-width: 300px) 100vw, 300px\" \/><\/a>\n\t\t\t<\/dt>\n\t\t\t\t<dd class='wp-caption-text gallery-caption' id='gallery-1-3374'>\n\t\t\t\tFot. Maria Krzy\u017canowska\n\t\t\t\t<\/dd><\/dl><br style=\"clear: both\" \/><dl class='gallery-item'>\n\t\t\t<dt class='gallery-icon landscape'>\n\t\t\t\t<a href='https:\/\/mto-kr.pl\/wp-content\/uploads\/2024\/04\/1713465856868.jpeg'><img loading=\"lazy\" decoding=\"async\" width=\"300\" height=\"225\" src=\"https:\/\/mto-kr.pl\/wp-content\/uploads\/2024\/04\/1713465856868-300x225.jpeg\" class=\"attachment-medium size-medium\" alt=\"\" aria-describedby=\"gallery-1-3373\" srcset=\"https:\/\/mto-kr.pl\/wp-content\/uploads\/2024\/04\/1713465856868-300x225.jpeg 300w, https:\/\/mto-kr.pl\/wp-content\/uploads\/2024\/04\/1713465856868-1024x768.jpeg 1024w, https:\/\/mto-kr.pl\/wp-content\/uploads\/2024\/04\/1713465856868-768x576.jpeg 768w, https:\/\/mto-kr.pl\/wp-content\/uploads\/2024\/04\/1713465856868-1536x1152.jpeg 1536w, https:\/\/mto-kr.pl\/wp-content\/uploads\/2024\/04\/1713465856868-16x12.jpeg 16w, https:\/\/mto-kr.pl\/wp-content\/uploads\/2024\/04\/1713465856868-467x350.jpeg 467w, https:\/\/mto-kr.pl\/wp-content\/uploads\/2024\/04\/1713465856868-150x113.jpeg 150w, https:\/\/mto-kr.pl\/wp-content\/uploads\/2024\/04\/1713465856868.jpeg 2000w\" sizes=\"auto, (max-width: 300px) 100vw, 300px\" \/><\/a>\n\t\t\t<\/dt>\n\t\t\t\t<dd class='wp-caption-text gallery-caption' id='gallery-1-3373'>\n\t\t\t\tFot. Maria Krzy\u017canowska\n\t\t\t\t<\/dd><\/dl><dl class='gallery-item'>\n\t\t\t<dt class='gallery-icon landscape'>\n\t\t\t\t<a href='https:\/\/mto-kr.pl\/wp-content\/uploads\/2024\/04\/1713465856864.jpeg'><img loading=\"lazy\" decoding=\"async\" width=\"300\" height=\"225\" src=\"https:\/\/mto-kr.pl\/wp-content\/uploads\/2024\/04\/1713465856864-300x225.jpeg\" class=\"attachment-medium size-medium\" alt=\"\" aria-describedby=\"gallery-1-3372\" srcset=\"https:\/\/mto-kr.pl\/wp-content\/uploads\/2024\/04\/1713465856864-300x225.jpeg 300w, https:\/\/mto-kr.pl\/wp-content\/uploads\/2024\/04\/1713465856864-1024x768.jpeg 1024w, https:\/\/mto-kr.pl\/wp-content\/uploads\/2024\/04\/1713465856864-768x576.jpeg 768w, https:\/\/mto-kr.pl\/wp-content\/uploads\/2024\/04\/1713465856864-1536x1152.jpeg 1536w, https:\/\/mto-kr.pl\/wp-content\/uploads\/2024\/04\/1713465856864-16x12.jpeg 16w, https:\/\/mto-kr.pl\/wp-content\/uploads\/2024\/04\/1713465856864-467x350.jpeg 467w, https:\/\/mto-kr.pl\/wp-content\/uploads\/2024\/04\/1713465856864-150x113.jpeg 150w, https:\/\/mto-kr.pl\/wp-content\/uploads\/2024\/04\/1713465856864.jpeg 2000w\" sizes=\"auto, (max-width: 300px) 100vw, 300px\" \/><\/a>\n\t\t\t<\/dt>\n\t\t\t\t<dd class='wp-caption-text gallery-caption' id='gallery-1-3372'>\n\t\t\t\tFot. Maria Krzy\u017canowska\n\t\t\t\t<\/dd><\/dl><dl class='gallery-item'>\n\t\t\t<dt class='gallery-icon landscape'>\n\t\t\t\t<a href='https:\/\/mto-kr.pl\/wp-content\/uploads\/2024\/04\/1713465856858.jpeg'><img loading=\"lazy\" decoding=\"async\" width=\"300\" height=\"225\" src=\"https:\/\/mto-kr.pl\/wp-content\/uploads\/2024\/04\/1713465856858-300x225.jpeg\" class=\"attachment-medium size-medium\" alt=\"\" aria-describedby=\"gallery-1-3371\" srcset=\"https:\/\/mto-kr.pl\/wp-content\/uploads\/2024\/04\/1713465856858-300x225.jpeg 300w, https:\/\/mto-kr.pl\/wp-content\/uploads\/2024\/04\/1713465856858-1024x768.jpeg 1024w, https:\/\/mto-kr.pl\/wp-content\/uploads\/2024\/04\/1713465856858-768x576.jpeg 768w, https:\/\/mto-kr.pl\/wp-content\/uploads\/2024\/04\/1713465856858-1536x1152.jpeg 1536w, https:\/\/mto-kr.pl\/wp-content\/uploads\/2024\/04\/1713465856858-16x12.jpeg 16w, https:\/\/mto-kr.pl\/wp-content\/uploads\/2024\/04\/1713465856858-467x350.jpeg 467w, https:\/\/mto-kr.pl\/wp-content\/uploads\/2024\/04\/1713465856858-150x113.jpeg 150w, https:\/\/mto-kr.pl\/wp-content\/uploads\/2024\/04\/1713465856858.jpeg 2000w\" sizes=\"auto, (max-width: 300px) 100vw, 300px\" \/><\/a>\n\t\t\t<\/dt>\n\t\t\t\t<dd class='wp-caption-text gallery-caption' id='gallery-1-3371'>\n\t\t\t\tFot. Maria Krzy\u017canowska\n\t\t\t\t<\/dd><\/dl><br style=\"clear: both\" \/>\n\t\t<\/div>\n\n<p>&nbsp;<\/p>","protected":false},"excerpt":{"rendered":"<p>Tym razem, reaktywuj\u0105c tradycj\u0119 wiosennych zjazd\u00f3w, Rada MTO postanowi\u0142a zorganizowa\u0107 wyjazdowy IV Wiosenny Zjazd w dniach 5-7 kwietnia 2024 r. w o\u015brodku &#8222;Le\u015bna Rado\u015b\u0107&#8221; w m. Jastrz\u0105b nieopodal zbiornika Poraj. Miejsce urokliwe, a bazie noclegowo-gastronomicznej trudno by\u0142oby cokolwiek zarzuci\u0107. Wi\u0119kszo\u015b\u0107 uczestnik\u00f3w przyby\u0142a przed kolacj\u0105 w pi\u0105tek, by po szybkim zakwaterowaniu uda\u0107 si\u0119 na kolacj\u0119. Zaraz po niej przenie\u015bli\u015bmy si\u0119 do s\u0105siedniego budynku, w kt\u00f3rym przez kolejne dni odbywa\u0142y si\u0119 wyk\u0142ady. W ramach wieczornego aperitif Staszek Czy\u017c podzieli\u0142 si\u0119 wra\u017ceniami ornitologicznymi z Ameryki Po\u0142udniowej. Tym razem ogl\u0105daj\u0105c niezliczon\u0105 ilo\u015b\u0107 zdj\u0119\u0107 zjawiskowych krajobraz\u00f3w i gatunk\u00f3w zwierz\u0105t, g\u0142\u00f3wnie ptak\u00f3w tego kontynentu odbyli\u015bmy podr\u00f3\u017c\u2026 <a class=\"continue-reading-link\" href=\"https:\/\/mto-kr.pl\/en\/2024\/04\/18\/relacja-z-iv-wiosennego-zjazdu-ornitologow-polski-pld-wsch-w-2024\/\">Czytaj dalej&#8230;<\/a><\/p>","protected":false},"author":1,"featured_media":3383,"comment_status":"open","ping_status":"open","sticky":false,"template":"","format":"standard","meta":{"_monsterinsights_skip_tracking":false,"footnotes":""},"categories":[4,1],"tags":[],"class_list":["post-3366","post","type-post","status-publish","format-standard","has-post-thumbnail","hentry","category-aktualnosci","category-bez-kategorii"],"_links":{"self":[{"href":"https:\/\/mto-kr.pl\/en\/wp-json\/wp\/v2\/posts\/3366","targetHints":{"allow":["GET"]}}],"collection":[{"href":"https:\/\/mto-kr.pl\/en\/wp-json\/wp\/v2\/posts"}],"about":[{"href":"https:\/\/mto-kr.pl\/en\/wp-json\/wp\/v2\/types\/post"}],"author":[{"embeddable":true,"href":"https:\/\/mto-kr.pl\/en\/wp-json\/wp\/v2\/users\/1"}],"replies":[{"embeddable":true,"href":"https:\/\/mto-kr.pl\/en\/wp-json\/wp\/v2\/comments?post=3366"}],"version-history":[{"count":9,"href":"https:\/\/mto-kr.pl\/en\/wp-json\/wp\/v2\/posts\/3366\/revisions"}],"predecessor-version":[{"id":3420,"href":"https:\/\/mto-kr.pl\/en\/wp-json\/wp\/v2\/posts\/3366\/revisions\/3420"}],"wp:featuredmedia":[{"embeddable":true,"href":"https:\/\/mto-kr.pl\/en\/wp-json\/wp\/v2\/media\/3383"}],"wp:attachment":[{"href":"https:\/\/mto-kr.pl\/en\/wp-json\/wp\/v2\/media?parent=3366"}],"wp:term":[{"taxonomy":"category","embeddable":true,"href":"https:\/\/mto-kr.pl\/en\/wp-json\/wp\/v2\/categories?post=3366"},{"taxonomy":"post_tag","embeddable":true,"href":"https:\/\/mto-kr.pl\/en\/wp-json\/wp\/v2\/tags?post=3366"}],"curies":[{"name":"wp","href":"https:\/\/api.w.org\/{rel}","templated":true}]}}