{"id":382,"date":"2018-01-12T13:47:50","date_gmt":"2018-01-12T12:47:50","guid":{"rendered":"https:\/\/mto-kr.pl\/?p=382"},"modified":"2018-01-12T21:03:52","modified_gmt":"2018-01-12T20:03:52","slug":"przyrodnik-z-proszowic-bedzie-szukal-sow-na-koscielnych-wiezach","status":"publish","type":"post","link":"https:\/\/mto-kr.pl\/en\/2018\/01\/12\/przyrodnik-z-proszowic-bedzie-szukal-sow-na-koscielnych-wiezach\/","title":{"rendered":"Przyrodnik z Proszowic b\u0119dzie szuka\u0142 s\u00f3w na ko\u015bcielnych wie\u017cach"},"content":{"rendered":"<p style=\"text-align: justify;\"><img loading=\"lazy\" decoding=\"async\" class=\"alignright\" src=\"https:\/\/s-pt.ppstatic.pl\/g\/logo_naglowek\/dziennikpolski24.svg?6638407123\" alt=\"Dziennik Polski 24\" width=\"200\" height=\"40\" \/><strong>Z inicjatywy Micha\u0142a Molickiego w nadchodz\u0105cym tygodniu rozpocznie si\u0119 projekt &#8222;Tyto&#8221;, kt\u00f3rego celem jest stwierdzenie obecno\u015bci sowy p\u0142omyk\u00f3wki na terenie powiatu proszowickiego.<\/strong><\/p>\n<p style=\"text-align: justify;\">Projekt &#8222;Tyto&#8221; zainicjowa\u0142 Micha\u0142 Molicki, przyrodnik amator, na co dzie\u0144 pracownik Domu Kultury w Proszowicach. B\u0119dzie dzia\u0142a\u0142 z ramienia <strong>Ma\u0142opolskiego Towarzystwa Ornitologicznego.<\/strong><\/p>\n<div style=\"width: 210px\" class=\"wp-caption alignleft\"><a href=\"https:\/\/d-pt.ppstatic.pl\/kadry\/k\/r\/1\/f2\/a5\/5a4e7d901d587_o,size,250x400,q,71,h,788d6e.jpg\"><img loading=\"lazy\" decoding=\"async\" class=\"\" src=\"https:\/\/d-pt.ppstatic.pl\/kadry\/k\/r\/1\/f2\/a5\/5a4e7d901d587_o,size,250x400,q,71,h,788d6e.jpg\" alt=\"\" width=\"200\" height=\"320\" \/><\/a><p class=\"wp-caption-text\">Micha\u0142 Molicki z wizerunkiem p\u0142omyk\u00f3wki<\/p><\/div>\n<p style=\"text-align: justify;\">&#8222;<em>Zainspirowa\u0142y mnie wyk\u0142ady naukowc\u00f3w na grudniowej konferencji &#8222;Sowy Polski&#8221; w Piechowicach. Ma\u0142opolskie Towarzystwo Ornitologiczne popar\u0142o pomys\u0142 zliczenia p\u0142omyk\u00f3wki i zbadania jej siedlisk, na kt\u00f3re ten rzadki ptak obiera ko\u015bcio\u0142y&#8221;<\/em> &#8211; m\u00f3wi Micha\u0142 Molicki.<\/p>\n<p style=\"text-align: justify;\">Zebrane dane i wyci\u0105gni\u0119te na ich podstawie wnioski zostan\u0105 wykorzystane w specjalistycznych publikacjach. Inicjator nie ukrywa przy tym, \u017ce liczy na przychylno\u015b\u0107 ksi\u0119\u017cy. Bez wsp\u00f3\u0142pracy z ich strony trudno b\u0119dzie zrealizowa\u0107 projekt. <em>&#8222;Bez ich zgody nie b\u0119d\u0119 m\u00f3g\u0142 zbada\u0107 wie\u017c ko\u015bcielnych i poddaszy. Chcia\u0142bym zaplanowan\u0105 na stycze\u0144 i kwiecie\u0144 akcj\u0119 rozpocz\u0105\u0107 jak najszybciej, ju\u017c w przysz\u0142ym tygodniu&#8221; &#8211;<\/em> zapowiada.<\/p>\n<p style=\"text-align: justify;\">Micha\u0142 Molicki zamierza odwiedzi\u0107 22 ko\u015bcio\u0142y. Kontrola zimowa ma stwierdzi\u0107, czy p\u0142omyk\u00f3wki w og\u00f3le wyst\u0119puj\u0105 na tym terenie. Wiosenna ma wykaza\u0107 ewentualne l\u0119gi. Badania maj\u0105 powtarzane co kilka lat i obejm\u0105 tak\u017ce s\u0105siednie powiaty. <em>&#8222;Szczeg\u00f3lnie w Ma\u0142opolsce brakuje rzetelnych danych o tym zagro\u017conym w skali kraju gatunku ptaka&#8221; &#8211;<\/em> przekonuje Micha\u0142 Molicki. P\u0142omyk\u00f3wka jest jedn\u0105 z najrzadziej wyst\u0119puj\u0105cych w Polsce s\u00f3w. Brakuje danych na jej temat, co spowodowane jest utrudnion\u0105 obserwacj\u0105 &#8211; to ptak wybitnie nocny i skryty. Zmiany w \u015brodowisku naturalnym &#8211; zanieczyszczenia, tak\u017ce \u015bwietlne &#8211; powoduj\u0105 spadek populacji.<\/p>\n<p>&nbsp;<\/p>\n<p style=\"text-align: right;\"><em>\u017ar\u00f3d\u0142o:\u00a0<a href=\"http:\/\/www.dziennikpolski24.pl\/region\/region-proszowicki\/a\/przyrodnik-z-proszowic-bedzie-szukal-sow-na-koscielnych-wiezach,12820538\/\">Gazeta Krakowska, Dziennik Polski, Nasze Miasto<br \/>\n<\/a>zdj\u0119cie na stronie g\u0142\u00f3wnej &#8211; p\u0142omyk\u00f3wka Tyto alba (<a href=\"http:\/\/wallpaperswide.com\/\">wallpaperswide.com<\/a>)<\/em><\/p>","protected":false},"excerpt":{"rendered":"<p>Z inicjatywy Micha\u0142a Molickiego w nadchodz\u0105cym tygodniu rozpocznie si\u0119 projekt &#8222;Tyto&#8221;, kt\u00f3rego celem jest stwierdzenie obecno\u015bci sowy p\u0142omyk\u00f3wki na terenie powiatu proszowickiego. Projekt &#8222;Tyto&#8221; zainicjowa\u0142 Micha\u0142 Molicki, przyrodnik amator, na co dzie\u0144 pracownik Domu Kultury w Proszowicach. B\u0119dzie dzia\u0142a\u0142 z ramienia Ma\u0142opolskiego Towarzystwa Ornitologicznego. &#8222;Zainspirowa\u0142y mnie wyk\u0142ady naukowc\u00f3w na grudniowej konferencji &#8222;Sowy Polski&#8221; w Piechowicach. Ma\u0142opolskie Towarzystwo Ornitologiczne popar\u0142o pomys\u0142 zliczenia p\u0142omyk\u00f3wki i zbadania jej siedlisk, na kt\u00f3re ten rzadki ptak obiera ko\u015bcio\u0142y&#8221; &#8211; m\u00f3wi Micha\u0142 Molicki. Zebrane dane i wyci\u0105gni\u0119te na ich podstawie wnioski zostan\u0105 wykorzystane w specjalistycznych publikacjach. Inicjator nie ukrywa przy tym, \u017ce liczy na przychylno\u015b\u0107 ksi\u0119\u017cy.\u2026 <a class=\"continue-reading-link\" href=\"https:\/\/mto-kr.pl\/en\/2018\/01\/12\/przyrodnik-z-proszowic-bedzie-szukal-sow-na-koscielnych-wiezach\/\">Czytaj dalej&#8230;<\/a><\/p>","protected":false},"author":1,"featured_media":386,"comment_status":"open","ping_status":"open","sticky":false,"template":"","format":"standard","meta":{"_monsterinsights_skip_tracking":false,"footnotes":""},"categories":[4],"tags":[],"class_list":["post-382","post","type-post","status-publish","format-standard","has-post-thumbnail","hentry","category-aktualnosci"],"_links":{"self":[{"href":"https:\/\/mto-kr.pl\/en\/wp-json\/wp\/v2\/posts\/382","targetHints":{"allow":["GET"]}}],"collection":[{"href":"https:\/\/mto-kr.pl\/en\/wp-json\/wp\/v2\/posts"}],"about":[{"href":"https:\/\/mto-kr.pl\/en\/wp-json\/wp\/v2\/types\/post"}],"author":[{"embeddable":true,"href":"https:\/\/mto-kr.pl\/en\/wp-json\/wp\/v2\/users\/1"}],"replies":[{"embeddable":true,"href":"https:\/\/mto-kr.pl\/en\/wp-json\/wp\/v2\/comments?post=382"}],"version-history":[{"count":15,"href":"https:\/\/mto-kr.pl\/en\/wp-json\/wp\/v2\/posts\/382\/revisions"}],"predecessor-version":[{"id":400,"href":"https:\/\/mto-kr.pl\/en\/wp-json\/wp\/v2\/posts\/382\/revisions\/400"}],"wp:featuredmedia":[{"embeddable":true,"href":"https:\/\/mto-kr.pl\/en\/wp-json\/wp\/v2\/media\/386"}],"wp:attachment":[{"href":"https:\/\/mto-kr.pl\/en\/wp-json\/wp\/v2\/media?parent=382"}],"wp:term":[{"taxonomy":"category","embeddable":true,"href":"https:\/\/mto-kr.pl\/en\/wp-json\/wp\/v2\/categories?post=382"},{"taxonomy":"post_tag","embeddable":true,"href":"https:\/\/mto-kr.pl\/en\/wp-json\/wp\/v2\/tags?post=382"}],"curies":[{"name":"wp","href":"https:\/\/api.w.org\/{rel}","templated":true}]}}