{"id":3861,"date":"2024-09-06T19:05:44","date_gmt":"2024-09-06T17:05:44","guid":{"rendered":"https:\/\/mto-kr.pl\/wp\/?p=3861"},"modified":"2024-09-06T19:15:05","modified_gmt":"2024-09-06T17:15:05","slug":"ciekawe-spotkanie-i-ksiazka","status":"publish","type":"post","link":"https:\/\/mto-kr.pl\/en\/2024\/09\/06\/ciekawe-spotkanie-i-ksiazka\/","title":{"rendered":"Konflikty cz\u0142owiek &#8211; zwierz\u0119ta. Skutki, przyczyny i zapobieganie &#8211; spotkanie i ksi\u0105\u017cka"},"content":{"rendered":"<p class=\"m_9080578257239605425gwpec85402dmsonormal\" style=\"text-align: justify;\">Wczoraj, 5 wrze\u015bnia 2024 r., w Wojew\u00f3dzkiej Bibliotece Publicznej w Krakowie, odby\u0142o si\u0119 spotkanie z <strong>dr. hab. Robertem Gwiazd\u0105<\/strong>, autorem ksi\u0105\u017cki pt. <strong>\u201eKonflikty cz\u0142owiek-zwierz\u0119ta. Skutki, przyczyny i zapobieganie\u201d<\/strong>. To pierwsza w Polsce ca\u0142o\u015bciowa synteza problemu konflikt\u00f3w cz\u0142owieka ze zwierz\u0119tami, przyczyn wyst\u0119powania i sposob\u00f3w zapobiegania lub ich ograniczania. Ma\u0142opolskie Towarzystwo Ornitologiczne reprezentowali: prezes Katarzyna Mikici\u0144ska, Stanis\u0142aw Czy\u017c i Maria Krzy\u017canowska. \u015awietny wyk\u0142ad poparty konkretnymi liczbami i przyk\u0142adami. Problematyka z kt\u00f3r\u0105 my \u201eptasiarze\u201d spotykamy si\u0119 coraz cz\u0119\u015bciej. Od nas bardzo du\u017co zale\u017cy jak te konflikty pr\u00f3bowa\u0107 rozwi\u0105zywa\u0107. Szkoda, \u017ce nie by\u0142o nas wi\u0119cej na tym spotkaniu. <u><\/u><u><\/u>Ale mamy pozytywny komunikat. Prof. Robert Gwiazda z tym wyk\u0142adem b\u0119dzie Go\u015bciem naszego najbli\u017cszego jesiennego Zjazdu Ornitolog\u00f3w Polski po\u0142udniowo-wschodniej, kt\u00f3ry zbli\u017ca si\u0119 wielkimi krokami! Czy b\u0119dzie mo\u017cna zakupi\u0107 ksi\u0105\u017ck\u0119? O ile wcze\u015bniej nie zostanie wyczerpany nak\u0142ad to pewnie tak. Obecnie mo\u017cna j\u0105 zakupi\u0107 poprzez Instytut Ochrony Przyrody PAN w Krakowie. Cena ok. 30 z\u0142<\/p>\n<p class=\"m_9080578257239605425gwpec85402dmsonormal\" style=\"text-align: justify;\"><strong>Zapraszamy ju\u017c teraz na Zjazd jesienny! O szczeg\u00f3\u0142ach napiszemy niebawem!<\/strong><\/p>\n<p><em>Katarzyna Mikici\u0144ska<\/em><br \/>\n<em>Maria Krzy\u017canowska<\/em><br \/>\n<em>Stanis\u0142aw Czy\u017c<\/em><a href=\"https:\/\/mto-kr.pl\/wp-content\/uploads\/2024\/09\/443835966_885920446675467_1221511687877659364_n.jpg\"><img loading=\"lazy\" decoding=\"async\" class=\"aligncenter wp-image-3863 size-large\" src=\"https:\/\/mto-kr.pl\/wp-content\/uploads\/2024\/09\/443835966_885920446675467_1221511687877659364_n-707x1024.jpg\" alt=\"\" width=\"707\" height=\"1024\" srcset=\"https:\/\/mto-kr.pl\/wp-content\/uploads\/2024\/09\/443835966_885920446675467_1221511687877659364_n-707x1024.jpg 707w, https:\/\/mto-kr.pl\/wp-content\/uploads\/2024\/09\/443835966_885920446675467_1221511687877659364_n-207x300.jpg 207w, https:\/\/mto-kr.pl\/wp-content\/uploads\/2024\/09\/443835966_885920446675467_1221511687877659364_n-8x12.jpg 8w, https:\/\/mto-kr.pl\/wp-content\/uploads\/2024\/09\/443835966_885920446675467_1221511687877659364_n-242x350.jpg 242w, https:\/\/mto-kr.pl\/wp-content\/uploads\/2024\/09\/443835966_885920446675467_1221511687877659364_n-104x150.jpg 104w, https:\/\/mto-kr.pl\/wp-content\/uploads\/2024\/09\/443835966_885920446675467_1221511687877659364_n.jpg 737w\" sizes=\"auto, (max-width: 707px) 100vw, 707px\" \/><\/a><\/p>","protected":false},"excerpt":{"rendered":"<p>Wczoraj, 5 wrze\u015bnia 2024 r., w Wojew\u00f3dzkiej Bibliotece Publicznej w Krakowie, odby\u0142o si\u0119 spotkanie z dr. hab. Robertem Gwiazd\u0105, autorem ksi\u0105\u017cki pt. \u201eKonflikty cz\u0142owiek-zwierz\u0119ta. Skutki, przyczyny i zapobieganie\u201d. To pierwsza w Polsce ca\u0142o\u015bciowa synteza problemu konflikt\u00f3w cz\u0142owieka ze zwierz\u0119tami, przyczyn wyst\u0119powania i sposob\u00f3w zapobiegania lub ich ograniczania. Ma\u0142opolskie Towarzystwo Ornitologiczne reprezentowali: prezes Katarzyna Mikici\u0144ska, Stanis\u0142aw Czy\u017c i Maria Krzy\u017canowska. \u015awietny wyk\u0142ad poparty konkretnymi liczbami i przyk\u0142adami. Problematyka z kt\u00f3r\u0105 my \u201eptasiarze\u201d spotykamy si\u0119 coraz cz\u0119\u015bciej. Od nas bardzo du\u017co zale\u017cy jak te konflikty pr\u00f3bowa\u0107 rozwi\u0105zywa\u0107. Szkoda, \u017ce nie by\u0142o nas wi\u0119cej na tym spotkaniu. Ale mamy pozytywny komunikat. Prof. Robert\u2026 <a class=\"continue-reading-link\" href=\"https:\/\/mto-kr.pl\/en\/2024\/09\/06\/ciekawe-spotkanie-i-ksiazka\/\">Czytaj dalej&#8230;<\/a><\/p>","protected":false},"author":1,"featured_media":3862,"comment_status":"open","ping_status":"open","sticky":false,"template":"","format":"standard","meta":{"_monsterinsights_skip_tracking":false,"footnotes":""},"categories":[4],"tags":[],"class_list":["post-3861","post","type-post","status-publish","format-standard","has-post-thumbnail","hentry","category-aktualnosci"],"_links":{"self":[{"href":"https:\/\/mto-kr.pl\/en\/wp-json\/wp\/v2\/posts\/3861","targetHints":{"allow":["GET"]}}],"collection":[{"href":"https:\/\/mto-kr.pl\/en\/wp-json\/wp\/v2\/posts"}],"about":[{"href":"https:\/\/mto-kr.pl\/en\/wp-json\/wp\/v2\/types\/post"}],"author":[{"embeddable":true,"href":"https:\/\/mto-kr.pl\/en\/wp-json\/wp\/v2\/users\/1"}],"replies":[{"embeddable":true,"href":"https:\/\/mto-kr.pl\/en\/wp-json\/wp\/v2\/comments?post=3861"}],"version-history":[{"count":9,"href":"https:\/\/mto-kr.pl\/en\/wp-json\/wp\/v2\/posts\/3861\/revisions"}],"predecessor-version":[{"id":3876,"href":"https:\/\/mto-kr.pl\/en\/wp-json\/wp\/v2\/posts\/3861\/revisions\/3876"}],"wp:featuredmedia":[{"embeddable":true,"href":"https:\/\/mto-kr.pl\/en\/wp-json\/wp\/v2\/media\/3862"}],"wp:attachment":[{"href":"https:\/\/mto-kr.pl\/en\/wp-json\/wp\/v2\/media?parent=3861"}],"wp:term":[{"taxonomy":"category","embeddable":true,"href":"https:\/\/mto-kr.pl\/en\/wp-json\/wp\/v2\/categories?post=3861"},{"taxonomy":"post_tag","embeddable":true,"href":"https:\/\/mto-kr.pl\/en\/wp-json\/wp\/v2\/tags?post=3861"}],"curies":[{"name":"wp","href":"https:\/\/api.w.org\/{rel}","templated":true}]}}