{"id":3913,"date":"2024-09-23T13:39:58","date_gmt":"2024-09-23T11:39:58","guid":{"rendered":"https:\/\/mto-kr.pl\/wp\/?p=3913"},"modified":"2024-09-23T14:09:31","modified_gmt":"2024-09-23T12:09:31","slug":"rok-bez-watpienia-bociani","status":"publish","type":"post","link":"https:\/\/mto-kr.pl\/en\/2024\/09\/23\/rok-bez-watpienia-bociani\/","title":{"rendered":"Rok bez w\u0105tpienia bociani"},"content":{"rendered":"<p style=\"text-align: justify;\">Bociany bia\u0142e pod\u0105\u017caj\u0105 ku zimowiskom, czas wi\u0119c na podsumowanie naszych dzia\u0142a\u0144 w ramach \u201eProgramu poznania i ochrony bociana bia\u0142ego w Polsce\u201d realizowanego wsp\u00f3lnie ze wszystkimi firmami energetycznymi operuj\u0105cymi w Polsce. To by\u0142 ju\u017c 5 sezon naszej dobrej wsp\u00f3\u0142pracy i pomimo r\u00f3\u017cnych nieprzewidzianych perturbacji wynik\u0142ych w okresie obr\u0105czkowania i tak by\u0142 to sezon rekordowy pod wzgl\u0119dem liczby zaobr\u0105czkowanych bocian\u00f3w. Generalnie rok 2024, rok w kt\u00f3rym odbywa\u0142 si\u0119 te\u017c 8 Mi\u0119dzynarodowy Cenzus Bociana Bia\u0142ego, by\u0142 bardzo dobry dla bocian\u00f3w gniazduj\u0105cych w Polsce. \u015awiadczy o tym powstanie wielu nowych gniazd i bardzo wysoki sukces l\u0119gowy, bior\u0105c pod uwag\u0119 gniazda, w kt\u00f3rych obr\u0105czkowali\u015bmy m\u0142ode.<\/p>\n<p style=\"text-align: justify;\">W bie\u017c\u0105cym roku zaobr\u0105czkowali\u015bmy \u0142\u0105cznie <strong>3\u00a0179<\/strong> piskl\u0105t w <strong>1 107<\/strong> gniazdach na obszarze <strong>174<\/strong> gmin, czyli o 110 piskl\u0105t wi\u0119cej w por\u00f3wnaniu do roku 2023 pomimo, \u017ce odwiedzili\u015bmy o 25 gmin i skontrolowali\u015bmy o 128 gniazd mniej (Mapa 1). Dodatkowo uda\u0142o si\u0119 z\u0142apa\u0107 <strong>1 ptaka doros\u0142ego<\/strong> oraz zaobr\u0105czkowali\u015bmy dodatkowo 19 ptak\u00f3w, kt\u00f3re trafi\u0142y wcze\u015bniej do o\u015brodk\u00f3w rehabilitacji (Mapa 1). Od pocz\u0105tku Programu zaobr\u0105czkowali\u015bmy \u0142\u0105cznie 10 890 bocian\u00f3w, w tym 10\u00a0821 piskl\u0105t, 59 os. niedojrza\u0142ych oraz 10 doros\u0142ych.<\/p>\n<p style=\"text-align: justify;\">Wsp\u00f3\u0142czynnik rozrodczo\u015bci, okre\u015blany \u015bredni\u0105 liczb\u0105 m\u0142odych na gniazdo, w kt\u00f3rym zaobr\u0105czkowano przynajmniej 1 m\u0142odego wyni\u00f3s\u0142 w tym roku a\u017c <strong>2,9<\/strong> os., podczas gdy w 2023 roku by\u0142o to 2,5 os.<\/p>\n<p style=\"text-align: justify;\">W bie\u017c\u0105cym sezonie, w por\u00f3wnaniu do 2023 roku, w\u015br\u00f3d wszystkich gniazd z m\u0142odymi dominowa\u0142y pary z 3 m\u0142odymi (HPm3) stanowi\u0105c 43% wszystkich par. W por\u00f3wnaniu do roku ubieg\u0142ego znacznie wi\u0119cej by\u0142o gniazd z 4 m\u0142odymi (23%), a pary z 5 piskl\u0119tami stanowi\u0142y 7% wszystkich par, kt\u00f3rych m\u0142ode by\u0142y obr\u0105czkowane (Wykres 1 i 2). Nadajniki GPS\/GSM\u00a0 ufundowane przez Tauron Dystrybucja i PGE Dystrybucja otrzyma\u0142o <strong>12<\/strong> bocian\u00f3w. Dodatkowo 2 nadajniki za\u0142o\u017cone zosta\u0142y na bociany na terenie Ukrainy we wsp\u00f3\u0142pracy z prof. Andrzejem Bokoteyem z Lwowa. Tak wi\u0119c w okresie pi\u0119ciu lat dzia\u0142ania w naszym Programie za\u0142o\u017cyli\u015bmy nadajniki ju\u017c 42 bocianom !<\/p>\n<p style=\"text-align: justify;\"><strong>W bie\u017c\u0105cym sezonie bociany w naszym programie obr\u0105czkowali:<\/strong><br \/>\nAgata Balicka, Dalia Ba\u0142as-Zalewa, Joanna Bia\u0142as, Marcin Bielatko, \u0141ukasz Borek, Marcin Borowik, Emilia Brz\u0119k, Damian Celi\u0144ski, Hubert Czarnecki, Stanis\u0142aw Czy\u017c, Jerzy D\u0105browski, Anna Floryszek, Marta Ilkowska-Nowak, Grzegorz Kaczorowski, Mariusz K\u0119pi\u0144ski, Grzegorz Kiljan, Anna Kowalik, \u0141ukasz Kowalik, Tomek Kr\u00f3lak, Marcin Ku\u015b, Walademar Michalik, Katarzyna Mikici\u0144ska, Adam Olszewski, Ma\u0142gorzata Pietkiewicz, Katarzyna Pilarska, Marcelina Poddaniec, Daria Podobajew, Marcin Tob\u00f3\u0142ka, Hanna Sztwiertnia, Kazimierz Walasz, Dariusz W\u0119c\u0142awek.<\/p>\n<p style=\"text-align: justify;\"><strong>Obr\u0105czkarzy dzielnie wspierali wolontariusze w osobach:<\/strong><br \/>\n\u0141ukasz Bednarz, Katarzyna Borowik, Leszek Damps, Agnieszka Drohobycka-Wawryka, Katarzyna Fidler, Zyzanna Jagie\u0142\u0142o, Adam Janczyszyn, Katarzyna K\u0105ciak, Grzegorz Kobiela, Jakub Kosi\u0144ski, Kacper Kosi\u0144ski, Karol Kram, Micha\u0142 Lewandowski, Anna Machut, Natalia Maciejewska, Agnieszka Mech, Bronis\u0142awa Pepli\u0144ska, Anna Po\u0142udnikiewicz, Tadeusz Ptak, Karolina Ratajczak, Dariusz Sa\u0142ata, Ma\u0142gorzata Siuta, Anita Szymys\u0142,\u00a0 Karolina Szymys\u0142, Adam Tar\u0142owski, Nytia Triveillot, Marcin W\u0119siora, Ma\u0142gorzata Winnicka, Marzia Verduci, Maciej Zaj\u0105c, Rafa\u0142 Zalewa, Olga Zawada, \u00a0Bartosz Zia\u0142a.<\/p>\n<p style=\"text-align: justify;\">Wszystkim bardzo serdecznie dzi\u0119kujemy. Szczeg\u00f3lne s\u0142owa podzi\u0119kowania kierujemy do obr\u0105czkarzy: <strong>Anny Budyty, Huberta Kameckiego, Huberta Mateuszczyka, Grzegorza Pituchy, Agnieszki \u015awiackiej<\/strong>. Byli w pe\u0142nej gotowo\u015bci, pobrali urlopy na przeprowadzenia obr\u0105czkowania. Niestety z powodu problem\u00f3w organizacyjnych, g\u0142\u00f3wnie w p\u00f3\u0142nocnej i wschodniej cz\u0119\u015bci Polski, zupe\u0142nie niezale\u017cnych od nas, nie mogli tego obr\u0105czkowania zrealizowa\u0107. Jeste\u015bmy przekonani, \u017ce w 2025 r. nie b\u0119dzie ju\u017c takich problem\u00f3w. B\u0119dzie nas wi\u0119cej co prze\u0142o\u017cy si\u0119 na jeszcze wi\u0119ksz\u0105 liczb\u0119 zaobr\u0105czkowanych bo\u0107k\u00f3w.<\/p>\n<p><em>Tekst &#8211; Stanis\u0142aw Czy\u017c, Kazimierz Walasz<\/em><\/p>\n<p style=\"text-align: center;\"><strong>Rozmieszczenie gniazd bociana bia\u0142ego w kt\u00f3rych obr\u0105czkowano m\u0142ode w 2024 roku<\/strong><\/p>\n<p><a href=\"https:\/\/mto-kr.pl\/wp-content\/uploads\/2024\/09\/Obraz1.jpg\"><img loading=\"lazy\" decoding=\"async\" class=\"aligncenter wp-image-3914 size-full\" src=\"https:\/\/mto-kr.pl\/wp-content\/uploads\/2024\/09\/Obraz1.jpg\" alt=\"\" width=\"1386\" height=\"931\" srcset=\"https:\/\/mto-kr.pl\/wp-content\/uploads\/2024\/09\/Obraz1.jpg 1386w, https:\/\/mto-kr.pl\/wp-content\/uploads\/2024\/09\/Obraz1-300x202.jpg 300w, https:\/\/mto-kr.pl\/wp-content\/uploads\/2024\/09\/Obraz1-1024x688.jpg 1024w, https:\/\/mto-kr.pl\/wp-content\/uploads\/2024\/09\/Obraz1-768x516.jpg 768w, https:\/\/mto-kr.pl\/wp-content\/uploads\/2024\/09\/Obraz1-18x12.jpg 18w, https:\/\/mto-kr.pl\/wp-content\/uploads\/2024\/09\/Obraz1-521x350.jpg 521w, https:\/\/mto-kr.pl\/wp-content\/uploads\/2024\/09\/Obraz1-150x101.jpg 150w\" sizes=\"auto, (max-width: 1386px) 100vw, 1386px\" \/><\/a><\/p>\n<p style=\"text-align: center;\"><strong>Por\u00f3wnanie liczby par l\u0119gowych bociana bia\u0142ego z okre\u015blon\u0105 liczb\u0105 podlot\u00f3w w gniazdach, gdzie wykonano obr\u0105czkowanie w latach 2023-2024<\/strong><\/p>\n<p><a href=\"https:\/\/mto-kr.pl\/wp-content\/uploads\/2024\/09\/Obraz2.png\"><img loading=\"lazy\" decoding=\"async\" class=\"aligncenter wp-image-3915 size-large\" src=\"https:\/\/mto-kr.pl\/wp-content\/uploads\/2024\/09\/Obraz2-1024x715.png\" alt=\"\" width=\"920\" height=\"642\" srcset=\"https:\/\/mto-kr.pl\/wp-content\/uploads\/2024\/09\/Obraz2-1024x715.png 1024w, https:\/\/mto-kr.pl\/wp-content\/uploads\/2024\/09\/Obraz2-300x209.png 300w, https:\/\/mto-kr.pl\/wp-content\/uploads\/2024\/09\/Obraz2-768x536.png 768w, https:\/\/mto-kr.pl\/wp-content\/uploads\/2024\/09\/Obraz2-18x12.png 18w, https:\/\/mto-kr.pl\/wp-content\/uploads\/2024\/09\/Obraz2-501x350.png 501w, https:\/\/mto-kr.pl\/wp-content\/uploads\/2024\/09\/Obraz2-150x105.png 150w, https:\/\/mto-kr.pl\/wp-content\/uploads\/2024\/09\/Obraz2.png 1100w\" sizes=\"auto, (max-width: 920px) 100vw, 920px\" \/><\/a><\/p>\n<p style=\"text-align: center;\"><strong>Por\u00f3wnanie procentowego udzia\u0142u par l\u0119gowych z okre\u015blon\u0105 liczb\u0105 piskl\u0105t w gniazdach, gdzie obr\u0105czkowano m\u0142ode w latach 2023-2024<\/strong><\/p>\n<p style=\"text-align: center;\"><a href=\"https:\/\/mto-kr.pl\/wp-content\/uploads\/2024\/09\/Obraz3.jpg\"><img loading=\"lazy\" decoding=\"async\" class=\"alignnone wp-image-3916 size-medium\" src=\"https:\/\/mto-kr.pl\/wp-content\/uploads\/2024\/09\/Obraz3-300x248.jpg\" alt=\"\" width=\"300\" height=\"248\" srcset=\"https:\/\/mto-kr.pl\/wp-content\/uploads\/2024\/09\/Obraz3-300x248.jpg 300w, https:\/\/mto-kr.pl\/wp-content\/uploads\/2024\/09\/Obraz3-768x636.jpg 768w, https:\/\/mto-kr.pl\/wp-content\/uploads\/2024\/09\/Obraz3-15x12.jpg 15w, https:\/\/mto-kr.pl\/wp-content\/uploads\/2024\/09\/Obraz3-423x350.jpg 423w, https:\/\/mto-kr.pl\/wp-content\/uploads\/2024\/09\/Obraz3-150x124.jpg 150w, https:\/\/mto-kr.pl\/wp-content\/uploads\/2024\/09\/Obraz3.jpg 800w\" sizes=\"auto, (max-width: 300px) 100vw, 300px\" \/><\/a> <a href=\"https:\/\/mto-kr.pl\/wp-content\/uploads\/2024\/09\/Obraz4.jpg\"><img loading=\"lazy\" decoding=\"async\" class=\"alignnone wp-image-3917 size-medium\" src=\"https:\/\/mto-kr.pl\/wp-content\/uploads\/2024\/09\/Obraz4-300x248.jpg\" alt=\"\" width=\"300\" height=\"248\" srcset=\"https:\/\/mto-kr.pl\/wp-content\/uploads\/2024\/09\/Obraz4-300x248.jpg 300w, https:\/\/mto-kr.pl\/wp-content\/uploads\/2024\/09\/Obraz4-768x636.jpg 768w, https:\/\/mto-kr.pl\/wp-content\/uploads\/2024\/09\/Obraz4-15x12.jpg 15w, https:\/\/mto-kr.pl\/wp-content\/uploads\/2024\/09\/Obraz4-423x350.jpg 423w, https:\/\/mto-kr.pl\/wp-content\/uploads\/2024\/09\/Obraz4-150x124.jpg 150w, https:\/\/mto-kr.pl\/wp-content\/uploads\/2024\/09\/Obraz4.jpg 800w\" sizes=\"auto, (max-width: 300px) 100vw, 300px\" \/><\/a><\/p>","protected":false},"excerpt":{"rendered":"<p>Bociany bia\u0142e pod\u0105\u017caj\u0105 ku zimowiskom, czas wi\u0119c na podsumowanie naszych dzia\u0142a\u0144 w ramach \u201eProgramu poznania i ochrony bociana bia\u0142ego w Polsce\u201d realizowanego wsp\u00f3lnie ze wszystkimi firmami energetycznymi operuj\u0105cymi w Polsce. To by\u0142 ju\u017c 5 sezon naszej dobrej wsp\u00f3\u0142pracy i pomimo r\u00f3\u017cnych nieprzewidzianych perturbacji wynik\u0142ych w okresie obr\u0105czkowania i tak by\u0142 to sezon rekordowy pod wzgl\u0119dem liczby zaobr\u0105czkowanych bocian\u00f3w. Generalnie rok 2024, rok w kt\u00f3rym odbywa\u0142 si\u0119 te\u017c 8 Mi\u0119dzynarodowy Cenzus Bociana Bia\u0142ego, by\u0142 bardzo dobry dla bocian\u00f3w gniazduj\u0105cych w Polsce. \u015awiadczy o tym powstanie wielu nowych gniazd i bardzo wysoki sukces l\u0119gowy, bior\u0105c pod uwag\u0119 gniazda, w kt\u00f3rych obr\u0105czkowali\u015bmy m\u0142ode.\u2026 <a class=\"continue-reading-link\" href=\"https:\/\/mto-kr.pl\/en\/2024\/09\/23\/rok-bez-watpienia-bociani\/\">Czytaj dalej&#8230;<\/a><\/p>","protected":false},"author":1,"featured_media":3048,"comment_status":"open","ping_status":"open","sticky":false,"template":"","format":"standard","meta":{"_monsterinsights_skip_tracking":false,"footnotes":""},"categories":[4],"tags":[],"class_list":["post-3913","post","type-post","status-publish","format-standard","has-post-thumbnail","hentry","category-aktualnosci"],"_links":{"self":[{"href":"https:\/\/mto-kr.pl\/en\/wp-json\/wp\/v2\/posts\/3913","targetHints":{"allow":["GET"]}}],"collection":[{"href":"https:\/\/mto-kr.pl\/en\/wp-json\/wp\/v2\/posts"}],"about":[{"href":"https:\/\/mto-kr.pl\/en\/wp-json\/wp\/v2\/types\/post"}],"author":[{"embeddable":true,"href":"https:\/\/mto-kr.pl\/en\/wp-json\/wp\/v2\/users\/1"}],"replies":[{"embeddable":true,"href":"https:\/\/mto-kr.pl\/en\/wp-json\/wp\/v2\/comments?post=3913"}],"version-history":[{"count":8,"href":"https:\/\/mto-kr.pl\/en\/wp-json\/wp\/v2\/posts\/3913\/revisions"}],"predecessor-version":[{"id":3926,"href":"https:\/\/mto-kr.pl\/en\/wp-json\/wp\/v2\/posts\/3913\/revisions\/3926"}],"wp:featuredmedia":[{"embeddable":true,"href":"https:\/\/mto-kr.pl\/en\/wp-json\/wp\/v2\/media\/3048"}],"wp:attachment":[{"href":"https:\/\/mto-kr.pl\/en\/wp-json\/wp\/v2\/media?parent=3913"}],"wp:term":[{"taxonomy":"category","embeddable":true,"href":"https:\/\/mto-kr.pl\/en\/wp-json\/wp\/v2\/categories?post=3913"},{"taxonomy":"post_tag","embeddable":true,"href":"https:\/\/mto-kr.pl\/en\/wp-json\/wp\/v2\/tags?post=3913"}],"curies":[{"name":"wp","href":"https:\/\/api.w.org\/{rel}","templated":true}]}}