{"id":4122,"date":"2024-12-10T20:51:10","date_gmt":"2024-12-10T19:51:10","guid":{"rendered":"https:\/\/mto-kr.pl\/wp\/?p=4122"},"modified":"2026-03-24T07:40:42","modified_gmt":"2026-03-24T06:40:42","slug":"relacja-z-56-zjazdu-ornitologow-polski-poludniowo-wschodniej","status":"publish","type":"post","link":"https:\/\/mto-kr.pl\/en\/2024\/12\/10\/relacja-z-56-zjazdu-ornitologow-polski-poludniowo-wschodniej\/","title":{"rendered":"Relacja z 56. Zjazdu Ornitolog\u00f3w Polski Po\u0142udniowo-Wschodniej"},"content":{"rendered":"<p style=\"text-align: justify;\">W dniu 23 listopada br. w budynku Wydzia\u0142u Hodowli i Biologii Zwierz\u0105t Uniwersytetu Rolniczego im. H. Ko\u0142\u0142\u0105taja w Krakowie odby\u0142 si\u0119 kolejny <strong>56. Zjazd Ornitolog\u00f3w Polski Po\u0142udniowo-Wschodniej<\/strong>, zorganizowany przez Ma\u0142opolskie Towarzystwo Ornitologiczne. Jak w latach poprzednich patronat nad Zjazdem obj\u0119\u0142a Dziekan Wydzia\u0142u HiBZ UR Pani prof. dr hab. Dorota Zi\u0119ba &#8211; Przybylska, kt\u00f3rej bardzo dzi\u0119kujemy za przychylno\u015b\u0107 naszego cyklicznego wydarzenia.<\/p>\n<div id=\"attachment_4139\" style=\"width: 930px\" class=\"wp-caption aligncenter\"><a href=\"https:\/\/mto-kr.pl\/wp-content\/uploads\/2024\/12\/1733835988790.jpg\"><img loading=\"lazy\" decoding=\"async\" aria-describedby=\"caption-attachment-4139\" class=\"wp-image-4139 size-large\" src=\"https:\/\/mto-kr.pl\/wp-content\/uploads\/2024\/12\/1733835988790-1024x683.jpg\" alt=\"\" width=\"920\" height=\"614\" srcset=\"https:\/\/mto-kr.pl\/wp-content\/uploads\/2024\/12\/1733835988790-1024x683.jpg 1024w, https:\/\/mto-kr.pl\/wp-content\/uploads\/2024\/12\/1733835988790-300x200.jpg 300w, https:\/\/mto-kr.pl\/wp-content\/uploads\/2024\/12\/1733835988790-768x512.jpg 768w, https:\/\/mto-kr.pl\/wp-content\/uploads\/2024\/12\/1733835988790-18x12.jpg 18w, https:\/\/mto-kr.pl\/wp-content\/uploads\/2024\/12\/1733835988790-525x350.jpg 525w, https:\/\/mto-kr.pl\/wp-content\/uploads\/2024\/12\/1733835988790-150x100.jpg 150w, https:\/\/mto-kr.pl\/wp-content\/uploads\/2024\/12\/1733835988790.jpg 1080w\" sizes=\"auto, (max-width: 920px) 100vw, 920px\" \/><\/a><p id=\"caption-attachment-4139\" class=\"wp-caption-text\">Prezes MTO &#8211; Katarzyna Mikici\u0144ska podczas prezentowania sprawozdania z dzia\u0142alno\u015bci MTO w roku 2024. Tauron Dystrybucja jest naszym partnerem strategicznym. (fot. Miros\u0142aw Nowicki)<\/p><\/div>\n<p>Po otwarciu zjazdu i przywitaniu wszystkich zaproszonych go\u015bci, prelegent\u00f3w i uczestnik\u00f3w przez Prezes MTO Katarzyn\u0119 Mikici\u0144sk\u0105 i Damiana Wiehle, swoj\u0105 prelekcj\u0119 rozpocz\u0105\u0142 prof. dr hab. Robert Gwiazda (IOP PAN Krak\u00f3w). Przedstawi\u0142 wyk\u0142ad <em>&#8222;Konflikty cz\u0142owiek &#8211; zwierz\u0119ta. Skutki, przyczyny i zapobieganie&#8221;<\/em>. Okazuje si\u0119, \u017ce wiele nieuniknionych skutk\u00f3w i reakcji dziko \u017cyj\u0105cych zwierz\u0105t wynika z dzia\u0142alno\u015bci cz\u0142owieka. Prelegent om\u00f3wi\u0142 m.in. wybrane dane ukazuj\u0105ce zjawiska przyczynowo &#8211; skutkowe przek\u0142adaj\u0105ce si\u0119 na powodowanie szk\u00f3d, np. przez ssaki \u0142owne bior\u0105ce udzia\u0142 w wypadkach komunikacyjnych. Po wyk\u0142adzie otwieraj\u0105cym, drug\u0105 sta\u0142\u0105 pozycj\u0105 zjazdu jest Sprawozdanie z prac MTO za bie\u017c\u0105cy rok, kt\u00f3re przedstawi\u0142a Prezes MTO Kasia Mikici\u0144ska. Zaraz po tym nast\u0105pi\u0142o wr\u0119czenie \u201ePomurnik\u00f3w\u201d, czyli odznak, wyr\u00f3\u017cnie\u0144 dla najbardziej aktywnych ornitolog\u00f3w dzia\u0142aj\u0105cych na terenie Ma\u0142opolski.<\/p>\n<p style=\"text-align: justify;\">\u201ePomurniki\u201d otrzymali:<\/p>\n<ul style=\"text-align: justify;\">\n<li>Bia\u0142ego &#8211; <strong>dr Kazimierz Walasz<\/strong>,<\/li>\n<li>Srebrnego \u2013 <strong>Grzegorz Cierlik, Dariusz Czernek, Iwona Moczek, Ma\u0142gorzata \u015ali\u017c i Jakub Wyka<\/strong>,<\/li>\n<li>Pomara\u0144czowego \u2013 <strong>Agnieszka Leszczy\u0144ska i Rafa\u0142 Szczerbik,<\/strong><\/li>\n<li>B\u0142\u0119kitnego \u2013 <strong>Wojciech Biela\u0144ski i Miros\u0142aw Nowicki.<\/strong><\/li>\n<\/ul>\n<p style=\"text-align: justify;\">Gratulujemy!!!<\/p>\n<p style=\"text-align: justify;\">Poniewa\u017c dawny Prezes dr Kazimierz Walasz nie m\u00f3g\u0142 pojawi\u0107 si\u0119 na tegorocznym zje\u017adzie, w jego imieniu \u201eBia\u0142ego Pomurnika\u201d odebra\u0142y c\u00f3rki \u2013 Panie Barbara i Katarzyna. Pani Katarzyna serdecznie podzi\u0119kowa\u0142a w imieniu ojca za wyr\u00f3\u017cnienie, \u017cycz\u0105c owocnych obrad. Nast\u0119pnie przekaza\u0142a obraz na r\u0119ce obecnej Prezes MTO Kasi Mikici\u0144skiej obraz autorstwa W\u0142adys\u0142awa Siwka legendarnego polskiego rysownika m.in. ptak\u00f3w. Przedstawia on stado \u017ceruj\u0105cych na \u015bniegu mazurk\u00f3w. Doktor Kazimierz Walasz otrzyma\u0142 ten obraz od doc. dra Eugeniusza Nowaka, kt\u00f3rego go\u015bcili\u015bmy podczas 43. Zjazdu Ornitolog\u00f3w Polski Po\u0142udniowo-Wschodniej w dniu 26 listopada 2011 r. Po zako\u0144czeniu swojego wyst\u0105pienia pt. <em>&#8222;Wybrane sylwetki polskich, niemieckich i ukrai\u0144skich ornitolog\u00f3w &#8211; w przygotowywaniu polskim wydaniu biograficznej ornitolog\u00f3w \u015brodkowo-europejskich&#8221;<\/em>, podarowa\u0142 ten obraz W\u0142. Siwka Kazimierzowi. Ten, zaskoczony prezentem, dzi\u0119kuj\u0105c jednocze\u015bnie zadeklarowa\u0142 przekazanie go do siedziby MTO, jak tylko b\u0119dzie to mo\u017cliwe, co nast\u0105pi\u0142o dopiero w tym roku po gruntownym remoncie.<\/p>\n<p style=\"text-align: justify;\">Po kr\u00f3tkiej przerwie kawowej dr hab. Mateusz Ledwo\u0144 (GKO, ISiEZ PAN, Krak\u00f3w) przedstawi\u0142 prezentacj\u0119 pt. \u201e<em>Co wiemy o \u015blepowronach z Doliny G\u00f3rnej Wis\u0142y dzi\u0119ki telemetrii<\/em>\u201d. Dzi\u0119ki wyposa\u017ceniu wybranych doros\u0142ych osobnik\u00f3w w loggery GPS\/GMS schwytanych w swoich koloniach l\u0119gowych, mogli\u015bmy dowiedzie\u0107 si\u0119 o pozastawowych \u017cerowiskach nie znanych dot\u0105d u \u015blepowron\u00f3w, 48 godzin z \u017cycia rodzica, a tak\u017ce o najatrakcyjniejszych \u017cerowiskach odwiedzanych przez doros\u0142e w ci\u0105gu dnia i w nocy. Druga cz\u0119\u015b\u0107 prezentacji ukaza\u0142a trasy, tempo i miesi\u0105ce w podr\u00f3\u017cy osobnik\u00f3w wyposa\u017conych w loggery od dyspersji pol\u0119gowej, w\u0119dr\u00f3wk\u0119 jesienn\u0105 do Afryki, po trasy powrotne wiosn\u0105 nast\u0119pnego roku w kierunku swoich dotychczasowych kolonii l\u0119gowych.<\/p>\n<p style=\"text-align: justify;\">W kolejnym wyst\u0105pieniu nasz go\u015b\u0107 z Uniwersytetu Gda\u0144skiego &#8211; prof. dr hab. W\u0142odzimierz Meissner przedstawi\u0142 <em>&#8222;Zastosowanie fotografii cyfrowej w badaniach pierzenia lotek na przyk\u0142adzie \u015bmieszki&#8221;<\/em>. Okaza\u0142o si\u0119, \u017ce na temat tempa pierzenia lotek pierwszorz\u0119dowych u doros\u0142ych i drugorocznych \u015bmieszek niewiele wiadomo. Poniewa\u017c w przypadku innych gatunk\u00f3w mew (bia\u0142og\u0142owej, srebrzystej i siwej), przybywaj\u0105cych w \u015brodowiskach antropogenicznych, niewiele wiadomo, to gor\u0105co zach\u0119ca\u0142 do fotografowania mew w locie podczas ich obserwacji.<\/p>\n<p style=\"text-align: justify;\">Po przerwie obiadowej dr hab. \u0141ukasz Kajtoch (ISiEZ PAN, Krak\u00f3w) wyg\u0142osi\u0142 referat pt. \u201e<em>R\u00f3\u017cnorodne pochodzenie kluczem do pomy\u015blnej kolonizacji Karpat przez nurog\u0119si<\/em><em>\u201d<\/em>. Na zako\u0144czenie cz\u0119\u015bci naukowej mgr Anna Machut (INo\u015a, UJ Krak\u00f3w) podzieli\u0142a si\u0119 wynikami swoich bada\u0144 pt. \u201e<em>Czynniki wp\u0142ywaj\u0105ce na zmiany liczebno\u015bci pokl\u0105skwy i kl\u0105skawki w Polsce na przestrzeni ostatnich lat<\/em><em>\u201d<\/em>. Poniewa\u017c ptaki krajobrazu otwartego na kontynencie europejskim znikaj\u0105 w zaskakuj\u0105co szybkim tempie, Prelegentce uda\u0142o si\u0119 dowie\u017a\u0107 kilka interesuj\u0105cych wniosk\u00f3w. Istnieje pozytywna zale\u017cno\u015b\u0107, je\u015bli chodzi o wilgotno\u015b\u0107 siedlisk l\u0119gowych u obu gatunk\u00f3w oraz ich wymaga\u0144 siedliskowych, gdzie pokl\u0105skwa jest zwi\u0105zana z zespo\u0142ami \u0142\u0105k \u015bwie\u017cych, natomiast kl\u0105skawka, jako gatunek do\u015b\u0107 plastyczny, nie wykaza\u0142a w badaniach takowych zale\u017cno\u015bci. Z kolei negatywna zale\u017cno\u015b\u0107 wyst\u0105pi\u0142a przy temperaturze w okresie l\u0119gowym. Tutaj brak opad\u00f3w promowa\u0142 kl\u0105skawk\u0119, a u pokl\u0105skwy zimna wiosna nie mia\u0142a wp\u0142ywu na jej l\u0119gi.<\/p>\n<p style=\"text-align: justify;\">Na zako\u0144czenie tegorocznej sobotniej oficjalnej cz\u0119\u015bci zjazdu dr Tomasz Wilki (OTOP) podzieli\u0142 si\u0119 wra\u017ceniami ornitologicznymi (ale nie tylko!) z swojej podr\u00f3\u017cy na Varanger p\u00f3\u0142nocny p\u00f3\u0142wysep w Norwegii wiosn\u0105, ale nadal w warunkach zimowych.<\/p>\n<p style=\"text-align: justify;\">Tradycyjnie pierwszy dzie\u0144 naszego Zjazd wpisywa\u0142 si\u0119 w od lat w konsekwentnie realizowan\u0105 sta\u0142\u0105 ram\u00f3wk\u0119 corocznych jesiennych krakowskich spotka\u0144, daj\u0105c mo\u017cliwo\u015b\u0107 poszerzenia wiedzy o ptakach, wymian\u0119 do\u015bwiadcze\u0144 pomi\u0119dzy cz\u0142onkami i sympatykami MTO nie tylko na sali obrad, ale r\u00f3wnie\u017c w kuluarach. W nieoficjalnym ju\u017c panelu wieczorno-nocnym, kt\u00f3ry po zako\u0144czeniu Zjazdu przeni\u00f3s\u0142 si\u0119 do zarezerwowanej karczmy Smil&#8217;y przy Mo\u015bcie D\u0119bnickim uczestnicy swobodnie w ma\u0142ych podgrupach razem biesiadowali w najlepsze, racz\u0105c si\u0119 specja\u0142ami dost\u0119pnymi po uko\u0144czeniu 18 roku \u017cycia i dziel\u0105c si\u0119 przy tym przygodami oraz obserwacjami ptak\u00f3w po zako\u0144czonym sezonie l\u0119gowym czy migracji jesiennej. Nikt z nas jednak nie spodziewa\u0142 si\u0119, \u017ce ta sielankowo-plebejska atmosfera niebawem si\u0119 zako\u0144czy o godzinie 22.04. W\u0142a\u015bnie wtedy dotar\u0142 z Rare Bird Alert Poland sms o tre\u015bci <em>&#8222;Mewa modrodzioba 1 ad., fot. W\u0142adys\u0142awowo, port rybacki, obs. Kuba Racinowski&#8221;<\/em>. Jako obserwator nie tylko ptak\u00f3w, ale r\u00f3wnie\u017c ludzi mog\u0142em stwierdzi\u0107 na w\u0142asne oczy, \u017ce ta wiadomo\u015b\u0107 dla wi\u0119kszo\u015bci tam zgromadzonych by\u0142a jak &#8222;wiadro zimnej wody&#8221;. Po chwili kontentacji cz\u0119\u015b\u0107 Kole\u017canek i Koleg\u00f3w przerwa\u0142o o\u017cywione dyskusje, podzi\u0119kowa\u0142o wsp\u00f3\u0142biesiaduj\u0105cym za udany wiecz\u00f3r i uda\u0142o si\u0119 albo od razu na dworzec PKP Krak\u00f3w G\u0142\u00f3wny z zamiarem dotarcia przez po\u0142udniem do W\u0142adys\u0142awowa, b\u0105d\u017a organizowa\u0142a transport samochodowy w 4-5 osobowych zespo\u0142ach ekspedycyjnych. Ale o tym co nast\u0105pi\u0142o w kolejnych dniach, mo\u017ce przy innej okazji.<\/p>\n<p style=\"text-align: justify;\">Drugiego dnia odby\u0142a si\u0119 przedpo\u0142udniowa wycieczka ornitologiczna na miejski odcinek rzeki Wis\u0142y pod Wawelem.<\/p>\n<p style=\"text-align: justify;\">W 56. Zje\u017adzie udzia\u0142 wzi\u0119\u0142o ponad <strong>125 os\u00f3b<\/strong>, a podczas niedzielnej wycieczki prowadzonej przez Mirka Nowickiego <strong>16 os\u00f3b<\/strong>. Zaobserwowano <strong>26 gatunk\u00f3w ptak\u00f3w<\/strong>, co na por\u0119 roku i miejskie warunki nie by\u0142o s\u0142abym wynikiem.<\/p>\n<p><em>Tekst: Damian Wiehle<\/em><\/p>\n<div id=\"attachment_4123\" style=\"width: 930px\" class=\"wp-caption aligncenter\"><a href=\"https:\/\/mto-kr.pl\/wp-content\/uploads\/2024\/12\/P1250430-scaled.jpg\"><img loading=\"lazy\" decoding=\"async\" aria-describedby=\"caption-attachment-4123\" class=\"wp-image-4123 size-large\" src=\"https:\/\/mto-kr.pl\/wp-content\/uploads\/2024\/12\/P1250430-1024x683.jpg\" alt=\"\" width=\"920\" height=\"614\" srcset=\"https:\/\/mto-kr.pl\/wp-content\/uploads\/2024\/12\/P1250430-1024x683.jpg 1024w, https:\/\/mto-kr.pl\/wp-content\/uploads\/2024\/12\/P1250430-300x200.jpg 300w, https:\/\/mto-kr.pl\/wp-content\/uploads\/2024\/12\/P1250430-768x512.jpg 768w, https:\/\/mto-kr.pl\/wp-content\/uploads\/2024\/12\/P1250430-1536x1024.jpg 1536w, https:\/\/mto-kr.pl\/wp-content\/uploads\/2024\/12\/P1250430-2048x1365.jpg 2048w, https:\/\/mto-kr.pl\/wp-content\/uploads\/2024\/12\/P1250430-18x12.jpg 18w, https:\/\/mto-kr.pl\/wp-content\/uploads\/2024\/12\/P1250430-525x350.jpg 525w, https:\/\/mto-kr.pl\/wp-content\/uploads\/2024\/12\/P1250430-150x100.jpg 150w\" sizes=\"auto, (max-width: 920px) 100vw, 920px\" \/><\/a><p id=\"caption-attachment-4123\" class=\"wp-caption-text\">Uczestnicy 56. Zjazdu Ornitolog\u00f3w Polski Po\u0142udniowo-Wschodniej (fot. Miros\u0142aw Nowicki)<\/p><\/div>","protected":false},"excerpt":{"rendered":"<p>W dniu 23 listopada br. w budynku Wydzia\u0142u Hodowli i Biologii Zwierz\u0105t Uniwersytetu Rolniczego im. H. Ko\u0142\u0142\u0105taja w Krakowie odby\u0142 si\u0119 kolejny 56. Zjazd Ornitolog\u00f3w Polski Po\u0142udniowo-Wschodniej, zorganizowany przez Ma\u0142opolskie Towarzystwo Ornitologiczne. Jak w latach poprzednich patronat nad Zjazdem obj\u0119\u0142a Dziekan Wydzia\u0142u HiBZ UR Pani prof. dr hab. Dorota Zi\u0119ba &#8211; Przybylska, kt\u00f3rej bardzo dzi\u0119kujemy za przychylno\u015b\u0107 naszego cyklicznego wydarzenia. Po otwarciu zjazdu i przywitaniu wszystkich zaproszonych go\u015bci, prelegent\u00f3w i uczestnik\u00f3w przez Prezes MTO Katarzyn\u0119 Mikici\u0144sk\u0105 i Damiana Wiehle, swoj\u0105 prelekcj\u0119 rozpocz\u0105\u0142 prof. dr hab. Robert Gwiazda (IOP PAN Krak\u00f3w). Przedstawi\u0142 wyk\u0142ad &#8222;Konflikty cz\u0142owiek &#8211; zwierz\u0119ta. Skutki, przyczyny i zapobieganie&#8221;.\u2026 <a class=\"continue-reading-link\" href=\"https:\/\/mto-kr.pl\/en\/2024\/12\/10\/relacja-z-56-zjazdu-ornitologow-polski-poludniowo-wschodniej\/\">Czytaj dalej&#8230;<\/a><\/p>","protected":false},"author":1,"featured_media":4123,"comment_status":"open","ping_status":"open","sticky":false,"template":"","format":"standard","meta":{"_monsterinsights_skip_tracking":false,"footnotes":""},"categories":[4,1],"tags":[],"class_list":["post-4122","post","type-post","status-publish","format-standard","has-post-thumbnail","hentry","category-aktualnosci","category-bez-kategorii"],"_links":{"self":[{"href":"https:\/\/mto-kr.pl\/en\/wp-json\/wp\/v2\/posts\/4122","targetHints":{"allow":["GET"]}}],"collection":[{"href":"https:\/\/mto-kr.pl\/en\/wp-json\/wp\/v2\/posts"}],"about":[{"href":"https:\/\/mto-kr.pl\/en\/wp-json\/wp\/v2\/types\/post"}],"author":[{"embeddable":true,"href":"https:\/\/mto-kr.pl\/en\/wp-json\/wp\/v2\/users\/1"}],"replies":[{"embeddable":true,"href":"https:\/\/mto-kr.pl\/en\/wp-json\/wp\/v2\/comments?post=4122"}],"version-history":[{"count":7,"href":"https:\/\/mto-kr.pl\/en\/wp-json\/wp\/v2\/posts\/4122\/revisions"}],"predecessor-version":[{"id":5015,"href":"https:\/\/mto-kr.pl\/en\/wp-json\/wp\/v2\/posts\/4122\/revisions\/5015"}],"wp:featuredmedia":[{"embeddable":true,"href":"https:\/\/mto-kr.pl\/en\/wp-json\/wp\/v2\/media\/4123"}],"wp:attachment":[{"href":"https:\/\/mto-kr.pl\/en\/wp-json\/wp\/v2\/media?parent=4122"}],"wp:term":[{"taxonomy":"category","embeddable":true,"href":"https:\/\/mto-kr.pl\/en\/wp-json\/wp\/v2\/categories?post=4122"},{"taxonomy":"post_tag","embeddable":true,"href":"https:\/\/mto-kr.pl\/en\/wp-json\/wp\/v2\/tags?post=4122"}],"curies":[{"name":"wp","href":"https:\/\/api.w.org\/{rel}","templated":true}]}}