{"id":416,"date":"2018-01-13T21:08:53","date_gmt":"2018-01-13T20:08:53","guid":{"rendered":"https:\/\/mto-kr.pl\/?p=416"},"modified":"2018-01-13T21:17:48","modified_gmt":"2018-01-13T20:17:48","slug":"aura-nie-straszna-relacja-z-wycieczki-do-laczan","status":"publish","type":"post","link":"https:\/\/mto-kr.pl\/en\/2018\/01\/13\/aura-nie-straszna-relacja-z-wycieczki-do-laczan\/","title":{"rendered":"Aura nie straszna &#8211; relacja z wycieczki do \u0141\u0105czan"},"content":{"rendered":"<div id=\"attachment_418\" style=\"width: 260px\" class=\"wp-caption alignleft\"><a href=\"https:\/\/mto-kr.pl\/wp-content\/uploads\/2018\/01\/IMG_0296-uczestnicy-wycieczki\u0141\u0105czany-13.01.18.jpg\"><img loading=\"lazy\" decoding=\"async\" aria-describedby=\"caption-attachment-418\" class=\"wp-image-418\" src=\"https:\/\/mto-kr.pl\/wp-content\/uploads\/2018\/01\/IMG_0296-uczestnicy-wycieczki\u0141\u0105czany-13.01.18-300x210.jpg\" alt=\"Uczestnicy wycieczki (fot. K.Czajowski)\" width=\"250\" height=\"175\" srcset=\"https:\/\/mto-kr.pl\/wp-content\/uploads\/2018\/01\/IMG_0296-uczestnicy-wycieczki\u0141\u0105czany-13.01.18-300x210.jpg 300w, https:\/\/mto-kr.pl\/wp-content\/uploads\/2018\/01\/IMG_0296-uczestnicy-wycieczki\u0141\u0105czany-13.01.18-768x538.jpg 768w, https:\/\/mto-kr.pl\/wp-content\/uploads\/2018\/01\/IMG_0296-uczestnicy-wycieczki\u0141\u0105czany-13.01.18-500x350.jpg 500w, https:\/\/mto-kr.pl\/wp-content\/uploads\/2018\/01\/IMG_0296-uczestnicy-wycieczki\u0141\u0105czany-13.01.18-150x105.jpg 150w, https:\/\/mto-kr.pl\/wp-content\/uploads\/2018\/01\/IMG_0296-uczestnicy-wycieczki\u0141\u0105czany-13.01.18.jpg 1000w\" sizes=\"auto, (max-width: 250px) 100vw, 250px\" \/><\/a><p id=\"caption-attachment-418\" class=\"wp-caption-text\">Uczestnicy wycieczki<\/p><\/div>\n<p style=\"text-align: justify;\"><strong>Mro\u017ana i wietrzna aura nie straszna by\u0142a uczestnikom ornitologicznej wycieczki do \u0141\u0105czan. W sobotnim (13.01.2018) spacerze organizowanym przez Ma\u0142opolskie Towarzystwo Ornitologiczne wzi\u0119\u0142o udzia\u0142 10 os\u00f3b, kt\u00f3rym uda\u0142o si\u0119 zaobserwowa\u0107 29 gatunk\u00f3w ptak\u00f3w.\u00a0<\/strong><\/p>\n<p style=\"text-align: justify;\">Trasa wycieczki bieg\u0142a kolejno obok kana\u0142u \u0142\u0105cza\u0144sko-skawi\u0144skiego, nast\u0119pnie wzd\u0142u\u017c bocznej odnogi rzeki Wis\u0142y i dalej wzd\u0142u\u017c \u015bcie\u017cki ornitologicznej wa\u0142em i po\u015br\u00f3d p\u00f3l, a\u017c do Kamienia. Przewodnikiem wyprawy by\u0142 Krzysztof Czajowski, ornitolog, kt\u00f3ry regularnie bada tereny odcinka Wis\u0142y w \u0141\u0105czanach. Uczestnicy musieli boryka\u0107 si\u0119 z niezbyt przyjemnym silnym, ch\u0142odnym wiatrem, kt\u00f3ry utrudnia\u0142 obserwowanie ptak\u00f3w.<\/p>\n<p style=\"text-align: justify;\">Pomimo tego uda\u0142o si\u0119 zobaczy\u0107 m.in. samca ro\u017ce\u0144ca, srokosza, par\u0119 g\u0105go\u0142\u00f3w, przedstawicieli ptak\u00f3w szponiastych &#8211; myszo\u0142owa i krogulca oraz dwa gatunki okre\u015blane jako &#8222;fenologi&#8221; &#8211; zi\u0119b\u0119 i grzywacza. Spacerowicze mogli te\u017c zaobserwowa\u0107 stado 70 cyraneczek i ponad 200 krzy\u017c\u00f3wek (w dw\u00f3ch stadach po oko\u0142o 100 osobnik\u00f3w). Opr\u00f3cz ptak\u00f3w uczestnikom uda\u0142o si\u0119 spotka\u0107 r\u00f3wnie\u017c dwa zaj\u0105ce. Wszystkie dane zosta\u0142y wpisane do <a href=\"http:\/\/www.iop.krakow.pl\/dbPtak\/atlas\">internetowej bazy danych Ma\u0142opolskiego Towarzystwa Ornitologicznego<\/a>.<\/p>\n<p style=\"text-align: justify;\">Termin &#8222;fenolog&#8221; pochodzi od s\u0142owa fenologia (nauka badaj\u0105ca zjawiska okresowo\u015bci w \u017cyciu zwierz\u0105t, zwi\u0105zane z czynnikami klimatycznymi i zmian\u0105 p\u00f3r roku). W przypadku ptak\u00f3w dotyczy to wczesnych przylot\u00f3w z zimowisk. Grzywacz i zi\u0119ba to ptaki, kt\u00f3re w zdecydowanej wi\u0119kszo\u015bci odlatuj\u0105 z Polski na zim\u0119, ale zdarzaj\u0105 si\u0119 te\u017c stwierdzenia ptak\u00f3w zimuj\u0105cych w kraju.<\/p>\n<p><em>&#8222;Pomimo ch\u0142odu, atmosfera by\u0142a bardzo fajna. Uczestnik\u00f3w spaceru bardzo ucieszy\u0142a obserwacja srokosza. Niestety, pod koniec wycieczki, natrafili\u015bmy na du\u017ce, dzikie wysypisko \u015bmieci, kt\u00f3rego widok zepsu\u0142 troch\u0119 nasze nastroje&#8221;<\/em> &#8211; relacjonuje Krzysztof Czajowski, przewodnik wycieczki.<\/p>\n<p style=\"text-align: right;\">JW<br \/>\nzdj\u0119cia: Krzysztof Czajowski<\/p>\n\n\t\t<style>\n\t\t\t#gallery-1 {\n\t\t\t\tmargin: auto;\n\t\t\t}\n\t\t\t#gallery-1 .gallery-item {\n\t\t\t\tfloat: left;\n\t\t\t\tmargin-top: 10px;\n\t\t\t\ttext-align: center;\n\t\t\t\twidth: 20%;\n\t\t\t}\n\t\t\t#gallery-1 img {\n\t\t\t\tborder: 2px solid #cfcfcf;\n\t\t\t}\n\t\t\t#gallery-1 .gallery-caption {\n\t\t\t\tmargin-left: 0;\n\t\t\t}\n\t\t\t\/* see gallery_shortcode() in wp-includes\/media.php *\/\n\t\t<\/style>\n\t\t<div id='gallery-1' class='gallery galleryid-416 gallery-columns-5 gallery-size-thumbnail'><dl class='gallery-item'>\n\t\t\t<dt class='gallery-icon landscape'>\n\t\t\t\t<a href='https:\/\/mto-kr.pl\/wp-content\/uploads\/2018\/01\/IMG_0296-uczestnicy-wycieczki\u0141\u0105czany-13.01.18.jpg'><img loading=\"lazy\" decoding=\"async\" width=\"150\" height=\"150\" src=\"https:\/\/mto-kr.pl\/wp-content\/uploads\/2018\/01\/IMG_0296-uczestnicy-wycieczki\u0141\u0105czany-13.01.18-150x150.jpg\" class=\"attachment-thumbnail size-thumbnail\" alt=\"Uczestnicy wycieczki (fot. K.Czajowski)\" aria-describedby=\"gallery-1-418\" \/><\/a>\n\t\t\t<\/dt>\n\t\t\t\t<dd class='wp-caption-text gallery-caption' id='gallery-1-418'>\n\t\t\t\tUczestnicy wycieczki (fot. K.Czajowski)\n\t\t\t\t<\/dd><\/dl><dl class='gallery-item'>\n\t\t\t<dt class='gallery-icon landscape'>\n\t\t\t\t<a href='https:\/\/mto-kr.pl\/wp-content\/uploads\/2018\/01\/IMG_0345-dzi\u0119cio\u0142-du\u017cy-przy-ku\u017ani-w-towarzystwie-zi\u0119byKamie\u0144-13.01.2018.jpg'><img loading=\"lazy\" decoding=\"async\" width=\"150\" height=\"150\" src=\"https:\/\/mto-kr.pl\/wp-content\/uploads\/2018\/01\/IMG_0345-dzi\u0119cio\u0142-du\u017cy-przy-ku\u017ani-w-towarzystwie-zi\u0119byKamie\u0144-13.01.2018-150x150.jpg\" class=\"attachment-thumbnail size-thumbnail\" alt=\"Dzi\u0119cio\u0142 du\u017cy przy ku\u017ani (fot. K.Czajowski)\" aria-describedby=\"gallery-1-422\" \/><\/a>\n\t\t\t<\/dt>\n\t\t\t\t<dd class='wp-caption-text gallery-caption' id='gallery-1-422'>\n\t\t\t\tDzi\u0119cio\u0142 du\u017cy przy ku\u017ani (fot. K.Czajowski)\n\t\t\t\t<\/dd><\/dl><dl class='gallery-item'>\n\t\t\t<dt class='gallery-icon landscape'>\n\t\t\t\t<a href='https:\/\/mto-kr.pl\/wp-content\/uploads\/2018\/01\/IMG_0317-cz\u0119\u015b\u0107-grupy-wycieczkowej\u0141\u0105czany-13.01.18.jpg'><img loading=\"lazy\" decoding=\"async\" width=\"150\" height=\"150\" src=\"https:\/\/mto-kr.pl\/wp-content\/uploads\/2018\/01\/IMG_0317-cz\u0119\u015b\u0107-grupy-wycieczkowej\u0141\u0105czany-13.01.18-150x150.jpg\" class=\"attachment-thumbnail size-thumbnail\" alt=\"Uczestnicy wycieczki (fot. K.Czajowski)\" aria-describedby=\"gallery-1-420\" \/><\/a>\n\t\t\t<\/dt>\n\t\t\t\t<dd class='wp-caption-text gallery-caption' id='gallery-1-420'>\n\t\t\t\tUczestnicy wycieczki (fot. K.Czajowski)\n\t\t\t\t<\/dd><\/dl><dl class='gallery-item'>\n\t\t\t<dt class='gallery-icon landscape'>\n\t\t\t\t<a href='https:\/\/mto-kr.pl\/wp-content\/uploads\/2018\/01\/IMG_0335-srokosz-\u0141\u0105czany-13.01.18.jpg'><img loading=\"lazy\" decoding=\"async\" width=\"150\" height=\"150\" src=\"https:\/\/mto-kr.pl\/wp-content\/uploads\/2018\/01\/IMG_0335-srokosz-\u0141\u0105czany-13.01.18-150x150.jpg\" class=\"attachment-thumbnail size-thumbnail\" alt=\"Srokosz (fot. K.Czajowski)\" aria-describedby=\"gallery-1-421\" \/><\/a>\n\t\t\t<\/dt>\n\t\t\t\t<dd class='wp-caption-text gallery-caption' id='gallery-1-421'>\n\t\t\t\tSrokosz (fot. K.Czajowski)\n\t\t\t\t<\/dd><\/dl><dl class='gallery-item'>\n\t\t\t<dt class='gallery-icon landscape'>\n\t\t\t\t<a href='https:\/\/mto-kr.pl\/wp-content\/uploads\/2018\/01\/IMG_0315-wysypisko-\u015bmieci-pod-koniec-\u015bcie\u017cki-ornitologicznej\u0141aczany13.01.2018.jpg'><img loading=\"lazy\" decoding=\"async\" width=\"150\" height=\"150\" src=\"https:\/\/mto-kr.pl\/wp-content\/uploads\/2018\/01\/IMG_0315-wysypisko-\u015bmieci-pod-koniec-\u015bcie\u017cki-ornitologicznej\u0141aczany13.01.2018-150x150.jpg\" class=\"attachment-thumbnail size-thumbnail\" alt=\"Nielegalne wysypisko \u015bmieci (fot. K.Czajowski)\" aria-describedby=\"gallery-1-419\" \/><\/a>\n\t\t\t<\/dt>\n\t\t\t\t<dd class='wp-caption-text gallery-caption' id='gallery-1-419'>\n\t\t\t\tNielegalne wysypisko \u015bmieci (fot. K.Czajowski)\n\t\t\t\t<\/dd><\/dl><br style=\"clear: both\" \/>\n\t\t<\/div>","protected":false},"excerpt":{"rendered":"<p>Mro\u017ana i wietrzna aura nie straszna by\u0142a uczestnikom ornitologicznej wycieczki do \u0141\u0105czan. W sobotnim (13.01.2018) spacerze organizowanym przez Ma\u0142opolskie Towarzystwo Ornitologiczne wzi\u0119\u0142o udzia\u0142 10 os\u00f3b, kt\u00f3rym uda\u0142o si\u0119 zaobserwowa\u0107 29 gatunk\u00f3w ptak\u00f3w.\u00a0 Trasa wycieczki bieg\u0142a kolejno obok kana\u0142u \u0142\u0105cza\u0144sko-skawi\u0144skiego, nast\u0119pnie wzd\u0142u\u017c bocznej odnogi rzeki Wis\u0142y i dalej wzd\u0142u\u017c \u015bcie\u017cki ornitologicznej wa\u0142em i po\u015br\u00f3d p\u00f3l, a\u017c do Kamienia. Przewodnikiem wyprawy by\u0142 Krzysztof Czajowski, ornitolog, kt\u00f3ry regularnie bada tereny odcinka Wis\u0142y w \u0141\u0105czanach. Uczestnicy musieli boryka\u0107 si\u0119 z niezbyt przyjemnym silnym, ch\u0142odnym wiatrem, kt\u00f3ry utrudnia\u0142 obserwowanie ptak\u00f3w. Pomimo tego uda\u0142o si\u0119 zobaczy\u0107 m.in. samca ro\u017ce\u0144ca, srokosza, par\u0119 g\u0105go\u0142\u00f3w, przedstawicieli ptak\u00f3w szponiastych &#8211;\u2026 <a class=\"continue-reading-link\" href=\"https:\/\/mto-kr.pl\/en\/2018\/01\/13\/aura-nie-straszna-relacja-z-wycieczki-do-laczan\/\">Czytaj dalej&#8230;<\/a><\/p>","protected":false},"author":1,"featured_media":418,"comment_status":"closed","ping_status":"open","sticky":false,"template":"","format":"gallery","meta":{"_monsterinsights_skip_tracking":false,"footnotes":""},"categories":[4,7],"tags":[],"class_list":["post-416","post","type-post","status-publish","format-gallery","has-post-thumbnail","hentry","category-aktualnosci","category-foto","post_format-post-format-gallery"],"_links":{"self":[{"href":"https:\/\/mto-kr.pl\/en\/wp-json\/wp\/v2\/posts\/416","targetHints":{"allow":["GET"]}}],"collection":[{"href":"https:\/\/mto-kr.pl\/en\/wp-json\/wp\/v2\/posts"}],"about":[{"href":"https:\/\/mto-kr.pl\/en\/wp-json\/wp\/v2\/types\/post"}],"author":[{"embeddable":true,"href":"https:\/\/mto-kr.pl\/en\/wp-json\/wp\/v2\/users\/1"}],"replies":[{"embeddable":true,"href":"https:\/\/mto-kr.pl\/en\/wp-json\/wp\/v2\/comments?post=416"}],"version-history":[{"count":6,"href":"https:\/\/mto-kr.pl\/en\/wp-json\/wp\/v2\/posts\/416\/revisions"}],"predecessor-version":[{"id":428,"href":"https:\/\/mto-kr.pl\/en\/wp-json\/wp\/v2\/posts\/416\/revisions\/428"}],"wp:featuredmedia":[{"embeddable":true,"href":"https:\/\/mto-kr.pl\/en\/wp-json\/wp\/v2\/media\/418"}],"wp:attachment":[{"href":"https:\/\/mto-kr.pl\/en\/wp-json\/wp\/v2\/media?parent=416"}],"wp:term":[{"taxonomy":"category","embeddable":true,"href":"https:\/\/mto-kr.pl\/en\/wp-json\/wp\/v2\/categories?post=416"},{"taxonomy":"post_tag","embeddable":true,"href":"https:\/\/mto-kr.pl\/en\/wp-json\/wp\/v2\/tags?post=416"}],"curies":[{"name":"wp","href":"https:\/\/api.w.org\/{rel}","templated":true}]}}