{"id":4227,"date":"2024-12-27T21:58:27","date_gmt":"2024-12-27T20:58:27","guid":{"rendered":"https:\/\/mto-kr.pl\/wp\/?p=4227"},"modified":"2025-01-13T09:39:21","modified_gmt":"2025-01-13T08:39:21","slug":"oswiadczenie-mto-ws-gluszca-w-beskidzie-zywieckim","status":"publish","type":"post","link":"https:\/\/mto-kr.pl\/en\/2024\/12\/27\/oswiadczenie-mto-ws-gluszca-w-beskidzie-zywieckim\/","title":{"rendered":"O\u015bwiadczenie MTO ws. g\u0142uszca na Rysiance w Beskidzie \u017bywieckim"},"content":{"rendered":"<div class=\"html-div xdj266r x11i5rnm xat24cr x1mh8g0r xexx8yu x4uap5 x18d9i69 xkhd6sd\" dir=\"auto\">\n<div class=\"html-div xdj266r x11i5rnm xat24cr x1mh8g0r xexx8yu x4uap5 x18d9i69 xkhd6sd\" data-ad-rendering-role=\"story_message\">\n<div id=\":r8k:\" class=\"x1l90r2v x1iorvi4 x1ye3gou xn6708d\" data-ad-comet-preview=\"message\" data-ad-preview=\"message\">\n<div class=\"x78zum5 xdt5ytf xz62fqu x16ldp7u\">\n<div class=\"xu06os2 x1ok221b\">\n<div class=\"xdj266r x11i5rnm xat24cr x1mh8g0r x1vvkbs x126k92a\">\n<div dir=\"auto\" style=\"text-align: justify;\">\n<p>Fal\u0119 oburzenia w social mediach wywo\u0142a\u0142y nagminnie pojawiaj\u0105ce si\u0119 relacje poparte fotografiami i kr\u00f3tkimi filmikami przedstawiaj\u0105cymi tokuj\u0105cego koguta g\u0142uszca <em>Tetrao urogallus<\/em>, kt\u00f3ry przebywa\u0142 przy ucz\u0119szczanym szlaku turystycznym prowadz\u0105cym do schroniska \u201eRysianka\u201d w Beskidzie \u017bywieckim. Niep\u0142ochliwy osobnik pojawi\u0142 si\u0119 na szlaku pod koniec listopada i do 18 grudnia sta\u0142 si\u0119 atrakcj\u0105 turystyczn\u0105 rozpropagowan\u0105 w internecie przez nie\u015bwiadomych turyst\u00f3w, kt\u00f3rym uda\u0142o si\u0119 uwieczni\u0107 spotkanie z g\u0142uszcem na zdj\u0119ciu . Tokowa\u0142 do ludzi, bo w okresie jesiennym, kiedy jest okres tzw. tok\u00f3w pozornych, ma\u0142o jest osobnik\u00f3w tego gatunku o tak wysokim poziomie aktywno\u015bci seksualnej. Ze wzgl\u0119du na zagro\u017cenie dla tego ptaka S\u0142u\u017cby Le\u015bne, w uzgodnieniu z Regionaln\u0105 Dyrekcj\u0105 Ochrony \u015arodowiska w Katowicach, podj\u0119\u0142y decyzj\u0119 o od\u0142owie tego osobnika i przeniesieniu go w bezpieczny rejon s\u0105siedniego tokowiska. Niestety, w trakcie tych dzia\u0142a\u0144, ptak pad\u0142. Prawdopodobnie by\u0142 skrajnie wyczerpany, bo wa\u017cy\u0142 poni\u017cej 4 kg. Tusza ptaka zosta\u0142a przekazana do szczeg\u00f3\u0142owych bada\u0144 weterynaryjnych.<\/p>\n<p>Na obecnym etapie Ma\u0142opolskie Towarzystwo Ornitologiczne nie podejmuje dyskusji i szukania winnych zaistnia\u0142ej sytuacji. By\u0107 mo\u017ce b\u0119dzie to mo\u017cliwe dopiero po otrzymaniu wynik\u00f3w bada\u0144 tuszy koguta. Natomiast bezsprzecznie niepokojenie osobnika nale\u017c\u0105cego do skrajnie zagro\u017conego w Polsce i \u015bci\u015ble chronionego gatunku jest wykroczeniem przeciwko przepisom prawa. O tym powinni wiedzie\u0107 wszyscy amatorzy obserwacji i zdobycia fotografii g\u0142uszca.<\/p>\n<\/div>\n<div dir=\"auto\" style=\"text-align: justify;\">\n<p><strong>Przypominamy:<br \/>\n<\/strong>Artyku\u0142 52. ust. 1. Ustawy o ochronie przyrody z dnia 16 kwietnia 2004 roku (Dz.U. z dn. 28 grudnia 2016 r. poz. 2183) daje mo\u017cliwo\u015b\u0107 wprowadzenia w stosunku do dziko wyst\u0119puj\u0105cych zwierz\u0105t obj\u0119tych ochron\u0105 gatunkow\u0105 szeregu zakaz\u00f3w, w tym m.in.: umy\u015blnego p\u0142oszenia lub niepokojenia (pkt. 12) oraz fotografowania, filmowania lub obserwacji, mog\u0105cych powodowa\u0107 ich p\u0142oszenie lub niepokojenie (pkt. 14). W oparciu o te zapisy ustawy Minister \u015arodowiska w Rozporz\u0105dzeniu z dnia 16 grudnia 2016 roku w sprawie ochrony gatunkowej zwierz\u0105t obj\u0105\u0142 m.in. g\u0142uszca ochron\u0105 \u015bcis\u0142\u0105 i wobec tego gatunku wprowadzi\u0142 zakaz w \u00a7 6 ust. 2 &#8211; umy\u015blnego p\u0142oszenia lub niepokojenia a w \u00a76 ust. 4 &#8211; zakazu fotografowania, filmowania lub obserwacji mog\u0105cych powodowa\u0107 ich p\u0142oszenie lub niepokojenie. Naruszenie tych zakaz\u00f3w mo\u017ce narazi\u0107 na osob\u0119 na odpowiedzialno\u015b\u0107 karn\u0105 na podstawie art. 131 Ustawy o ochronie przyrody. Aby uzyska\u0107 odst\u0119pstwo od ww. zakaz\u00f3w nale\u017cy uprzednio zwr\u00f3ci\u0107 si\u0119 z wnioskiem do Regionalnego Dyrektora Ochrony Przyrody o wydanie stosownej decyzji. Apelujemy do wszystkich mi\u0142o\u015bnik\u00f3w i obserwator\u00f3w przyrody o przestrzeganie przepis\u00f3w prawa, a szczeg\u00f3lnie wtedy gdy mamy do czynienia z gatunkami o takim stopniu zagro\u017cenia. Zachowujmy rozs\u0105dek i pi\u0119tnujmy negatywne zachowania innych je\u017celi jeste\u015bmy ich \u015bwiadkami.<\/p>\n<\/div>\n<\/div>\n<\/div>\n<\/div>\n<\/div>\n<\/div>\n<\/div>","protected":false},"excerpt":{"rendered":"<p>Fal\u0119 oburzenia w social mediach wywo\u0142a\u0142y nagminnie pojawiaj\u0105ce si\u0119 relacje poparte fotografiami i kr\u00f3tkimi filmikami przedstawiaj\u0105cymi tokuj\u0105cego koguta g\u0142uszca Tetrao urogallus, kt\u00f3ry przebywa\u0142 przy ucz\u0119szczanym szlaku turystycznym prowadz\u0105cym do schroniska \u201eRysianka\u201d w Beskidzie \u017bywieckim. Niep\u0142ochliwy osobnik pojawi\u0142 si\u0119 na szlaku pod koniec listopada i do 18 grudnia sta\u0142 si\u0119 atrakcj\u0105 turystyczn\u0105 rozpropagowan\u0105 w internecie przez nie\u015bwiadomych turyst\u00f3w, kt\u00f3rym uda\u0142o si\u0119 uwieczni\u0107 spotkanie z g\u0142uszcem na zdj\u0119ciu . Tokowa\u0142 do ludzi, bo w okresie jesiennym, kiedy jest okres tzw. tok\u00f3w pozornych, ma\u0142o jest osobnik\u00f3w tego gatunku o tak wysokim poziomie aktywno\u015bci seksualnej. Ze wzgl\u0119du na zagro\u017cenie dla tego ptaka S\u0142u\u017cby Le\u015bne,\u2026 <a class=\"continue-reading-link\" href=\"https:\/\/mto-kr.pl\/en\/2024\/12\/27\/oswiadczenie-mto-ws-gluszca-w-beskidzie-zywieckim\/\">Czytaj dalej&#8230;<\/a><\/p>","protected":false},"author":1,"featured_media":4230,"comment_status":"open","ping_status":"open","sticky":false,"template":"","format":"standard","meta":{"_monsterinsights_skip_tracking":false,"footnotes":""},"categories":[4,1],"tags":[],"class_list":["post-4227","post","type-post","status-publish","format-standard","has-post-thumbnail","hentry","category-aktualnosci","category-bez-kategorii"],"_links":{"self":[{"href":"https:\/\/mto-kr.pl\/en\/wp-json\/wp\/v2\/posts\/4227","targetHints":{"allow":["GET"]}}],"collection":[{"href":"https:\/\/mto-kr.pl\/en\/wp-json\/wp\/v2\/posts"}],"about":[{"href":"https:\/\/mto-kr.pl\/en\/wp-json\/wp\/v2\/types\/post"}],"author":[{"embeddable":true,"href":"https:\/\/mto-kr.pl\/en\/wp-json\/wp\/v2\/users\/1"}],"replies":[{"embeddable":true,"href":"https:\/\/mto-kr.pl\/en\/wp-json\/wp\/v2\/comments?post=4227"}],"version-history":[{"count":8,"href":"https:\/\/mto-kr.pl\/en\/wp-json\/wp\/v2\/posts\/4227\/revisions"}],"predecessor-version":[{"id":4268,"href":"https:\/\/mto-kr.pl\/en\/wp-json\/wp\/v2\/posts\/4227\/revisions\/4268"}],"wp:featuredmedia":[{"embeddable":true,"href":"https:\/\/mto-kr.pl\/en\/wp-json\/wp\/v2\/media\/4230"}],"wp:attachment":[{"href":"https:\/\/mto-kr.pl\/en\/wp-json\/wp\/v2\/media?parent=4227"}],"wp:term":[{"taxonomy":"category","embeddable":true,"href":"https:\/\/mto-kr.pl\/en\/wp-json\/wp\/v2\/categories?post=4227"},{"taxonomy":"post_tag","embeddable":true,"href":"https:\/\/mto-kr.pl\/en\/wp-json\/wp\/v2\/tags?post=4227"}],"curies":[{"name":"wp","href":"https:\/\/api.w.org\/{rel}","templated":true}]}}