{"id":4425,"date":"2025-04-07T09:07:03","date_gmt":"2025-04-07T07:07:03","guid":{"rendered":"https:\/\/mto-kr.pl\/wp\/?p=4425"},"modified":"2025-04-07T09:13:26","modified_gmt":"2025-04-07T07:13:26","slug":"prosba-o-pomoc-w-wykrywaniu-ptasiej-grypy-i-rzekomego-pomoru-drobiu","status":"publish","type":"post","link":"https:\/\/mto-kr.pl\/en\/2025\/04\/07\/prosba-o-pomoc-w-wykrywaniu-ptasiej-grypy-i-rzekomego-pomoru-drobiu\/","title":{"rendered":"Pro\u015bba o pomoc w wykrywaniu ptasiej grypy i rzekomego pomoru drobiu"},"content":{"rendered":"<div class=\"html-div xdj266r x11i5rnm xat24cr x1mh8g0r xexx8yu x4uap5 x18d9i69 xkhd6sd\" tabindex=\"-1\">\n<div class=\"html-div xdj266r x11i5rnm x1mh8g0r xexx8yu x4uap5 x18d9i69 xkhd6sd x1e56ztr\" style=\"text-align: justify;\">\n<p><span class=\"x193iq5w xeuugli x13faqbe x1vvkbs x1xmvt09 x6prxxf xvq8zen xo1l8bm xzsf02u\">W dniu 1 kwietnia 2025 odby\u0142a si\u0119 narada zorganizowana przez Wojew\u00f3dzkiego Inspektora Weterynarii w Krakowie, w kt\u00f3rej uczestniczy\u0142a Prezes MTO &#8211; Katarzyna Mikici\u0144ska i Stanis\u0142aw Czy\u017c. S\u0142u\u017cby weterynaryjne dostrzegaj\u0105 w MTO potencja\u0142 bior\u0105c pod uwag\u0119 liczb\u0119 cz\u0142onk\u00f3w i sympatyk\u00f3w sp\u0119dzaj\u0105cych du\u017co czasu w terenie i traktuj\u0105 jako powa\u017cnego partnera w wykrywaniu zaka\u017ce\u0144 wywo\u0142uj\u0105cych gryp\u0119 ptak\u00f3w (Avian influenza) u drobiu i dzikich ptak\u00f3w oraz chorob\u0119 rzekomego pomoru drobiu (chorba Newcastle). Szczeg\u00f3lnie rzekomy pom\u00f3r drobiu jest chorob\u0105 bardzo niebezpieczn\u0105.<\/span><\/p>\n<p><span class=\"x193iq5w xeuugli x13faqbe x1vvkbs x1xmvt09 x6prxxf xvq8zen xo1l8bm xzsf02u\">Ma\u0142opolski Wojew\u00f3dzki Lekarz Weterynarii &#8211; Pan Lech Pankiewicz, prosi\u0142 przekaza\u0107 pro\u015bb\u0119 dotycz\u0105c\u0105 zbierana napotkanych pad\u0142ych ptak\u00f3w i dostarczanie ich do terytorialnie odpowiednich Powiatowych Lekarzy Weterynarii. W przypadku napotkania wi\u0119kszej liczby pad\u0142ych ptak\u00f3w nale\u017cy natychmiast powiadomi\u0107 Powiatowego Lekarza Weterynarii, wskazuj\u0105c dok\u0142adne miejsce znalezienia (wsp\u00f3\u0142rz\u0119dne geograficzne). Id\u0105c w teren, pami\u0119tajmy o wzi\u0119ciu kilku torebek foliowych i r\u0119kawiczek. Za dostarczenie ka\u017cdego martwego osobnika mo\u017cna spodziewa\u0107 si\u0119 zap\u0142aty. Nie s\u0105 znane jeszcze kwoty, ale b\u0119dzie to prawdopodobnie ok. 200 z\u0142. W tej chwili s\u0142u\u017cby weterynaryjne czekaj\u0105 na ukazanie si\u0119 Rozporz\u0105dzenia Ministra Rolnictwa i Rozwoju Wsi.<\/span><\/p>\n<p>Przekazujemy poni\u017cej wykaz danych teleadresowych s\u0142u\u017cb weterynaryjnych na obszarze woj. ma\u0142opolskiego, wykaz gatunk\u00f3w ptak\u00f3w podlegaj\u0105cych zbieraniu w terenie w przypadku napotkania martwych osobnik\u00f3w oraz instrukcj\u0119 zdejmowania r\u0119kawiczek jednorazowych po kontakcie z pad\u0142ami ptakami:<\/p>\n<\/div>\n<\/div>\n<ol>\n<li><a href=\"https:\/\/mto-kr.pl\/wp-content\/uploads\/2025\/04\/Sluzby-weterynaryjne-malopolskie.pdf\"><strong>Wykaz danych teleadresowych s\u0142u\u017cb weterynaryjnych w woj. ma\u0142opolskim<\/strong><\/a><\/li>\n<li><a href=\"https:\/\/mto-kr.pl\/wp-content\/uploads\/2025\/04\/Lista-gatunkow.pdf\"><strong>Wykaz<span class=\"x193iq5w xeuugli x13faqbe x1vvkbs x1xmvt09 x6prxxf xvq8zen xo1l8bm xzsf02u\"> gatunk\u00f3w ptak\u00f3w<\/span><\/strong><\/a><\/li>\n<\/ol>\n<div class=\"html-div xdj266r x11i5rnm xat24cr x1mh8g0r xexx8yu x4uap5 x18d9i69 xkhd6sd\" tabindex=\"-1\">\n<div class=\"html-div xdj266r x11i5rnm x1mh8g0r xexx8yu x4uap5 x18d9i69 xkhd6sd x1e56ztr\" style=\"text-align: justify;\"><span class=\"x193iq5w xeuugli x13faqbe x1vvkbs x1xmvt09 x6prxxf xvq8zen xo1l8bm xzsf02u\"><span class=\"html-span xdj266r x11i5rnm xat24cr x1mh8g0r xexx8yu x4uap5 x18d9i69 xkhd6sd x1hl2dhg x16tdsg8 x1vvkbs\"><strong class=\"html-strong xdj266r x11i5rnm xat24cr x1mh8g0r xexx8yu x4uap5 x18d9i69 xkhd6sd x1hl2dhg x16tdsg8 x1vvkbs x1s688f\">WA\u017bNE!<\/strong><\/span><\/span><\/div>\n<div class=\"html-div xdj266r x11i5rnm x1mh8g0r xexx8yu x4uap5 x18d9i69 xkhd6sd x1e56ztr\" style=\"text-align: justify;\">\n<p><span class=\"x193iq5w xeuugli x13faqbe x1vvkbs x1xmvt09 x6prxxf xvq8zen xo1l8bm xzsf02u\">Nie zbieramy ptak\u00f3w pad\u0142ych w wyniku kolizji komunikacyjnej czy z przeszkodami terenowymi (szyby, linie energetyczne).<\/span><\/p>\n<\/div>\n<\/div>\n<div><a href=\"https:\/\/mto-kr.pl\/wp-content\/uploads\/2025\/04\/Prawidlowo_zdejmowane_rekawiczki.jpg\"><img loading=\"lazy\" decoding=\"async\" class=\"aligncenter wp-image-4431 size-large\" src=\"https:\/\/mto-kr.pl\/wp-content\/uploads\/2025\/04\/Prawidlowo_zdejmowane_rekawiczki-1024x521.jpg\" alt=\"\" width=\"920\" height=\"468\" srcset=\"https:\/\/mto-kr.pl\/wp-content\/uploads\/2025\/04\/Prawidlowo_zdejmowane_rekawiczki-1024x521.jpg 1024w, https:\/\/mto-kr.pl\/wp-content\/uploads\/2025\/04\/Prawidlowo_zdejmowane_rekawiczki-300x153.jpg 300w, https:\/\/mto-kr.pl\/wp-content\/uploads\/2025\/04\/Prawidlowo_zdejmowane_rekawiczki-768x390.jpg 768w, https:\/\/mto-kr.pl\/wp-content\/uploads\/2025\/04\/Prawidlowo_zdejmowane_rekawiczki-18x9.jpg 18w, https:\/\/mto-kr.pl\/wp-content\/uploads\/2025\/04\/Prawidlowo_zdejmowane_rekawiczki-689x350.jpg 689w, https:\/\/mto-kr.pl\/wp-content\/uploads\/2025\/04\/Prawidlowo_zdejmowane_rekawiczki-150x76.jpg 150w, https:\/\/mto-kr.pl\/wp-content\/uploads\/2025\/04\/Prawidlowo_zdejmowane_rekawiczki.jpg 1200w\" sizes=\"auto, (max-width: 920px) 100vw, 920px\" \/><\/a><\/div>","protected":false},"excerpt":{"rendered":"<p>W dniu 1 kwietnia 2025 odby\u0142a si\u0119 narada zorganizowana przez Wojew\u00f3dzkiego Inspektora Weterynarii w Krakowie, w kt\u00f3rej uczestniczy\u0142a Prezes MTO &#8211; Katarzyna Mikici\u0144ska i Stanis\u0142aw Czy\u017c. S\u0142u\u017cby weterynaryjne dostrzegaj\u0105 w MTO potencja\u0142 bior\u0105c pod uwag\u0119 liczb\u0119 cz\u0142onk\u00f3w i sympatyk\u00f3w sp\u0119dzaj\u0105cych du\u017co czasu w terenie i traktuj\u0105 jako powa\u017cnego partnera w wykrywaniu zaka\u017ce\u0144 wywo\u0142uj\u0105cych gryp\u0119 ptak\u00f3w (Avian influenza) u drobiu i dzikich ptak\u00f3w oraz chorob\u0119 rzekomego pomoru drobiu (chorba Newcastle). Szczeg\u00f3lnie rzekomy pom\u00f3r drobiu jest chorob\u0105 bardzo niebezpieczn\u0105. Ma\u0142opolski Wojew\u00f3dzki Lekarz Weterynarii &#8211; Pan Lech Pankiewicz, prosi\u0142 przekaza\u0107 pro\u015bb\u0119 dotycz\u0105c\u0105 zbierana napotkanych pad\u0142ych ptak\u00f3w i dostarczanie ich do terytorialnie odpowiednich Powiatowych\u2026 <a class=\"continue-reading-link\" href=\"https:\/\/mto-kr.pl\/en\/2025\/04\/07\/prosba-o-pomoc-w-wykrywaniu-ptasiej-grypy-i-rzekomego-pomoru-drobiu\/\">Czytaj dalej&#8230;<\/a><\/p>","protected":false},"author":1,"featured_media":4436,"comment_status":"open","ping_status":"open","sticky":false,"template":"","format":"standard","meta":{"_monsterinsights_skip_tracking":false,"footnotes":""},"categories":[4,1],"tags":[],"class_list":["post-4425","post","type-post","status-publish","format-standard","has-post-thumbnail","hentry","category-aktualnosci","category-bez-kategorii"],"_links":{"self":[{"href":"https:\/\/mto-kr.pl\/en\/wp-json\/wp\/v2\/posts\/4425","targetHints":{"allow":["GET"]}}],"collection":[{"href":"https:\/\/mto-kr.pl\/en\/wp-json\/wp\/v2\/posts"}],"about":[{"href":"https:\/\/mto-kr.pl\/en\/wp-json\/wp\/v2\/types\/post"}],"author":[{"embeddable":true,"href":"https:\/\/mto-kr.pl\/en\/wp-json\/wp\/v2\/users\/1"}],"replies":[{"embeddable":true,"href":"https:\/\/mto-kr.pl\/en\/wp-json\/wp\/v2\/comments?post=4425"}],"version-history":[{"count":14,"href":"https:\/\/mto-kr.pl\/en\/wp-json\/wp\/v2\/posts\/4425\/revisions"}],"predecessor-version":[{"id":4474,"href":"https:\/\/mto-kr.pl\/en\/wp-json\/wp\/v2\/posts\/4425\/revisions\/4474"}],"wp:featuredmedia":[{"embeddable":true,"href":"https:\/\/mto-kr.pl\/en\/wp-json\/wp\/v2\/media\/4436"}],"wp:attachment":[{"href":"https:\/\/mto-kr.pl\/en\/wp-json\/wp\/v2\/media?parent=4425"}],"wp:term":[{"taxonomy":"category","embeddable":true,"href":"https:\/\/mto-kr.pl\/en\/wp-json\/wp\/v2\/categories?post=4425"},{"taxonomy":"post_tag","embeddable":true,"href":"https:\/\/mto-kr.pl\/en\/wp-json\/wp\/v2\/tags?post=4425"}],"curies":[{"name":"wp","href":"https:\/\/api.w.org\/{rel}","templated":true}]}}