{"id":4466,"date":"2025-04-12T13:12:23","date_gmt":"2025-04-12T11:12:23","guid":{"rendered":"https:\/\/mto-kr.pl\/wp\/?p=4466"},"modified":"2025-04-12T13:14:26","modified_gmt":"2025-04-12T11:14:26","slug":"relacja-z-v-wiosennego-zjazdu-ornitologow-polski-poludniowo-wschodniej","status":"publish","type":"post","link":"https:\/\/mto-kr.pl\/en\/2025\/04\/12\/relacja-z-v-wiosennego-zjazdu-ornitologow-polski-poludniowo-wschodniej\/","title":{"rendered":"Relacja z V. Wiosennego Zjazdu Ornitolog\u00f3w Polski P\u0142d.-Wsch. w dolinie Nidy"},"content":{"rendered":"<div class=\"x11i5rnm xat24cr x1mh8g0r x1vvkbs xtlvy1s x126k92a\">\n<div dir=\"auto\" style=\"text-align: justify;\">\n<p>W dniach 4-6 kwietnia 2025 r. w O\u015brodku Edukacji Przyrodniczej w Umianowicach, prowadzonym przez Zesp\u00f3\u0142 \u015awi\u0119tokrzyskich i Nadnidzia\u0144skich Park\u00f3w Krajobrazowych, odby\u0142 si\u0119 kolejny, pi\u0105ty ju\u017c Wiosenny Zjazd Ornitolog\u00f3w Polski Po\u0142udniowo-Wschodniej, zorganizowany przez Ma\u0142opolskie Towarzystwo Ornitologiczne. Nowoczesny o\u015brodek po\u0142o\u017cony na skraju doliny Nidy, uruchomiony w 2022 r., posiadaj\u0105cy baz\u0119 szkoleniowo-dydaktyczn\u0105, zaplecze hotelowe oraz sto\u0142\u00f3wk\u0119 zapewnia\u0142 uczestnikom doskona\u0142e warunki do przeprowadzenia tego spotkania.<\/p>\n<p>Pierwszego dnia (pi\u0105tek) oficjalne zaj\u0119cia zaczyna\u0142y si\u0119 dopiero wczesnym popo\u0142udniem, pojawiaj\u0105cy si\u0119 go\u015bcie, po spe\u0142nieniu wymaga\u0144 formalnych zwi\u0105zanych z zakwaterowaniem, wykorzystywali wolny czas na zapoznanie si\u0119 z otaczaj\u0105cym terenem oraz przywitania i dyskusj\u0119 ze starymi lub nowymi znajomymi. Podobnie by\u0142o po zako\u0144czeniu wyk\u0142ad\u00f3w i kolacji, niekt\u00f3rzy wr\u00f3cili z tych okolicznych eksploracji ju\u017c po zapadni\u0119ciu ciemno\u015bci. Przygotowywane te\u017c by\u0142y plany na dzie\u0144 jutrzejszy, nad mapami i smartfonami ustalano, gdzie jecha\u0107, by napotka\u0107 najciekawsze gatunki.<\/p>\n<p>Drugi dzie\u0144 rozpocz\u0105\u0142 si\u0119 wczesn\u0105 kaw\u0105\/herbat\u0105, kt\u00f3rych by\u0142a przez ca\u0142y czas zreszt\u0105 nieograniczona ilo\u015b\u0107 i rozdaniem suchego prowiantu. Potem w grupach, podgrupach czy indywidualnie, wedle osobistych preferencji, mo\u017cna by\u0142 uda\u0107 si\u0119 z lornetk\u0105 i aparatem foto, gdzie kto mia\u0142 ochot\u0119. Z p\u00f3\u017aniejszych relacji wynik\u0142o, \u017ce obserwacje obj\u0119\u0142y g\u0142\u00f3wnie dolin\u0119 Nidy i po\u0142o\u017cone przy niej zbiorniki wodne, od Korytnicy do Krzy\u017canowic (ok. 30 km doliny), a niekt\u00f3rzy dotarli a\u017c do G\u00f3rek. Popularnym miejscem by\u0142 te\u017c Garb Pi\u0144czowski jako doskona\u0142e miejsce widokowe. Po obiedzie odby\u0142y si\u0119 zaplanowane wyk\u0142ady. Na pewno u ka\u017cdego znalaz\u0142y uznanie, a r\u00f3\u017cnorodna tematyka nie mog\u0142a nudzi\u0107. Po wczorajszym ws\u0142uchiwaniu si\u0119 w \u015bpiew pleszki oraz podziwianiu afryka\u0144skich krajobraz\u00f3w dzisiaj by\u0142y b\u0105czki, wodniczki arktyczne petrelce i aspekty jesiennej w\u0119dr\u00f3wki siewkowc\u00f3w. Wys\u0142uchano tak\u017ce informacji dot. renaturyzacji fragment\u00f3w doliny Nidy i jej efekt\u00f3w. Ostatnim punktem programu na ten dzie\u0144 by\u0142a kolacja grillowa. Wahania czy tradycyjnie na zewn\u0105trz z ogniskiem, czy w budynku by\u0142y do\u015b\u0107 kr\u00f3tkie. Zapowiadana zmiana pogody niestety nast\u0119powa\u0142a, po pi\u0105tkowej ciep\u0142ej aurze sobotni wiecz\u00f3r to ju\u017c silny wiatr i tylko kilka stopni powy\u017cej zera. Humory jednak dopisywa\u0142y, niczego na sto\u0142ach nie brakowa\u0142o, a dyskusje przeci\u0105gn\u0119\u0142y si\u0119 niekt\u00f3rym uczestnikom do p\u00f3\u017anych godzin nocnych.<\/p>\n<p>Niedzielny poranek to \u015bniadanie, nie tak wcze\u015bnie jak w dzie\u0144 poprzedni, a potem indywidualne decyzje co dalej. Cz\u0119\u015b\u0107 uczestnik\u00f3w ju\u017c opuszcza\u0142a zjazd, pozostali realizowali plany terenowe. Pogoda nie zach\u0119ca\u0142a, ale na szcz\u0119\u015bcie na zewn\u0105trz nie by\u0142o \u015bniegu jak w innych cz\u0119\u015bciach kraju. Bazuj\u0105c na naocznych relacjach, jak i dost\u0119pnych w necie informacjach, uczestnikom zjazdu uda\u0142o si\u0119 stwierdzi\u0107 w terenie sporo ciekawych gatunk\u00f3w. Z wiosennych nowalijek s\u0142yszano brz\u0119czk\u0119, piecuszki, kapturki, pliszki \u017c\u00f3\u0142te i kropiatki. Napotkano stado ponad 100 \u017curawi, by\u0142y kszyki i bekasiki, a pierwszego wieczoru tak\u017ce tokuj\u0105ce s\u0142onki. Z innych siewkowc\u00f3w kuliki wielkie, rycyki, krwawodzioby, bataliony, samotniki, \u0142\u0119czaki i czajki. Z ptak\u00f3w drapie\u017cnych obserwowano m.in. r\u00f3wnie\u017c b\u0142otniaka zbo\u017cowego, licznie b\u0142otniaki stawowe oraz bieliki. W okolicy miejsca zjazdu nie by\u0142o jakiego\u015b jednego bardzo wyr\u00f3\u017cniaj\u0105cego si\u0119 miejsca przyci\u0105gaj\u0105cego ptaki, w efekcie czego spenetrowano do\u015b\u0107 znaczny obszar w ich poszukiwaniu.<\/p>\n<p>Ko\u0144cz\u0105c relacj\u0119 ze zjazdu, nale\u017cy podkre\u015bli\u0107 wa\u017cn\u0105 rol\u0119, jak\u0105 by\u0142y spotkania kuluarowe, wymiana do\u015bwiadcze\u0144 z terenu, podpowiedzi merytoryczne, dyskusje na inne wszelkie tematy, \u017carty itd. Zjazdy wiosenne tym w\u0142a\u015bnie znacznie r\u00f3\u017cni\u0105 si\u0119 od jesiennych, \u017ce czasu na spotkania mniej oficjalne nie brakuje. Trzeba jak najbardziej podzi\u0119kowa\u0107 prelegentom i uczestnikom za liczny udzia\u0142 (ok. 40 os\u00f3b) i \u017cyczy\u0107 wszystkim podobnego spotkania w ciekawym miejscu za rok.<\/p>\n<\/div>\n<div dir=\"auto\" style=\"text-align: justify;\"><em>Tekst: Miros\u0142aw Nowicki<\/em><\/div>\n<\/div>","protected":false},"excerpt":{"rendered":"<p>W dniach 4-6 kwietnia 2025 r. w O\u015brodku Edukacji Przyrodniczej w Umianowicach, prowadzonym przez Zesp\u00f3\u0142 \u015awi\u0119tokrzyskich i Nadnidzia\u0144skich Park\u00f3w Krajobrazowych, odby\u0142 si\u0119 kolejny, pi\u0105ty ju\u017c Wiosenny Zjazd Ornitolog\u00f3w Polski Po\u0142udniowo-Wschodniej, zorganizowany przez Ma\u0142opolskie Towarzystwo Ornitologiczne. Nowoczesny o\u015brodek po\u0142o\u017cony na skraju doliny Nidy, uruchomiony w 2022 r., posiadaj\u0105cy baz\u0119 szkoleniowo-dydaktyczn\u0105, zaplecze hotelowe oraz sto\u0142\u00f3wk\u0119 zapewnia\u0142 uczestnikom doskona\u0142e warunki do przeprowadzenia tego spotkania. Pierwszego dnia (pi\u0105tek) oficjalne zaj\u0119cia zaczyna\u0142y si\u0119 dopiero wczesnym popo\u0142udniem, pojawiaj\u0105cy si\u0119 go\u015bcie, po spe\u0142nieniu wymaga\u0144 formalnych zwi\u0105zanych z zakwaterowaniem, wykorzystywali wolny czas na zapoznanie si\u0119 z otaczaj\u0105cym terenem oraz przywitania i dyskusj\u0119 ze starymi lub nowymi znajomymi. Podobnie\u2026 <a class=\"continue-reading-link\" href=\"https:\/\/mto-kr.pl\/en\/2025\/04\/12\/relacja-z-v-wiosennego-zjazdu-ornitologow-polski-poludniowo-wschodniej\/\">Czytaj dalej&#8230;<\/a><\/p>","protected":false},"author":1,"featured_media":4468,"comment_status":"open","ping_status":"open","sticky":false,"template":"","format":"standard","meta":{"_monsterinsights_skip_tracking":false,"footnotes":""},"categories":[4,1],"tags":[],"class_list":["post-4466","post","type-post","status-publish","format-standard","has-post-thumbnail","hentry","category-aktualnosci","category-bez-kategorii"],"_links":{"self":[{"href":"https:\/\/mto-kr.pl\/en\/wp-json\/wp\/v2\/posts\/4466","targetHints":{"allow":["GET"]}}],"collection":[{"href":"https:\/\/mto-kr.pl\/en\/wp-json\/wp\/v2\/posts"}],"about":[{"href":"https:\/\/mto-kr.pl\/en\/wp-json\/wp\/v2\/types\/post"}],"author":[{"embeddable":true,"href":"https:\/\/mto-kr.pl\/en\/wp-json\/wp\/v2\/users\/1"}],"replies":[{"embeddable":true,"href":"https:\/\/mto-kr.pl\/en\/wp-json\/wp\/v2\/comments?post=4466"}],"version-history":[{"count":5,"href":"https:\/\/mto-kr.pl\/en\/wp-json\/wp\/v2\/posts\/4466\/revisions"}],"predecessor-version":[{"id":4473,"href":"https:\/\/mto-kr.pl\/en\/wp-json\/wp\/v2\/posts\/4466\/revisions\/4473"}],"wp:featuredmedia":[{"embeddable":true,"href":"https:\/\/mto-kr.pl\/en\/wp-json\/wp\/v2\/media\/4468"}],"wp:attachment":[{"href":"https:\/\/mto-kr.pl\/en\/wp-json\/wp\/v2\/media?parent=4466"}],"wp:term":[{"taxonomy":"category","embeddable":true,"href":"https:\/\/mto-kr.pl\/en\/wp-json\/wp\/v2\/categories?post=4466"},{"taxonomy":"post_tag","embeddable":true,"href":"https:\/\/mto-kr.pl\/en\/wp-json\/wp\/v2\/tags?post=4466"}],"curies":[{"name":"wp","href":"https:\/\/api.w.org\/{rel}","templated":true}]}}