{"id":4504,"date":"2025-04-28T21:54:32","date_gmt":"2025-04-28T19:54:32","guid":{"rendered":"https:\/\/mto-kr.pl\/wp\/?p=4504"},"modified":"2025-04-28T21:55:19","modified_gmt":"2025-04-28T19:55:19","slug":"nasi-skrzydlaci-przyjaciele","status":"publish","type":"post","link":"https:\/\/mto-kr.pl\/en\/2025\/04\/28\/nasi-skrzydlaci-przyjaciele\/","title":{"rendered":"Nasi skrzydlaci przyjaciele"},"content":{"rendered":"<div class=\"html-div xdj266r x11i5rnm xat24cr x1mh8g0r xexx8yu x4uap5 x18d9i69 xkhd6sd\" dir=\"auto\">\n<div class=\"html-div xdj266r x11i5rnm xat24cr x1mh8g0r xexx8yu x4uap5 x18d9i69 xkhd6sd\" data-ad-rendering-role=\"story_message\">\n<div id=\"\u00abRlaimqaqdfiqapapd5aqH2\u00bb\" class=\"x1l90r2v x1iorvi4 x1ye3gou xn6708d\" data-ad-comet-preview=\"message\" data-ad-preview=\"message\">\n<div class=\"x78zum5 xdt5ytf xz62fqu x16ldp7u\">\n<div class=\"xu06os2 x1ok221b\">\n<div class=\"xdj266r x11i5rnm xat24cr x1mh8g0r x1vvkbs x126k92a\">\n<div dir=\"auto\" style=\"text-align: justify;\">\n<p>W ramach projektu &#8222;Nasi skrzydlaci przyjaciele&#8221; dofinansowanego przez gmin\u0119 Skawina, Prezes MTO &#8211; Katarzyna Mikici\u0144ska razem z Agat\u0105 Banach odwiedzi\u0142y 24 kwietnia niepubliczne przedszkole &#8222;Majowa \u0141\u0105ka&#8221; w Skawinie i zorganizowa\u0142y zaj\u0119cia dla dzieci po\u015bwi\u0119cone ptakom. Dzieci by\u0142y bardzo ciekawe, jak wygl\u0105da budka l\u0119gowa w \u015brodku, co robi sroka, jak du\u017ce s\u0105 gniazda r\u00f3\u017cnych gatunk\u00f3w i jak odzywa si\u0119 np. \u0142ab\u0119d\u017a krzykliwy.<\/p>\n<p><strong>Zapraszamy inne przedszkola i szko\u0142y w gminie Skawina do kontaktu w sprawie bezp\u0142atnych zaj\u0119\u0107!<\/strong><\/p>\n<\/div>\n<div dir=\"auto\"><\/div>\n<\/div>\n<\/div>\n<div dir=\"auto\">\n\n\t\t<style>\n\t\t\t#gallery-1 {\n\t\t\t\tmargin: auto;\n\t\t\t}\n\t\t\t#gallery-1 .gallery-item {\n\t\t\t\tfloat: left;\n\t\t\t\tmargin-top: 10px;\n\t\t\t\ttext-align: center;\n\t\t\t\twidth: 20%;\n\t\t\t}\n\t\t\t#gallery-1 img {\n\t\t\t\tborder: 2px solid #cfcfcf;\n\t\t\t}\n\t\t\t#gallery-1 .gallery-caption {\n\t\t\t\tmargin-left: 0;\n\t\t\t}\n\t\t\t\/* see gallery_shortcode() in wp-includes\/media.php *\/\n\t\t<\/style>\n\t\t<div id='gallery-1' class='gallery galleryid-4504 gallery-columns-5 gallery-size-thumbnail'><dl class='gallery-item'>\n\t\t\t<dt class='gallery-icon portrait'>\n\t\t\t\t<a href='https:\/\/mto-kr.pl\/wp-content\/uploads\/2025\/04\/493332226_1091780359653702_6834305330266734577_n.jpg'><img loading=\"lazy\" decoding=\"async\" width=\"150\" height=\"150\" src=\"https:\/\/mto-kr.pl\/wp-content\/uploads\/2025\/04\/493332226_1091780359653702_6834305330266734577_n-150x150.jpg\" class=\"attachment-thumbnail size-thumbnail\" alt=\"\" \/><\/a>\n\t\t\t<\/dt><\/dl><dl class='gallery-item'>\n\t\t\t<dt class='gallery-icon landscape'>\n\t\t\t\t<a href='https:\/\/mto-kr.pl\/wp-content\/uploads\/2025\/04\/492486786_1091780676320337_8301931628657200353_n.jpg'><img loading=\"lazy\" decoding=\"async\" width=\"150\" height=\"150\" src=\"https:\/\/mto-kr.pl\/wp-content\/uploads\/2025\/04\/492486786_1091780676320337_8301931628657200353_n-150x150.jpg\" class=\"attachment-thumbnail size-thumbnail\" alt=\"\" \/><\/a>\n\t\t\t<\/dt><\/dl><dl class='gallery-item'>\n\t\t\t<dt class='gallery-icon landscape'>\n\t\t\t\t<a href='https:\/\/mto-kr.pl\/wp-content\/uploads\/2025\/04\/492724370_1091780856320319_6272683430592455919_n.jpg'><img loading=\"lazy\" decoding=\"async\" width=\"150\" height=\"150\" src=\"https:\/\/mto-kr.pl\/wp-content\/uploads\/2025\/04\/492724370_1091780856320319_6272683430592455919_n-150x150.jpg\" class=\"attachment-thumbnail size-thumbnail\" alt=\"\" \/><\/a>\n\t\t\t<\/dt><\/dl><dl class='gallery-item'>\n\t\t\t<dt class='gallery-icon portrait'>\n\t\t\t\t<a href='https:\/\/mto-kr.pl\/wp-content\/uploads\/2025\/04\/493316509_1091780796320325_995466617023389321_n.jpg'><img loading=\"lazy\" decoding=\"async\" width=\"150\" height=\"150\" src=\"https:\/\/mto-kr.pl\/wp-content\/uploads\/2025\/04\/493316509_1091780796320325_995466617023389321_n-150x150.jpg\" class=\"attachment-thumbnail size-thumbnail\" alt=\"\" \/><\/a>\n\t\t\t<\/dt><\/dl><dl class='gallery-item'>\n\t\t\t<dt class='gallery-icon landscape'>\n\t\t\t\t<a href='https:\/\/mto-kr.pl\/wp-content\/uploads\/2025\/04\/492656367_1091780422987029_4707188199798713633_n.jpg'><img loading=\"lazy\" decoding=\"async\" width=\"150\" height=\"150\" src=\"https:\/\/mto-kr.pl\/wp-content\/uploads\/2025\/04\/492656367_1091780422987029_4707188199798713633_n-150x150.jpg\" class=\"attachment-thumbnail size-thumbnail\" alt=\"\" \/><\/a>\n\t\t\t<\/dt><\/dl><br style=\"clear: both\" \/>\n\t\t<\/div>\n\n<\/div>\n<div class=\"xu06os2 x1ok221b\">\n<div class=\"xdj266r x11i5rnm xat24cr x1mh8g0r x1vvkbs x126k92a\">\n<div dir=\"auto\" style=\"text-align: justify;\"><\/div>\n<\/div>\n<\/div>\n<\/div>\n<\/div>\n<\/div>\n<\/div>","protected":false},"excerpt":{"rendered":"<p>W ramach projektu &#8222;Nasi skrzydlaci przyjaciele&#8221; dofinansowanego przez gmin\u0119 Skawina, Prezes MTO &#8211; Katarzyna Mikici\u0144ska razem z Agat\u0105 Banach odwiedzi\u0142y 24 kwietnia niepubliczne przedszkole &#8222;Majowa \u0141\u0105ka&#8221; w Skawinie i zorganizowa\u0142y zaj\u0119cia dla dzieci po\u015bwi\u0119cone ptakom. Dzieci by\u0142y bardzo ciekawe, jak wygl\u0105da budka l\u0119gowa w \u015brodku, co robi sroka, jak du\u017ce s\u0105 gniazda r\u00f3\u017cnych gatunk\u00f3w i jak odzywa si\u0119 np. \u0142ab\u0119d\u017a krzykliwy. Zapraszamy inne przedszkola i szko\u0142y w gminie Skawina do kontaktu w sprawie bezp\u0142atnych zaj\u0119\u0107! <a class=\"continue-reading-link\" href=\"https:\/\/mto-kr.pl\/en\/2025\/04\/28\/nasi-skrzydlaci-przyjaciele\/\">Czytaj dalej&#8230;<\/a><\/p>","protected":false},"author":1,"featured_media":4508,"comment_status":"open","ping_status":"open","sticky":false,"template":"","format":"standard","meta":{"_monsterinsights_skip_tracking":false,"footnotes":""},"categories":[4],"tags":[],"class_list":["post-4504","post","type-post","status-publish","format-standard","has-post-thumbnail","hentry","category-aktualnosci"],"_links":{"self":[{"href":"https:\/\/mto-kr.pl\/en\/wp-json\/wp\/v2\/posts\/4504","targetHints":{"allow":["GET"]}}],"collection":[{"href":"https:\/\/mto-kr.pl\/en\/wp-json\/wp\/v2\/posts"}],"about":[{"href":"https:\/\/mto-kr.pl\/en\/wp-json\/wp\/v2\/types\/post"}],"author":[{"embeddable":true,"href":"https:\/\/mto-kr.pl\/en\/wp-json\/wp\/v2\/users\/1"}],"replies":[{"embeddable":true,"href":"https:\/\/mto-kr.pl\/en\/wp-json\/wp\/v2\/comments?post=4504"}],"version-history":[{"count":4,"href":"https:\/\/mto-kr.pl\/en\/wp-json\/wp\/v2\/posts\/4504\/revisions"}],"predecessor-version":[{"id":4515,"href":"https:\/\/mto-kr.pl\/en\/wp-json\/wp\/v2\/posts\/4504\/revisions\/4515"}],"wp:featuredmedia":[{"embeddable":true,"href":"https:\/\/mto-kr.pl\/en\/wp-json\/wp\/v2\/media\/4508"}],"wp:attachment":[{"href":"https:\/\/mto-kr.pl\/en\/wp-json\/wp\/v2\/media?parent=4504"}],"wp:term":[{"taxonomy":"category","embeddable":true,"href":"https:\/\/mto-kr.pl\/en\/wp-json\/wp\/v2\/categories?post=4504"},{"taxonomy":"post_tag","embeddable":true,"href":"https:\/\/mto-kr.pl\/en\/wp-json\/wp\/v2\/tags?post=4504"}],"curies":[{"name":"wp","href":"https:\/\/api.w.org\/{rel}","templated":true}]}}