{"id":4611,"date":"2025-08-25T11:07:03","date_gmt":"2025-08-25T09:07:03","guid":{"rendered":"https:\/\/mto-kr.pl\/wp\/?p=4611"},"modified":"2025-08-25T11:11:35","modified_gmt":"2025-08-25T09:11:35","slug":"siniak-prosba-o-pomoc-w-przekazaniu-danych","status":"publish","type":"post","link":"https:\/\/mto-kr.pl\/en\/2025\/08\/25\/siniak-prosba-o-pomoc-w-przekazaniu-danych\/","title":{"rendered":"SINIAK &#8211; pro\u015bba o pomoc w przekazaniu obserwacji"},"content":{"rendered":"<div class=\"html-div xdj266r x14z9mp xat24cr x1lziwak xexx8yu xyri2b x18d9i69 x1c1uobl\" dir=\"auto\">\n<div class=\"html-div xdj266r x14z9mp xat24cr x1lziwak xexx8yu xyri2b x18d9i69 x1c1uobl\" data-ad-rendering-role=\"story_message\">\n<div id=\"_r_cl1_\" class=\"x1l90r2v x1iorvi4 x1g0dm76 xpdmqnj\" data-ad-comet-preview=\"message\" data-ad-preview=\"message\">\n<div class=\"x78zum5 xdt5ytf xz62fqu x16ldp7u\">\n<div class=\"xu06os2 x1ok221b\">\n<div class=\"html-div xdj266r x14z9mp xat24cr x1lziwak xexx8yu xyri2b x18d9i69 x1c1uobl\">\n<div class=\"x14z9mp xat24cr x1lziwak x1vvkbs xtlvy1s x126k92a\">\n<div dir=\"auto\" style=\"text-align: justify;\">\n<p>Drodzy obserwatorzy MTO!<\/p>\n<p>Z uwagi na post\u0119puj\u0105c\u0105 synantropizacj\u0119 coraz wi\u0119kszej liczby gatunk\u00f3w ptak\u00f3w, dw\u00f3ch ornitolog\u00f3w &#8211; Tadeusz Sobu\u015b i Piotr Kawa, podj\u0119\u0142o si\u0119 pr\u00f3by zebrania informacji i podsumowania aktualnej wiedzy na temat wyst\u0119powania siniaka (<em>Columba oenas<\/em>) na terenach zabudowanych wojew\u00f3dztwa podkarpackiego. W tym celu gromadz\u0105 wszystkie obserwacje tokuj\u0105cych, l\u0119gowych i zimuj\u0105cych (ale nie przelotnych) siniak\u00f3w z teren\u00f3w zurbanizowanych Podkarpacia. Je\u015bli kto\u015b z Was posiada takie informacje, jest proszony o ich udost\u0119pnienie (data, miejsce, opis obserwacji, ewentualnie zdj\u0119cia siniak\u00f3w) i przes\u0142anie mailem pod adresy: <strong>t.sobus@wp.pl<\/strong> lub <strong>paderewski17@wp.pl<\/strong>. Ka\u017cda obserwacja jest bardzo cenna!<\/p>\n<p>Siniaki na terenach zabudowanych cz\u0119sto wyst\u0119puj\u0105 w stadach z innymi gatunkami go\u0142\u0119bi, m.in. grzywaczem czy sierp\u00f3wk\u0105. Zdarzaj\u0105 si\u0119 r\u00f3wnie\u017c ptaki \u017ceruj\u0105ce w karmnikach oraz pary mieszane z grzywaczem. Mamy nadziej\u0119, \u017ce zebrane informacje pozwol\u0105 na podsumowanie aktualnej wiedzy na temat synantropizacji siniaka na terenie Podkarpacia.<\/p>\n<p>Tadeusz Sobu\u015b, Piotr Kawa<\/p>\n<\/div>\n<\/div>\n<\/div>\n<\/div>\n<\/div>\n<\/div>\n<\/div>\n<\/div>","protected":false},"excerpt":{"rendered":"<p>Drodzy obserwatorzy MTO! Z uwagi na post\u0119puj\u0105c\u0105 synantropizacj\u0119 coraz wi\u0119kszej liczby gatunk\u00f3w ptak\u00f3w, dw\u00f3ch ornitolog\u00f3w &#8211; Tadeusz Sobu\u015b i Piotr Kawa, podj\u0119\u0142o si\u0119 pr\u00f3by zebrania informacji i podsumowania aktualnej wiedzy na temat wyst\u0119powania siniaka (Columba oenas) na terenach zabudowanych wojew\u00f3dztwa podkarpackiego. W tym celu gromadz\u0105 wszystkie obserwacje tokuj\u0105cych, l\u0119gowych i zimuj\u0105cych (ale nie przelotnych) siniak\u00f3w z teren\u00f3w zurbanizowanych Podkarpacia. Je\u015bli kto\u015b z Was posiada takie informacje, jest proszony o ich udost\u0119pnienie (data, miejsce, opis obserwacji, ewentualnie zdj\u0119cia siniak\u00f3w) i przes\u0142anie mailem pod adresy: t.sobus@wp.pl lub paderewski17@wp.pl. Ka\u017cda obserwacja jest bardzo cenna! Siniaki na terenach zabudowanych cz\u0119sto wyst\u0119puj\u0105 w stadach z\u2026 <a class=\"continue-reading-link\" href=\"https:\/\/mto-kr.pl\/en\/2025\/08\/25\/siniak-prosba-o-pomoc-w-przekazaniu-danych\/\">Czytaj dalej&#8230;<\/a><\/p>","protected":false},"author":1,"featured_media":4613,"comment_status":"open","ping_status":"open","sticky":false,"template":"","format":"standard","meta":{"_monsterinsights_skip_tracking":false,"footnotes":""},"categories":[4,1],"tags":[],"class_list":["post-4611","post","type-post","status-publish","format-standard","has-post-thumbnail","hentry","category-aktualnosci","category-bez-kategorii"],"_links":{"self":[{"href":"https:\/\/mto-kr.pl\/en\/wp-json\/wp\/v2\/posts\/4611","targetHints":{"allow":["GET"]}}],"collection":[{"href":"https:\/\/mto-kr.pl\/en\/wp-json\/wp\/v2\/posts"}],"about":[{"href":"https:\/\/mto-kr.pl\/en\/wp-json\/wp\/v2\/types\/post"}],"author":[{"embeddable":true,"href":"https:\/\/mto-kr.pl\/en\/wp-json\/wp\/v2\/users\/1"}],"replies":[{"embeddable":true,"href":"https:\/\/mto-kr.pl\/en\/wp-json\/wp\/v2\/comments?post=4611"}],"version-history":[{"count":6,"href":"https:\/\/mto-kr.pl\/en\/wp-json\/wp\/v2\/posts\/4611\/revisions"}],"predecessor-version":[{"id":4619,"href":"https:\/\/mto-kr.pl\/en\/wp-json\/wp\/v2\/posts\/4611\/revisions\/4619"}],"wp:featuredmedia":[{"embeddable":true,"href":"https:\/\/mto-kr.pl\/en\/wp-json\/wp\/v2\/media\/4613"}],"wp:attachment":[{"href":"https:\/\/mto-kr.pl\/en\/wp-json\/wp\/v2\/media?parent=4611"}],"wp:term":[{"taxonomy":"category","embeddable":true,"href":"https:\/\/mto-kr.pl\/en\/wp-json\/wp\/v2\/categories?post=4611"},{"taxonomy":"post_tag","embeddable":true,"href":"https:\/\/mto-kr.pl\/en\/wp-json\/wp\/v2\/tags?post=4611"}],"curies":[{"name":"wp","href":"https:\/\/api.w.org\/{rel}","templated":true}]}}