{"id":4633,"date":"2025-09-30T20:23:01","date_gmt":"2025-09-30T18:23:01","guid":{"rendered":"https:\/\/mto-kr.pl\/wp\/?p=4633"},"modified":"2025-11-01T23:37:43","modified_gmt":"2025-11-01T22:37:43","slug":"nowy-program-spacerow-ornitologicznych-na-sezon-jesienno-zimowy-2025-2026","status":"publish","type":"post","link":"https:\/\/mto-kr.pl\/en\/2025\/09\/30\/nowy-program-spacerow-ornitologicznych-na-sezon-jesienno-zimowy-2025-2026\/","title":{"rendered":"Nowy program spacer\u00f3w ornitologicznych na sezon jesienno-zimowy 2025\/2026!"},"content":{"rendered":"<div dir=\"auto\" style=\"text-align: justify;\">\n<p>W zak\u0142adce <a href=\"https:\/\/mto-kr.pl\/en\/program-wycieczek-mto\/\"><strong>Program spacer\u00f3w ornitologicznych MTO<\/strong><\/a> umieszczony zosta\u0142 nowy wykaz spacer\u00f3w ornitologicznych na sezon jesienno-zimowy 2025\/2026. Rozpoczynamy 12 pa\u017adziernika na \u017cwirowni D\u0142ugopole w gm. Nowy Targ\/Czarny Dunajec, a ostatni spacer jest zaplanowany na 17 stycznia i odb\u0119dzie si\u0119 w Gorcach.<\/p>\n<\/div>\n<div dir=\"auto\" style=\"text-align: justify;\">\n<p>Jak poprzednio zwracamy uwag\u0119 na mo\u017cliwo\u015b\u0107 zmian w trakcie sezonu i sprawdzanie, czy wszystko, co teraz jest og\u0142oszone, pozostaje aktualne do daty spaceru.<\/p>\n<\/div>\n<div dir=\"auto\">\n<p><strong>Zapraszamy do uczestnictwa i \u017cyczymy wielu pozytywnych wra\u017ce\u0144!<\/strong><\/p>\n<\/div>\n<div dir=\"auto\" style=\"text-align: justify;\"><\/div>\n<div dir=\"auto\" style=\"text-align: justify;\"><strong><a href=\"https:\/\/mto-kr.pl\/wp-content\/uploads\/2025\/09\/DSCN7204-1024x768.jpg\"><img loading=\"lazy\" decoding=\"async\" class=\"aligncenter wp-image-4635 size-large\" src=\"https:\/\/mto-kr.pl\/wp-content\/uploads\/2025\/09\/DSCN7204-1024x768.jpg\" alt=\"\" width=\"920\" height=\"690\" srcset=\"https:\/\/mto-kr.pl\/wp-content\/uploads\/2025\/09\/DSCN7204-1024x768.jpg 1024w, https:\/\/mto-kr.pl\/wp-content\/uploads\/2025\/09\/DSCN7204-300x225.jpg 300w, https:\/\/mto-kr.pl\/wp-content\/uploads\/2025\/09\/DSCN7204-768x576.jpg 768w, https:\/\/mto-kr.pl\/wp-content\/uploads\/2025\/09\/DSCN7204-1536x1152.jpg 1536w, https:\/\/mto-kr.pl\/wp-content\/uploads\/2025\/09\/DSCN7204-2048x1536.jpg 2048w, https:\/\/mto-kr.pl\/wp-content\/uploads\/2025\/09\/DSCN7204-16x12.jpg 16w, https:\/\/mto-kr.pl\/wp-content\/uploads\/2025\/09\/DSCN7204-467x350.jpg 467w, https:\/\/mto-kr.pl\/wp-content\/uploads\/2025\/09\/DSCN7204-150x112.jpg 150w\" sizes=\"auto, (max-width: 920px) 100vw, 920px\" \/><\/a><\/strong><\/div>","protected":false},"excerpt":{"rendered":"<p>W zak\u0142adce Program spacer\u00f3w ornitologicznych MTO umieszczony zosta\u0142 nowy wykaz spacer\u00f3w ornitologicznych na sezon jesienno-zimowy 2025\/2026. Rozpoczynamy 12 pa\u017adziernika na \u017cwirowni D\u0142ugopole w gm. Nowy Targ\/Czarny Dunajec, a ostatni spacer jest zaplanowany na 17 stycznia i odb\u0119dzie si\u0119 w Gorcach. Jak poprzednio zwracamy uwag\u0119 na mo\u017cliwo\u015b\u0107 zmian w trakcie sezonu i sprawdzanie, czy wszystko, co teraz jest og\u0142oszone, pozostaje aktualne do daty spaceru. Zapraszamy do uczestnictwa i \u017cyczymy wielu pozytywnych wra\u017ce\u0144! <a class=\"continue-reading-link\" href=\"https:\/\/mto-kr.pl\/en\/2025\/09\/30\/nowy-program-spacerow-ornitologicznych-na-sezon-jesienno-zimowy-2025-2026\/\">Czytaj dalej&#8230;<\/a><\/p>","protected":false},"author":1,"featured_media":4635,"comment_status":"open","ping_status":"open","sticky":false,"template":"","format":"standard","meta":{"_monsterinsights_skip_tracking":false,"footnotes":""},"categories":[4,1],"tags":[],"class_list":["post-4633","post","type-post","status-publish","format-standard","has-post-thumbnail","hentry","category-aktualnosci","category-bez-kategorii"],"_links":{"self":[{"href":"https:\/\/mto-kr.pl\/en\/wp-json\/wp\/v2\/posts\/4633","targetHints":{"allow":["GET"]}}],"collection":[{"href":"https:\/\/mto-kr.pl\/en\/wp-json\/wp\/v2\/posts"}],"about":[{"href":"https:\/\/mto-kr.pl\/en\/wp-json\/wp\/v2\/types\/post"}],"author":[{"embeddable":true,"href":"https:\/\/mto-kr.pl\/en\/wp-json\/wp\/v2\/users\/1"}],"replies":[{"embeddable":true,"href":"https:\/\/mto-kr.pl\/en\/wp-json\/wp\/v2\/comments?post=4633"}],"version-history":[{"count":5,"href":"https:\/\/mto-kr.pl\/en\/wp-json\/wp\/v2\/posts\/4633\/revisions"}],"predecessor-version":[{"id":4690,"href":"https:\/\/mto-kr.pl\/en\/wp-json\/wp\/v2\/posts\/4633\/revisions\/4690"}],"wp:featuredmedia":[{"embeddable":true,"href":"https:\/\/mto-kr.pl\/en\/wp-json\/wp\/v2\/media\/4635"}],"wp:attachment":[{"href":"https:\/\/mto-kr.pl\/en\/wp-json\/wp\/v2\/media?parent=4633"}],"wp:term":[{"taxonomy":"category","embeddable":true,"href":"https:\/\/mto-kr.pl\/en\/wp-json\/wp\/v2\/categories?post=4633"},{"taxonomy":"post_tag","embeddable":true,"href":"https:\/\/mto-kr.pl\/en\/wp-json\/wp\/v2\/tags?post=4633"}],"curies":[{"name":"wp","href":"https:\/\/api.w.org\/{rel}","templated":true}]}}