{"id":4740,"date":"2025-12-01T09:20:53","date_gmt":"2025-12-01T08:20:53","guid":{"rendered":"https:\/\/mto-kr.pl\/wp\/?p=4740"},"modified":"2025-12-01T10:21:07","modified_gmt":"2025-12-01T09:21:07","slug":"relacja-z-57-zjazdu-ornitologow-polski-poludniowo-wschodniej","status":"publish","type":"post","link":"https:\/\/mto-kr.pl\/en\/2025\/12\/01\/relacja-z-57-zjazdu-ornitologow-polski-poludniowo-wschodniej\/","title":{"rendered":"Relacja z 57. Zjazdu Ornitolog\u00f3w Polski Po\u0142udniowo-Wschodniej"},"content":{"rendered":"<p style=\"text-align: justify;\">W dniach 22\u201323 listopada 2025 r. w budynku Wydzia\u0142u Hodowli i Biologii Zwierz\u0105t Uniwersytetu Rolniczego w Krakowie odby\u0142 si\u0119 57. Zjazd Ornitolog\u00f3w Polski Po\u0142udniowo-Wschodniej, tradycyjnie zorganizowany przez Ma\u0142opolskie Towarzystwo Ornitologiczne. Podobnie jak w latach poprzednich patronat nad wydarzeniem obj\u0119\u0142a Dziekan Wydzia\u0142u HiBZ UR \u2013 Pani prof. dr hab. Dorota Zi\u0119ba-Przybylska, kt\u00f3rej serdecznie dzi\u0119kujemy za wieloletnie wsparcie naszego cyklicznego spotkania.<\/p>\n<p style=\"text-align: justify;\">Po otwarciu Zjazdu i przywitaniu wszystkich zaproszonych go\u015bci, prelegent\u00f3w i uczestnik\u00f3w przez Prezes MTO &#8211; Katarzyn\u0119 Mikici\u0144sk\u0105, uczestnicy wys\u0142uchali corocznego \u201eSprawozdania z prac MTO za 2025 r.\u201d, kt\u00f3re obejmowa\u0142o podsumowanie szeregu r\u00f3\u017cnych dzia\u0142a\u0144 i inicjatyw podejmowanych w ci\u0105gu roku przez cz\u0142onk\u00f3w Towarzystwa.<\/p>\n<div id=\"attachment_4766\" style=\"width: 930px\" class=\"wp-caption aligncenter\"><a href=\"https:\/\/mto-kr.pl\/wp-content\/uploads\/2025\/12\/IMG_20251122_100956945_HDR-scaled.jpg\"><img loading=\"lazy\" decoding=\"async\" aria-describedby=\"caption-attachment-4766\" class=\"wp-image-4766 size-large\" src=\"https:\/\/mto-kr.pl\/wp-content\/uploads\/2025\/12\/IMG_20251122_100956945_HDR-1024x768.jpg\" alt=\"\" width=\"920\" height=\"690\" srcset=\"https:\/\/mto-kr.pl\/wp-content\/uploads\/2025\/12\/IMG_20251122_100956945_HDR-1024x768.jpg 1024w, https:\/\/mto-kr.pl\/wp-content\/uploads\/2025\/12\/IMG_20251122_100956945_HDR-300x225.jpg 300w, https:\/\/mto-kr.pl\/wp-content\/uploads\/2025\/12\/IMG_20251122_100956945_HDR-768x576.jpg 768w, https:\/\/mto-kr.pl\/wp-content\/uploads\/2025\/12\/IMG_20251122_100956945_HDR-1536x1152.jpg 1536w, https:\/\/mto-kr.pl\/wp-content\/uploads\/2025\/12\/IMG_20251122_100956945_HDR-2048x1536.jpg 2048w, https:\/\/mto-kr.pl\/wp-content\/uploads\/2025\/12\/IMG_20251122_100956945_HDR-16x12.jpg 16w, https:\/\/mto-kr.pl\/wp-content\/uploads\/2025\/12\/IMG_20251122_100956945_HDR-467x350.jpg 467w, https:\/\/mto-kr.pl\/wp-content\/uploads\/2025\/12\/IMG_20251122_100956945_HDR-150x113.jpg 150w\" sizes=\"auto, (max-width: 920px) 100vw, 920px\" \/><\/a><p id=\"caption-attachment-4766\" class=\"wp-caption-text\">Prezes MTO &#8211; Katarzyna Mikici\u0144ska podczas podsumowywania dzia\u0142alno\u015bci Towarzystwa i wsp\u00f3\u0142pracy z firmami energetycznymi przy badaniach i ochronie bociana bia\u0142ego w Polsce.<\/p><\/div>\n<p style=\"text-align: justify;\">W sesji referatowej pierwszy wyk\u0142ad wyg\u0142osi\u0142 mgr Przemys\u0142aw Ob\u0142oza, reprezentuj\u0105cy Polskie Towarzystwo Ochrony Ptak\u00f3w i Instytut Nauk Biologicznych na Uniwersytecie w Siedlcach, kt\u00f3ry przedstawi\u0142 temat \u201eOchrona kulika wielkiego <em>Numenius arquata<\/em> w Polsce\u201d. Prelegent om\u00f3wi\u0142 aktualn\u0105 sytuacj\u0119 gatunku, wskazuj\u0105c na jego skrajnie trudne po\u0142o\u017cenie w skali krajowej i europejskiej, a tak\u017ce na dzia\u0142ania ochrony czynnej podejmowane w najwa\u017cniejszych krajowych ostojach l\u0119gowych w ramach nowego projektu LIFE pn. &#8222;Kulik WIELKI zagro\u017cony. Ochrona kulika wielkiego <em>Numenius arquata<\/em> w Polsce&#8221;.<span class=\"N9Q8Lc\"> Dzia\u0142ania te skupiaj\u0105 si\u0119 na ochronie jego siedlisk l\u0119gowych (g\u0142\u00f3wnie na Podlasiu, Polesiu Lubelskim i w dolinach rzek) oraz na redukcji drapie\u017cnik\u00f3w, a tak\u017ce na edukacji lokalnych spo\u0142eczno\u015bci. Projekt, realizowany do 2029 roku, jest wsp\u00f3\u0142finansowany przez Uni\u0119 Europejsk\u0105 i Narodowy Fundusz Ochrony \u015arodowiska i Gospodarki Wodnej, a jego beneficjentami s\u0105 m.in. <\/span><span data-processed=\"true\"><span class=\"N9Q8Lc\">Polskie Towarzystwo Ochrony Ptak\u00f3w<\/span><\/span><span class=\"N9Q8Lc\"> i <\/span><span data-processed=\"true\"><span class=\"N9Q8Lc\">Biebrza\u0144ski Park Narodowy<\/span>. <\/span>Wyst\u0105pienie wzbudzi\u0142o \u017cywe zainteresowanie, gdy\u017c kulik wielki \u2013 jako gatunek zagro\u017cony wygini\u0119ciem w Polsce \u2013 sta\u0142 si\u0119 jednym z symboli tegorocznego Zjazdu.<\/p>\n<p style=\"text-align: justify;\">Po pierwszej przerwie kawowej dr hab. Robert Gwiazda z Instytutu Ochrony Przyrody PAN w Krakowie zaprezentowa\u0142 wyk\u0142ad \u201eSukces l\u0119gowy i efektywno\u015b\u0107 polowania perkoz\u00f3w w warunkach staw\u00f3w karpiowych\u201d. Dzi\u0119ki bogatemu materia\u0142owi badawczemu uczestnicy mogli pozna\u0107 m.in. r\u00f3\u017cnice w strategiach \u017cerowania oraz czynniki wp\u0142ywaj\u0105ce na sukces i prze\u017cywalno\u015b\u0107 piskl\u0105t na stawach rybnych, czyli w \u015brodowiskach wodnych kszta\u0142towanych i utrzymywanych przez cz\u0142owieka.<\/p>\n<p style=\"text-align: justify;\">Nast\u0119pny referat wyg\u0142osi\u0142 \u2013 mgr Miros\u0142aw Kata, bardzo aktywny cz\u0142onek Ma\u0142opolskiego Towarzystwa Ornitologicznego \u2013 a dotyczy\u0142 on niesamowitej zdolno\u015bci do na\u015bladownictwa r\u00f3\u017cnych g\u0142os\u00f3w u pleszki <em>Phoenicurus phoenicuros<\/em>. Wyst\u0105pienie okaza\u0142o si\u0119 jedn\u0105 z bardziej oryginalnych i muzycznych prezentacji tegorocznego Zjazdu, ukazuj\u0105c bogactwo wokalne gatunku, jego zmienno\u015b\u0107 osobnicz\u0105 i znaczenie akustycznych cech w kontek\u015bcie ekologii l\u0119gowej.<\/p>\n<p style=\"text-align: justify;\">W kolejnej prezentacji mgr Stanis\u0142aw Bro\u0144ski, pracownik Tatrza\u0144skiego Parku Narodowego, reprezentuj\u0105cy szerokie grono wsp\u00f3\u0142autorskie, om\u00f3wi\u0142 wyczerpuj\u0105co temat \u201eRozmieszczenie, liczebno\u015b\u0107 i wybrane aspekty ekologii rozrodu soko\u0142a w\u0119drownego <em>Falco peregrinus<\/em> w polskich Tatrach\u201d. Wyst\u0105pienie to przyci\u0105gn\u0119\u0142o du\u017c\u0105 uwag\u0119, gdy\u017c dotyczy\u0142o naturalnej i naskalnej populacji, kt\u00f3ra do tej pory nie by\u0142a tak dobrze poznana w przeciwie\u0144stwie do soko\u0142\u00f3w z teren\u00f3w miejskich i le\u015bnych. Prelegent na bogatym materiale graficznym przedstawi\u0142 wieloletnie wyniki i efekty monitoringu, najwa\u017cniejsze informacje z zakresu ekologii rozrodu oraz problemy zwi\u0105zane z ochron\u0105 gatunku w \u015brodowisku g\u00f3rskim przy intensywnym ruchu turystycznym i taternickim.<\/p>\n\n\t\t<style>\n\t\t\t#gallery-1 {\n\t\t\t\tmargin: auto;\n\t\t\t}\n\t\t\t#gallery-1 .gallery-item {\n\t\t\t\tfloat: left;\n\t\t\t\tmargin-top: 10px;\n\t\t\t\ttext-align: center;\n\t\t\t\twidth: 25%;\n\t\t\t}\n\t\t\t#gallery-1 img {\n\t\t\t\tborder: 2px solid #cfcfcf;\n\t\t\t}\n\t\t\t#gallery-1 .gallery-caption {\n\t\t\t\tmargin-left: 0;\n\t\t\t}\n\t\t\t\/* see gallery_shortcode() in wp-includes\/media.php *\/\n\t\t<\/style>\n\t\t<div id='gallery-1' class='gallery galleryid-4740 gallery-columns-4 gallery-size-medium'><dl class='gallery-item'>\n\t\t\t<dt class='gallery-icon landscape'>\n\t\t\t\t<a href='https:\/\/mto-kr.pl\/wp-content\/uploads\/2025\/12\/IMG_20251122_103052466_HDR-scaled.jpg'><img loading=\"lazy\" decoding=\"async\" width=\"300\" height=\"225\" src=\"https:\/\/mto-kr.pl\/wp-content\/uploads\/2025\/12\/IMG_20251122_103052466_HDR-300x225.jpg\" class=\"attachment-medium size-medium\" alt=\"\" srcset=\"https:\/\/mto-kr.pl\/wp-content\/uploads\/2025\/12\/IMG_20251122_103052466_HDR-300x225.jpg 300w, https:\/\/mto-kr.pl\/wp-content\/uploads\/2025\/12\/IMG_20251122_103052466_HDR-1024x768.jpg 1024w, https:\/\/mto-kr.pl\/wp-content\/uploads\/2025\/12\/IMG_20251122_103052466_HDR-768x576.jpg 768w, https:\/\/mto-kr.pl\/wp-content\/uploads\/2025\/12\/IMG_20251122_103052466_HDR-1536x1152.jpg 1536w, https:\/\/mto-kr.pl\/wp-content\/uploads\/2025\/12\/IMG_20251122_103052466_HDR-2048x1536.jpg 2048w, https:\/\/mto-kr.pl\/wp-content\/uploads\/2025\/12\/IMG_20251122_103052466_HDR-16x12.jpg 16w, https:\/\/mto-kr.pl\/wp-content\/uploads\/2025\/12\/IMG_20251122_103052466_HDR-467x350.jpg 467w, https:\/\/mto-kr.pl\/wp-content\/uploads\/2025\/12\/IMG_20251122_103052466_HDR-150x113.jpg 150w\" sizes=\"auto, (max-width: 300px) 100vw, 300px\" \/><\/a>\n\t\t\t<\/dt><\/dl><dl class='gallery-item'>\n\t\t\t<dt class='gallery-icon landscape'>\n\t\t\t\t<a href='https:\/\/mto-kr.pl\/wp-content\/uploads\/2025\/12\/IMG_20251122_123926kk.jpg'><img loading=\"lazy\" decoding=\"async\" width=\"300\" height=\"216\" src=\"https:\/\/mto-kr.pl\/wp-content\/uploads\/2025\/12\/IMG_20251122_123926kk-300x216.jpg\" class=\"attachment-medium size-medium\" alt=\"\" srcset=\"https:\/\/mto-kr.pl\/wp-content\/uploads\/2025\/12\/IMG_20251122_123926kk-300x216.jpg 300w, https:\/\/mto-kr.pl\/wp-content\/uploads\/2025\/12\/IMG_20251122_123926kk-1024x736.jpg 1024w, https:\/\/mto-kr.pl\/wp-content\/uploads\/2025\/12\/IMG_20251122_123926kk-768x552.jpg 768w, https:\/\/mto-kr.pl\/wp-content\/uploads\/2025\/12\/IMG_20251122_123926kk-18x12.jpg 18w, https:\/\/mto-kr.pl\/wp-content\/uploads\/2025\/12\/IMG_20251122_123926kk-487x350.jpg 487w, https:\/\/mto-kr.pl\/wp-content\/uploads\/2025\/12\/IMG_20251122_123926kk-150x108.jpg 150w, https:\/\/mto-kr.pl\/wp-content\/uploads\/2025\/12\/IMG_20251122_123926kk.jpg 1500w\" sizes=\"auto, (max-width: 300px) 100vw, 300px\" \/><\/a>\n\t\t\t<\/dt><\/dl><dl class='gallery-item'>\n\t\t\t<dt class='gallery-icon landscape'>\n\t\t\t\t<a href='https:\/\/mto-kr.pl\/wp-content\/uploads\/2025\/12\/IMG_20251122_124437529_HDR-scaled.jpg'><img loading=\"lazy\" decoding=\"async\" width=\"300\" height=\"225\" src=\"https:\/\/mto-kr.pl\/wp-content\/uploads\/2025\/12\/IMG_20251122_124437529_HDR-300x225.jpg\" class=\"attachment-medium size-medium\" alt=\"\" srcset=\"https:\/\/mto-kr.pl\/wp-content\/uploads\/2025\/12\/IMG_20251122_124437529_HDR-300x225.jpg 300w, https:\/\/mto-kr.pl\/wp-content\/uploads\/2025\/12\/IMG_20251122_124437529_HDR-1024x768.jpg 1024w, https:\/\/mto-kr.pl\/wp-content\/uploads\/2025\/12\/IMG_20251122_124437529_HDR-768x576.jpg 768w, https:\/\/mto-kr.pl\/wp-content\/uploads\/2025\/12\/IMG_20251122_124437529_HDR-1536x1152.jpg 1536w, https:\/\/mto-kr.pl\/wp-content\/uploads\/2025\/12\/IMG_20251122_124437529_HDR-2048x1536.jpg 2048w, https:\/\/mto-kr.pl\/wp-content\/uploads\/2025\/12\/IMG_20251122_124437529_HDR-16x12.jpg 16w, https:\/\/mto-kr.pl\/wp-content\/uploads\/2025\/12\/IMG_20251122_124437529_HDR-467x350.jpg 467w, https:\/\/mto-kr.pl\/wp-content\/uploads\/2025\/12\/IMG_20251122_124437529_HDR-150x113.jpg 150w\" sizes=\"auto, (max-width: 300px) 100vw, 300px\" \/><\/a>\n\t\t\t<\/dt><\/dl><dl class='gallery-item'>\n\t\t\t<dt class='gallery-icon landscape'>\n\t\t\t\t<a href='https:\/\/mto-kr.pl\/wp-content\/uploads\/2025\/12\/IMG_20251122_132008037_HDR-scaled.jpg'><img loading=\"lazy\" decoding=\"async\" width=\"300\" height=\"225\" src=\"https:\/\/mto-kr.pl\/wp-content\/uploads\/2025\/12\/IMG_20251122_132008037_HDR-300x225.jpg\" class=\"attachment-medium size-medium\" alt=\"\" srcset=\"https:\/\/mto-kr.pl\/wp-content\/uploads\/2025\/12\/IMG_20251122_132008037_HDR-300x225.jpg 300w, https:\/\/mto-kr.pl\/wp-content\/uploads\/2025\/12\/IMG_20251122_132008037_HDR-1024x768.jpg 1024w, https:\/\/mto-kr.pl\/wp-content\/uploads\/2025\/12\/IMG_20251122_132008037_HDR-768x576.jpg 768w, https:\/\/mto-kr.pl\/wp-content\/uploads\/2025\/12\/IMG_20251122_132008037_HDR-1536x1152.jpg 1536w, https:\/\/mto-kr.pl\/wp-content\/uploads\/2025\/12\/IMG_20251122_132008037_HDR-2048x1536.jpg 2048w, https:\/\/mto-kr.pl\/wp-content\/uploads\/2025\/12\/IMG_20251122_132008037_HDR-16x12.jpg 16w, https:\/\/mto-kr.pl\/wp-content\/uploads\/2025\/12\/IMG_20251122_132008037_HDR-467x350.jpg 467w, https:\/\/mto-kr.pl\/wp-content\/uploads\/2025\/12\/IMG_20251122_132008037_HDR-150x112.jpg 150w\" sizes=\"auto, (max-width: 300px) 100vw, 300px\" \/><\/a>\n\t\t\t<\/dt><\/dl><br style=\"clear: both\" \/>\n\t\t<\/div>\n\n<p style=\"text-align: justify;\">Po nieco skr\u00f3conej przerwie obiadowej odby\u0142o si\u0119 Walne Zgromadzenie Cz\u0142onk\u00f3w MTO wraz z wyborami Prezesa, cz\u0142onk\u00f3w Rady i Komisji Rewizyjnej. Wyniki g\u0142osowania doprowadzi\u0142y do wy\u0142onienia nast\u0119puj\u0105cych os\u00f3b:<\/p>\n<p style=\"text-align: center;\"><strong>Prezes<\/strong><br \/>\nStanis\u0142aw Czy\u017c<\/p>\n<p style=\"text-align: center;\"><strong>Wiceprezes<br \/>\n<\/strong>Aleksander Niweli\u0144ski<\/p>\n<p style=\"text-align: center;\"><strong>Sekretarz<\/strong><br \/>\nMiros\u0142aw Nowicki<\/p>\n<p style=\"text-align: center;\"><strong>Skarbnik<\/strong><br \/>\nStanis\u0142aw Bro\u0144ski<\/p>\n<p style=\"text-align: center;\"><strong>Cz\u0142onkowie Rady<br \/>\n<\/strong>Damian Wiehle<br \/>\nMa\u0142gorzata Wierzba<br \/>\nMicha\u0142 Molicki<\/p>\n<p style=\"text-align: center;\"><strong>Komisja Rewizyjna<\/strong><br \/>\nStanis\u0142aw Gacek<br \/>\nJerzy Wr\u00f3bel<br \/>\nCzes\u0142aw Zontek<\/p>\n<p style=\"text-align: justify;\">Pragniemy podzi\u0119kowa\u0107 wszystkim cz\u0142onkom Towarzystwa, kt\u00f3rzy wykorzystali swoje czynne prawo wyborcze i wzi\u0119li udzia\u0142 w procesie wyboru nowych os\u00f3b funkcyjnych w strukturach MTO, jak r\u00f3wnie\u017c wyrazi\u0107 wielkie gratulacje dla nowego Prezesa, wszystkich cz\u0142onk\u00f3w Rady i Komisji Rewizyjnej oraz \u017cyczy\u0107 im owocnej i skutecznej pracy na rzecz ochrony ptak\u00f3w w regionie Polski p\u0142d.-wsch. w latach 2025-2028.<\/p>\n<div id=\"attachment_4774\" style=\"width: 930px\" class=\"wp-caption aligncenter\"><a href=\"https:\/\/mto-kr.pl\/wp-content\/uploads\/2025\/12\/IMG_20251122_150838980_HDR-scaled.jpg\"><img loading=\"lazy\" decoding=\"async\" aria-describedby=\"caption-attachment-4774\" class=\"wp-image-4774 size-large\" src=\"https:\/\/mto-kr.pl\/wp-content\/uploads\/2025\/12\/IMG_20251122_150838980_HDR-1024x768.jpg\" alt=\"\" width=\"920\" height=\"690\" srcset=\"https:\/\/mto-kr.pl\/wp-content\/uploads\/2025\/12\/IMG_20251122_150838980_HDR-1024x768.jpg 1024w, https:\/\/mto-kr.pl\/wp-content\/uploads\/2025\/12\/IMG_20251122_150838980_HDR-300x225.jpg 300w, https:\/\/mto-kr.pl\/wp-content\/uploads\/2025\/12\/IMG_20251122_150838980_HDR-768x576.jpg 768w, https:\/\/mto-kr.pl\/wp-content\/uploads\/2025\/12\/IMG_20251122_150838980_HDR-1536x1152.jpg 1536w, https:\/\/mto-kr.pl\/wp-content\/uploads\/2025\/12\/IMG_20251122_150838980_HDR-2048x1536.jpg 2048w, https:\/\/mto-kr.pl\/wp-content\/uploads\/2025\/12\/IMG_20251122_150838980_HDR-16x12.jpg 16w, https:\/\/mto-kr.pl\/wp-content\/uploads\/2025\/12\/IMG_20251122_150838980_HDR-467x350.jpg 467w, https:\/\/mto-kr.pl\/wp-content\/uploads\/2025\/12\/IMG_20251122_150838980_HDR-150x113.jpg 150w\" sizes=\"auto, (max-width: 920px) 100vw, 920px\" \/><\/a><p id=\"caption-attachment-4774\" class=\"wp-caption-text\">Frekwencja w trakcie Walnego Zgromadzenia Cz\u0142onk\u00f3w MTO nie by\u0142a zadowalaj\u0105ca, ale wybory nowych w\u0142adz Towarzystwa przebieg\u0142y bardzo sprawnie.<\/p><\/div>\n<p style=\"text-align: justify;\">W drugiej cz\u0119\u015bci sesji referatowej pierwszy referat zaprezentowa\u0142a mgr Zuzanna Poch\u0142opie\u0144 z Instytutu Systematyki i Ewolucji Zwierz\u0105t PAN w Krakowie, kt\u00f3ra przedstawi\u0142a bardzo ciekawe wyniki bada\u0144 dotycz\u0105cych \u201eWyst\u0119powania miesza\u0144c\u00f3w dzi\u0119cio\u0142\u00f3w bia\u0142oszyich i du\u017cych w wojew\u00f3dztwie ma\u0142opolskim\u201d. Prezentacja ukaza\u0142a z\u0142o\u017cono\u015b\u0107 zjawiska hybrydyzacji mi\u0119dzy tymi dwoma gatunkami, metody zbierania danych o miesza\u0144cach, w tym na podstawie chwytania i obr\u0105czkowania ptak\u00f3w oraz problemy zwi\u0105zane z identyfikacj\u0105 miesza\u0144c\u00f3w w terenie.<\/p>\n<p style=\"text-align: justify;\">Nast\u0119pnie mgr Stanis\u0142aw Czy\u017c, by\u0142y cz\u0142onek Rady i nowy Prezes MTO, om\u00f3wi\u0142 \u201eProgram poznania i ochrony bociana bia\u0142ego <em>Ciconia ciconia<\/em> w Polsce \u2013 histori\u0119 i tera\u017aniejszo\u015b\u0107\u201d. Wyst\u0105pienie przybli\u017cy\u0142o bardzo ciekawe wyniki monitoringu, w tym monitoringu telemetrycznego przy u\u017cyciu nadajnik\u00f3w GPS\/GSM oraz z akcji obr\u0105czkowania, a tak\u017ce dzia\u0142ania ochronne zwi\u0105zane z odbudow\u0105 i utrzymaniem gniazd, podejmowane we wsp\u00f3\u0142pracy ze wszystkimi du\u017cymi operatorami sieci energetycznych w Polsce (Tauron Dystrybucja S.A., PGE Dystrybucja S.A., Enea Operator, Energa Operator).<\/p>\n<p style=\"text-align: justify;\">Na zako\u0144czenie sobotniej cz\u0119\u015bci Zjazdu mgr Wies\u0142aw Kr\u00f3l w imieniu zespo\u0142u redakcyjnego przedstawi\u0142 prezentacj\u0119 po tytu\u0142em \u201eNa jakim etapie jeste\u015bmy z Atlasem Ptak\u00f3w Polski P\u0142d.-Wsch.?\u201d, podsumowuj\u0105c stan prac nad jednym z kluczowych projekt\u00f3w ornitologicznych MTO w regionie.<\/p>\n\n\t\t<style>\n\t\t\t#gallery-2 {\n\t\t\t\tmargin: auto;\n\t\t\t}\n\t\t\t#gallery-2 .gallery-item {\n\t\t\t\tfloat: left;\n\t\t\t\tmargin-top: 10px;\n\t\t\t\ttext-align: center;\n\t\t\t\twidth: 33%;\n\t\t\t}\n\t\t\t#gallery-2 img {\n\t\t\t\tborder: 2px solid #cfcfcf;\n\t\t\t}\n\t\t\t#gallery-2 .gallery-caption {\n\t\t\t\tmargin-left: 0;\n\t\t\t}\n\t\t\t\/* see gallery_shortcode() in wp-includes\/media.php *\/\n\t\t<\/style>\n\t\t<div id='gallery-2' class='gallery galleryid-4740 gallery-columns-3 gallery-size-medium'><dl class='gallery-item'>\n\t\t\t<dt class='gallery-icon landscape'>\n\t\t\t\t<a href='https:\/\/mto-kr.pl\/wp-content\/uploads\/2025\/12\/IMG_20251122_160302kk.jpg'><img loading=\"lazy\" decoding=\"async\" width=\"300\" height=\"201\" src=\"https:\/\/mto-kr.pl\/wp-content\/uploads\/2025\/12\/IMG_20251122_160302kk-300x201.jpg\" class=\"attachment-medium size-medium\" alt=\"\" srcset=\"https:\/\/mto-kr.pl\/wp-content\/uploads\/2025\/12\/IMG_20251122_160302kk-300x201.jpg 300w, https:\/\/mto-kr.pl\/wp-content\/uploads\/2025\/12\/IMG_20251122_160302kk-1024x687.jpg 1024w, https:\/\/mto-kr.pl\/wp-content\/uploads\/2025\/12\/IMG_20251122_160302kk-768x516.jpg 768w, https:\/\/mto-kr.pl\/wp-content\/uploads\/2025\/12\/IMG_20251122_160302kk-18x12.jpg 18w, https:\/\/mto-kr.pl\/wp-content\/uploads\/2025\/12\/IMG_20251122_160302kk-521x350.jpg 521w, https:\/\/mto-kr.pl\/wp-content\/uploads\/2025\/12\/IMG_20251122_160302kk-150x101.jpg 150w, https:\/\/mto-kr.pl\/wp-content\/uploads\/2025\/12\/IMG_20251122_160302kk.jpg 1500w\" sizes=\"auto, (max-width: 300px) 100vw, 300px\" \/><\/a>\n\t\t\t<\/dt><\/dl><dl class='gallery-item'>\n\t\t\t<dt class='gallery-icon landscape'>\n\t\t\t\t<a href='https:\/\/mto-kr.pl\/wp-content\/uploads\/2025\/12\/IMG_20251122_163533870_HDR-scaled.jpg'><img loading=\"lazy\" decoding=\"async\" width=\"300\" height=\"225\" src=\"https:\/\/mto-kr.pl\/wp-content\/uploads\/2025\/12\/IMG_20251122_163533870_HDR-300x225.jpg\" class=\"attachment-medium size-medium\" alt=\"\" srcset=\"https:\/\/mto-kr.pl\/wp-content\/uploads\/2025\/12\/IMG_20251122_163533870_HDR-300x225.jpg 300w, https:\/\/mto-kr.pl\/wp-content\/uploads\/2025\/12\/IMG_20251122_163533870_HDR-1024x768.jpg 1024w, https:\/\/mto-kr.pl\/wp-content\/uploads\/2025\/12\/IMG_20251122_163533870_HDR-768x576.jpg 768w, https:\/\/mto-kr.pl\/wp-content\/uploads\/2025\/12\/IMG_20251122_163533870_HDR-1536x1152.jpg 1536w, https:\/\/mto-kr.pl\/wp-content\/uploads\/2025\/12\/IMG_20251122_163533870_HDR-2048x1536.jpg 2048w, https:\/\/mto-kr.pl\/wp-content\/uploads\/2025\/12\/IMG_20251122_163533870_HDR-16x12.jpg 16w, https:\/\/mto-kr.pl\/wp-content\/uploads\/2025\/12\/IMG_20251122_163533870_HDR-467x350.jpg 467w, https:\/\/mto-kr.pl\/wp-content\/uploads\/2025\/12\/IMG_20251122_163533870_HDR-150x113.jpg 150w\" sizes=\"auto, (max-width: 300px) 100vw, 300px\" \/><\/a>\n\t\t\t<\/dt><\/dl><dl class='gallery-item'>\n\t\t\t<dt class='gallery-icon landscape'>\n\t\t\t\t<a href='https:\/\/mto-kr.pl\/wp-content\/uploads\/2025\/12\/IMG_20251122_171828kk.jpg'><img loading=\"lazy\" decoding=\"async\" width=\"300\" height=\"204\" src=\"https:\/\/mto-kr.pl\/wp-content\/uploads\/2025\/12\/IMG_20251122_171828kk-300x204.jpg\" class=\"attachment-medium size-medium\" alt=\"\" srcset=\"https:\/\/mto-kr.pl\/wp-content\/uploads\/2025\/12\/IMG_20251122_171828kk-300x204.jpg 300w, https:\/\/mto-kr.pl\/wp-content\/uploads\/2025\/12\/IMG_20251122_171828kk-1024x696.jpg 1024w, https:\/\/mto-kr.pl\/wp-content\/uploads\/2025\/12\/IMG_20251122_171828kk-768x522.jpg 768w, https:\/\/mto-kr.pl\/wp-content\/uploads\/2025\/12\/IMG_20251122_171828kk-18x12.jpg 18w, https:\/\/mto-kr.pl\/wp-content\/uploads\/2025\/12\/IMG_20251122_171828kk-515x350.jpg 515w, https:\/\/mto-kr.pl\/wp-content\/uploads\/2025\/12\/IMG_20251122_171828kk-150x102.jpg 150w, https:\/\/mto-kr.pl\/wp-content\/uploads\/2025\/12\/IMG_20251122_171828kk.jpg 1500w\" sizes=\"auto, (max-width: 300px) 100vw, 300px\" \/><\/a>\n\t\t\t<\/dt><\/dl><br style=\"clear: both\" \/>\n\t\t<\/div>\n\n<p style=\"text-align: justify;\">Po zako\u0144czeniu Zjazdu wi\u0119kszo\u015b\u0107 uczestnik\u00f3w przenios\u0142a si\u0119 na posiady wieczorne do zarezerwowanej karczmy Smil\u2019y przy Mo\u015bcie D\u0119bnickim, gdzie mo\u017cna by\u0142o w mi\u0142ej i lu\u017aniej atmosferze zintegrowa\u0107 si\u0119 i prowadzi\u0107 d\u0142ugie rozmowy do p\u00f3\u017anych godzin wieczornych.<\/p>\n<p style=\"text-align: justify;\">Drugiego dnia odby\u0142a si\u0119 tradycyjnie wycieczka ornitologiczna nad miejski odcinek Wis\u0142y w Krakowie, od<span class=\"x193iq5w xeuugli x13faqbe x1vvkbs x1xmvt09 x1lliihq x1s928wv xhkezso x1gmr53x x1cpjm7i x1fgarty x1943h6x xudqn12 x3x7a5m x6prxxf xvq8zen xo1l8bm xzsf02u x1yc453h\" dir=\"auto\"> uj\u015bcia Rudawy a\u017c do Stopnia D\u0105bie<\/span>. Grup\u0119 poprowadzi\u0142 Miros\u0142aw Nowicki. <span class=\"x193iq5w xeuugli x13faqbe x1vvkbs x1xmvt09 x1lliihq x1s928wv xhkezso x1gmr53x x1cpjm7i x1fgarty x1943h6x xudqn12 x3x7a5m x6prxxf xvq8zen xo1l8bm xzsf02u x1yc453h\" dir=\"auto\">Poranek troch\u0119 zaskoczy\u0142 zimowymi warunkami, szczeg\u00f3lnie ilo\u015bci\u0105 \u015bniegu, ale mimo to frekwencja dopisa\u0142a, poniewa\u017c w punkcie zbi\u00f3rki przy Jubilacie zjawi\u0142o si\u0119 19 os\u00f3b. Stwierdzono \u0142\u0105cznie 22 gatunki, najwi\u0119cej z grupy ptak\u00f3w wodno-b\u0142otnych.\u00a0<\/span><\/p>\n\n\t\t<style>\n\t\t\t#gallery-3 {\n\t\t\t\tmargin: auto;\n\t\t\t}\n\t\t\t#gallery-3 .gallery-item {\n\t\t\t\tfloat: left;\n\t\t\t\tmargin-top: 10px;\n\t\t\t\ttext-align: center;\n\t\t\t\twidth: 100%;\n\t\t\t}\n\t\t\t#gallery-3 img {\n\t\t\t\tborder: 2px solid #cfcfcf;\n\t\t\t}\n\t\t\t#gallery-3 .gallery-caption {\n\t\t\t\tmargin-left: 0;\n\t\t\t}\n\t\t\t\/* see gallery_shortcode() in wp-includes\/media.php *\/\n\t\t<\/style>\n\t\t<div id='gallery-3' class='gallery galleryid-4740 gallery-columns-1 gallery-size-large'><dl class='gallery-item'>\n\t\t\t<dt class='gallery-icon landscape'>\n\t\t\t\t<a href='https:\/\/mto-kr.pl\/wp-content\/uploads\/2025\/12\/IMG20251123093309-scaled.jpg'><img loading=\"lazy\" decoding=\"async\" width=\"920\" height=\"519\" src=\"https:\/\/mto-kr.pl\/wp-content\/uploads\/2025\/12\/IMG20251123093309-1024x578.jpg\" class=\"attachment-large size-large\" alt=\"\" srcset=\"https:\/\/mto-kr.pl\/wp-content\/uploads\/2025\/12\/IMG20251123093309-1024x578.jpg 1024w, https:\/\/mto-kr.pl\/wp-content\/uploads\/2025\/12\/IMG20251123093309-300x169.jpg 300w, https:\/\/mto-kr.pl\/wp-content\/uploads\/2025\/12\/IMG20251123093309-768x433.jpg 768w, https:\/\/mto-kr.pl\/wp-content\/uploads\/2025\/12\/IMG20251123093309-1536x866.jpg 1536w, https:\/\/mto-kr.pl\/wp-content\/uploads\/2025\/12\/IMG20251123093309-2048x1155.jpg 2048w, https:\/\/mto-kr.pl\/wp-content\/uploads\/2025\/12\/IMG20251123093309-18x10.jpg 18w, https:\/\/mto-kr.pl\/wp-content\/uploads\/2025\/12\/IMG20251123093309-621x350.jpg 621w, https:\/\/mto-kr.pl\/wp-content\/uploads\/2025\/12\/IMG20251123093309-150x85.jpg 150w\" sizes=\"auto, (max-width: 920px) 100vw, 920px\" \/><\/a>\n\t\t\t<\/dt><\/dl><br style=\"clear: both\" \/><dl class='gallery-item'>\n\t\t\t<dt class='gallery-icon landscape'>\n\t\t\t\t<a href='https:\/\/mto-kr.pl\/wp-content\/uploads\/2025\/12\/IMG20251123103454-scaled.jpg'><img loading=\"lazy\" decoding=\"async\" width=\"920\" height=\"519\" src=\"https:\/\/mto-kr.pl\/wp-content\/uploads\/2025\/12\/IMG20251123103454-1024x578.jpg\" class=\"attachment-large size-large\" alt=\"\" srcset=\"https:\/\/mto-kr.pl\/wp-content\/uploads\/2025\/12\/IMG20251123103454-1024x578.jpg 1024w, https:\/\/mto-kr.pl\/wp-content\/uploads\/2025\/12\/IMG20251123103454-300x169.jpg 300w, https:\/\/mto-kr.pl\/wp-content\/uploads\/2025\/12\/IMG20251123103454-768x433.jpg 768w, https:\/\/mto-kr.pl\/wp-content\/uploads\/2025\/12\/IMG20251123103454-1536x866.jpg 1536w, https:\/\/mto-kr.pl\/wp-content\/uploads\/2025\/12\/IMG20251123103454-2048x1155.jpg 2048w, https:\/\/mto-kr.pl\/wp-content\/uploads\/2025\/12\/IMG20251123103454-18x10.jpg 18w, https:\/\/mto-kr.pl\/wp-content\/uploads\/2025\/12\/IMG20251123103454-621x350.jpg 621w, https:\/\/mto-kr.pl\/wp-content\/uploads\/2025\/12\/IMG20251123103454-150x85.jpg 150w\" sizes=\"auto, (max-width: 920px) 100vw, 920px\" \/><\/a>\n\t\t\t<\/dt><\/dl><br style=\"clear: both\" \/>\n\t\t<\/div>\n\n<p style=\"text-align: justify;\">W 57. Zje\u017adzie udzia\u0142 wzi\u0119\u0142o \u0142\u0105cznie ok. 80 os\u00f3b, co potwierdza niezmiennie du\u017ce zainteresowanie \u015brodowiska ornitologicznego tym corocznym spotkaniem i podkre\u015bla jego znaczenie dla wymiany wiedzy, prezentacji wynik\u00f3w bada\u0144 oraz integracji pasjonat\u00f3w i profesjonalist\u00f3w.<\/p>\n<p style=\"text-align: justify;\"><strong>Dzi\u0119kujemy wszystkim prelegentom, go\u015bciom i uczestnikom za udzia\u0142 w naszym wydarzeniu i ju\u017c zapraszamy na wiosenny zjazd (szczeg\u00f3\u0142y niebawem)!<\/strong><\/p>","protected":false},"excerpt":{"rendered":"<p>W dniach 22\u201323 listopada 2025 r. w budynku Wydzia\u0142u Hodowli i Biologii Zwierz\u0105t Uniwersytetu Rolniczego w Krakowie odby\u0142 si\u0119 57. Zjazd Ornitolog\u00f3w Polski Po\u0142udniowo-Wschodniej, tradycyjnie zorganizowany przez Ma\u0142opolskie Towarzystwo Ornitologiczne. Podobnie jak w latach poprzednich patronat nad wydarzeniem obj\u0119\u0142a Dziekan Wydzia\u0142u HiBZ UR \u2013 Pani prof. dr hab. Dorota Zi\u0119ba-Przybylska, kt\u00f3rej serdecznie dzi\u0119kujemy za wieloletnie wsparcie naszego cyklicznego spotkania. Po otwarciu Zjazdu i przywitaniu wszystkich zaproszonych go\u015bci, prelegent\u00f3w i uczestnik\u00f3w przez Prezes MTO &#8211; Katarzyn\u0119 Mikici\u0144sk\u0105, uczestnicy wys\u0142uchali corocznego \u201eSprawozdania z prac MTO za 2025 r.\u201d, kt\u00f3re obejmowa\u0142o podsumowanie szeregu r\u00f3\u017cnych dzia\u0142a\u0144 i inicjatyw podejmowanych w ci\u0105gu roku przez cz\u0142onk\u00f3w\u2026 <a class=\"continue-reading-link\" href=\"https:\/\/mto-kr.pl\/en\/2025\/12\/01\/relacja-z-57-zjazdu-ornitologow-polski-poludniowo-wschodniej\/\">Czytaj dalej&#8230;<\/a><\/p>","protected":false},"author":1,"featured_media":4774,"comment_status":"open","ping_status":"open","sticky":false,"template":"","format":"standard","meta":{"_monsterinsights_skip_tracking":false,"footnotes":""},"categories":[4,1],"tags":[],"class_list":["post-4740","post","type-post","status-publish","format-standard","has-post-thumbnail","hentry","category-aktualnosci","category-bez-kategorii"],"_links":{"self":[{"href":"https:\/\/mto-kr.pl\/en\/wp-json\/wp\/v2\/posts\/4740","targetHints":{"allow":["GET"]}}],"collection":[{"href":"https:\/\/mto-kr.pl\/en\/wp-json\/wp\/v2\/posts"}],"about":[{"href":"https:\/\/mto-kr.pl\/en\/wp-json\/wp\/v2\/types\/post"}],"author":[{"embeddable":true,"href":"https:\/\/mto-kr.pl\/en\/wp-json\/wp\/v2\/users\/1"}],"replies":[{"embeddable":true,"href":"https:\/\/mto-kr.pl\/en\/wp-json\/wp\/v2\/comments?post=4740"}],"version-history":[{"count":27,"href":"https:\/\/mto-kr.pl\/en\/wp-json\/wp\/v2\/posts\/4740\/revisions"}],"predecessor-version":[{"id":4835,"href":"https:\/\/mto-kr.pl\/en\/wp-json\/wp\/v2\/posts\/4740\/revisions\/4835"}],"wp:featuredmedia":[{"embeddable":true,"href":"https:\/\/mto-kr.pl\/en\/wp-json\/wp\/v2\/media\/4774"}],"wp:attachment":[{"href":"https:\/\/mto-kr.pl\/en\/wp-json\/wp\/v2\/media?parent=4740"}],"wp:term":[{"taxonomy":"category","embeddable":true,"href":"https:\/\/mto-kr.pl\/en\/wp-json\/wp\/v2\/categories?post=4740"},{"taxonomy":"post_tag","embeddable":true,"href":"https:\/\/mto-kr.pl\/en\/wp-json\/wp\/v2\/tags?post=4740"}],"curies":[{"name":"wp","href":"https:\/\/api.w.org\/{rel}","templated":true}]}}