{"id":4749,"date":"2025-12-01T08:05:01","date_gmt":"2025-12-01T07:05:01","guid":{"rendered":"https:\/\/mto-kr.pl\/wp\/?p=4749"},"modified":"2025-12-01T08:15:07","modified_gmt":"2025-12-01T07:15:07","slug":"44-miedzynarodowe-liczenie-labedzi-czarnodziobych","status":"publish","type":"post","link":"https:\/\/mto-kr.pl\/en\/2025\/12\/01\/44-miedzynarodowe-liczenie-labedzi-czarnodziobych\/","title":{"rendered":"44. Mi\u0119dzynarodowe Liczenie \u0141ab\u0119dzi Czarnodziobych"},"content":{"rendered":"<div class=\"xdj266r x14z9mp xat24cr x1lziwak x1vvkbs x126k92a\">\n<div dir=\"auto\" style=\"text-align: justify;\">\n<p>Zapraszamy do wzi\u0119cia udzia\u0142u w <strong>44 Mi\u0119dzynarodowym Liczeniu \u0141ab\u0119dzi Czarnodziobych<\/strong> koordynowanym przez Swan Specialist Group. Tegoroczne liczenia odb\u0119d\u0105 si\u0119 w dniach <strong>12-15 grudnia 2025<\/strong>, a maj\u0105 one na celu ocen\u0119 populacji zimuj\u0105cej w Europie oraz okre\u015blenie liczby m\u0142odych, co pozwala na ocen\u0119 sukcesu l\u0119gowego.<\/p>\n<p>Od po\u0142owy lat 90. XX w. liczebno\u015b\u0107 zimuj\u0105cych w Europie \u0142ab\u0119dzi czarnodziobych systematycznie maleje. W ci\u0105gu ostatnich 25 lat populacja spad\u0142a z 30 tys. do zaledwie 13 tys. osobnik\u00f3w. Jednym z powod\u00f3w jest niski sukces rozrodczy. W ci\u0105gu ostatnich 15 lat udzia\u0142 m\u0142odych ptak\u00f3w w\u015br\u00f3d zimuj\u0105cych w Europie ptak\u00f3w wynosi\u0142 zaledwie 3,3-13,9%. Jak wida\u0107 na za\u0142\u0105czonym wykresie, w ubieg\u0142ym roku w grudniu stwierdzono najni\u017cszy (3,3%) udzia\u0142 m\u0142odych od 2010 roku. Ze wzgl\u0119du na przesuwanie si\u0119 zimowisk \u0142ab\u0119dzia czarnodziobego w kierunku wschodnim, w Polsce, w grudniu przebywa coraz wi\u0119cej tych ptak\u00f3w. W ostatnich 7 latach ich liczba waha\u0142a si\u0119 od 195 do 1320 os., a udzia\u0142 m\u0142odych ptak\u00f3w wynosi\u0142 6,6-15,9%. G\u0142\u00f3wne miejsca wyst\u0119powania &#8222;bewika&#8221; w okresie zimowym w Polsce to Pomorze, p\u00f3\u0142nocna Wielkopolska, jeziora na pograniczu Kujaw i Wielkopolski, Dolina Baryczy, stawy w dolinie Bzury oraz Stawy Przemkowskie.<\/p>\n<p>Podczas liczenia nale\u017cy zwr\u00f3ci\u0107 szczeg\u00f3ln\u0105 uwag\u0119 na liczb\u0119 m\u0142odych ptak\u00f3w w poszczeg\u00f3lnych rodzinach. Notujemy tak\u017ce rodzaj siedliska, w kt\u00f3rym przebywa\u0142y ptaki. Przy okazji liczymy tak\u017ce \u0142ab\u0119dzie krzykliwe i \u0142ab\u0119dzie nieme.<\/p>\n<p>Zach\u0119camy do odwiedzenia w po\u0142owie grudnia miejsc, gdzie potencjalnie mo\u017cna spotka\u0107 te ptaki w Polsce p\u0142d.-wsch. oraz wpisanie swoich obserwacji do bazy <a href=\"https:\/\/www.ornitho.pl\/index.php?m_id=1\" target=\"_blank\" rel=\"noopener\"><strong>ornitho.pl<\/strong><\/a> lub o przes\u0142anie obserwacji na adres mailowy krajowego koordynatora &#8211; <strong>Przemys\u0142awa Wylega\u0142y<\/strong> &#8211; <a href=\"mailto:przemo@salamandra.org.pl\" target=\"_blank\" rel=\"noopener\"><strong>przemo@salamandra.org.pl<\/strong><\/a><\/p>\n<\/div>\n<\/div>\n<div dir=\"auto\"><\/div>\n<div dir=\"auto\"><a href=\"https:\/\/mto-kr.pl\/wp-content\/uploads\/2025\/12\/591752704_25619545574336883_2040375770412639778_n.jpg\"><img loading=\"lazy\" decoding=\"async\" class=\"aligncenter wp-image-4754 size-large\" src=\"https:\/\/mto-kr.pl\/wp-content\/uploads\/2025\/12\/591752704_25619545574336883_2040375770412639778_n-1024x659.jpg\" alt=\"\" width=\"920\" height=\"592\" srcset=\"https:\/\/mto-kr.pl\/wp-content\/uploads\/2025\/12\/591752704_25619545574336883_2040375770412639778_n-1024x659.jpg 1024w, https:\/\/mto-kr.pl\/wp-content\/uploads\/2025\/12\/591752704_25619545574336883_2040375770412639778_n-300x193.jpg 300w, https:\/\/mto-kr.pl\/wp-content\/uploads\/2025\/12\/591752704_25619545574336883_2040375770412639778_n-768x494.jpg 768w, https:\/\/mto-kr.pl\/wp-content\/uploads\/2025\/12\/591752704_25619545574336883_2040375770412639778_n-1536x988.jpg 1536w, https:\/\/mto-kr.pl\/wp-content\/uploads\/2025\/12\/591752704_25619545574336883_2040375770412639778_n-18x12.jpg 18w, https:\/\/mto-kr.pl\/wp-content\/uploads\/2025\/12\/591752704_25619545574336883_2040375770412639778_n-544x350.jpg 544w, https:\/\/mto-kr.pl\/wp-content\/uploads\/2025\/12\/591752704_25619545574336883_2040375770412639778_n-150x96.jpg 150w, https:\/\/mto-kr.pl\/wp-content\/uploads\/2025\/12\/591752704_25619545574336883_2040375770412639778_n.jpg 2048w\" sizes=\"auto, (max-width: 920px) 100vw, 920px\" \/><\/a><\/div>\n<div dir=\"auto\"><a href=\"https:\/\/mto-kr.pl\/wp-content\/uploads\/2022\/12\/468716450_9121120541272647_2895729280073693493_n.jpg\"><img loading=\"lazy\" decoding=\"async\" class=\"aligncenter wp-image-4114 size-full\" src=\"https:\/\/mto-kr.pl\/wp-content\/uploads\/2022\/12\/468716450_9121120541272647_2895729280073693493_n.jpg\" alt=\"\" width=\"900\" height=\"600\" srcset=\"https:\/\/mto-kr.pl\/wp-content\/uploads\/2022\/12\/468716450_9121120541272647_2895729280073693493_n.jpg 900w, https:\/\/mto-kr.pl\/wp-content\/uploads\/2022\/12\/468716450_9121120541272647_2895729280073693493_n-300x200.jpg 300w, https:\/\/mto-kr.pl\/wp-content\/uploads\/2022\/12\/468716450_9121120541272647_2895729280073693493_n-768x512.jpg 768w, https:\/\/mto-kr.pl\/wp-content\/uploads\/2022\/12\/468716450_9121120541272647_2895729280073693493_n-18x12.jpg 18w, https:\/\/mto-kr.pl\/wp-content\/uploads\/2022\/12\/468716450_9121120541272647_2895729280073693493_n-525x350.jpg 525w, https:\/\/mto-kr.pl\/wp-content\/uploads\/2022\/12\/468716450_9121120541272647_2895729280073693493_n-150x100.jpg 150w\" sizes=\"auto, (max-width: 900px) 100vw, 900px\" \/><\/a><\/div>","protected":false},"excerpt":{"rendered":"<p>Zapraszamy do wzi\u0119cia udzia\u0142u w 44 Mi\u0119dzynarodowym Liczeniu \u0141ab\u0119dzi Czarnodziobych koordynowanym przez Swan Specialist Group. Tegoroczne liczenia odb\u0119d\u0105 si\u0119 w dniach 12-15 grudnia 2025, a maj\u0105 one na celu ocen\u0119 populacji zimuj\u0105cej w Europie oraz okre\u015blenie liczby m\u0142odych, co pozwala na ocen\u0119 sukcesu l\u0119gowego. Od po\u0142owy lat 90. XX w. liczebno\u015b\u0107 zimuj\u0105cych w Europie \u0142ab\u0119dzi czarnodziobych systematycznie maleje. W ci\u0105gu ostatnich 25 lat populacja spad\u0142a z 30 tys. do zaledwie 13 tys. osobnik\u00f3w. Jednym z powod\u00f3w jest niski sukces rozrodczy. W ci\u0105gu ostatnich 15 lat udzia\u0142 m\u0142odych ptak\u00f3w w\u015br\u00f3d zimuj\u0105cych w Europie ptak\u00f3w wynosi\u0142 zaledwie 3,3-13,9%. Jak wida\u0107 na za\u0142\u0105czonym\u2026 <a class=\"continue-reading-link\" href=\"https:\/\/mto-kr.pl\/en\/2025\/12\/01\/44-miedzynarodowe-liczenie-labedzi-czarnodziobych\/\">Czytaj dalej&#8230;<\/a><\/p>","protected":false},"author":1,"featured_media":4113,"comment_status":"open","ping_status":"open","sticky":false,"template":"","format":"standard","meta":{"_monsterinsights_skip_tracking":false,"footnotes":""},"categories":[4,1],"tags":[],"class_list":["post-4749","post","type-post","status-publish","format-standard","has-post-thumbnail","hentry","category-aktualnosci","category-bez-kategorii"],"_links":{"self":[{"href":"https:\/\/mto-kr.pl\/en\/wp-json\/wp\/v2\/posts\/4749","targetHints":{"allow":["GET"]}}],"collection":[{"href":"https:\/\/mto-kr.pl\/en\/wp-json\/wp\/v2\/posts"}],"about":[{"href":"https:\/\/mto-kr.pl\/en\/wp-json\/wp\/v2\/types\/post"}],"author":[{"embeddable":true,"href":"https:\/\/mto-kr.pl\/en\/wp-json\/wp\/v2\/users\/1"}],"replies":[{"embeddable":true,"href":"https:\/\/mto-kr.pl\/en\/wp-json\/wp\/v2\/comments?post=4749"}],"version-history":[{"count":9,"href":"https:\/\/mto-kr.pl\/en\/wp-json\/wp\/v2\/posts\/4749\/revisions"}],"predecessor-version":[{"id":4762,"href":"https:\/\/mto-kr.pl\/en\/wp-json\/wp\/v2\/posts\/4749\/revisions\/4762"}],"wp:featuredmedia":[{"embeddable":true,"href":"https:\/\/mto-kr.pl\/en\/wp-json\/wp\/v2\/media\/4113"}],"wp:attachment":[{"href":"https:\/\/mto-kr.pl\/en\/wp-json\/wp\/v2\/media?parent=4749"}],"wp:term":[{"taxonomy":"category","embeddable":true,"href":"https:\/\/mto-kr.pl\/en\/wp-json\/wp\/v2\/categories?post=4749"},{"taxonomy":"post_tag","embeddable":true,"href":"https:\/\/mto-kr.pl\/en\/wp-json\/wp\/v2\/tags?post=4749"}],"curies":[{"name":"wp","href":"https:\/\/api.w.org\/{rel}","templated":true}]}}