{"id":480,"date":"2018-01-24T20:28:04","date_gmt":"2018-01-24T19:28:04","guid":{"rendered":"https:\/\/mto-kr.pl\/?p=480"},"modified":"2018-01-25T20:40:26","modified_gmt":"2018-01-25T19:40:26","slug":"zapraszamy-na-spacer-po-miejskim-odcinku-wisly-w-krakowie","status":"publish","type":"post","link":"https:\/\/mto-kr.pl\/en\/2018\/01\/24\/zapraszamy-na-spacer-po-miejskim-odcinku-wisly-w-krakowie\/","title":{"rendered":"Zapraszamy na spacer po miejskim odcinku Wis\u0142y w Krakowie"},"content":{"rendered":"<p style=\"text-align: justify;\"><strong><a href=\"https:\/\/mto-kr.pl\/wp-content\/uploads\/2018\/01\/\u0141ab\u0119d\u017a-krzykliwy-Cygnus-cygnus.jpg\"><img loading=\"lazy\" decoding=\"async\" class=\"alignleft size-medium wp-image-483\" src=\"https:\/\/mto-kr.pl\/wp-content\/uploads\/2018\/01\/\u0141ab\u0119d\u017a-krzykliwy-Cygnus-cygnus-300x200.jpg\" alt=\"\u0141ab\u0119d\u017a krzykliwy (fot. J. Wyka)\" width=\"300\" height=\"200\" srcset=\"https:\/\/mto-kr.pl\/wp-content\/uploads\/2018\/01\/\u0141ab\u0119d\u017a-krzykliwy-Cygnus-cygnus-300x200.jpg 300w, https:\/\/mto-kr.pl\/wp-content\/uploads\/2018\/01\/\u0141ab\u0119d\u017a-krzykliwy-Cygnus-cygnus-768x512.jpg 768w, https:\/\/mto-kr.pl\/wp-content\/uploads\/2018\/01\/\u0141ab\u0119d\u017a-krzykliwy-Cygnus-cygnus-1024x683.jpg 1024w, https:\/\/mto-kr.pl\/wp-content\/uploads\/2018\/01\/\u0141ab\u0119d\u017a-krzykliwy-Cygnus-cygnus-525x350.jpg 525w, https:\/\/mto-kr.pl\/wp-content\/uploads\/2018\/01\/\u0141ab\u0119d\u017a-krzykliwy-Cygnus-cygnus-150x100.jpg 150w, https:\/\/mto-kr.pl\/wp-content\/uploads\/2018\/01\/\u0141ab\u0119d\u017a-krzykliwy-Cygnus-cygnus.jpg 1200w\" sizes=\"auto, (max-width: 300px) 100vw, 300px\" \/><\/a>Ma\u0142opolskie Towarzystwo Ornitologiczne serdecznie zaprasza na kolejn\u0105 zimow\u0105 wycieczk\u0119. W nadchodz\u0105c\u0105 sobot\u0119 27 stycznia w\u0119drowa\u0107 b\u0119dziemy miejskim odcinkiem rzeki Wis\u0142y w Krakowie.<\/strong><\/p>\n<p style=\"text-align: justify;\">Wycieczka rozpocznie si\u0119 o godzinie 9:30 i potrwa oko\u0142o 3 godzin. Prowadzi\u0107 j\u0105 b\u0119dzie pan Bogus\u0142aw Czerwi\u0144ski. Trasa prowadzi\u0107 b\u0119dzie od Mostu D\u0119bnickiego, do stopnia wodnego D\u0105bie. Uczestnicy b\u0119d\u0105 spacerowa\u0107 chodnikiem, wzd\u0142u\u017c rzeki &#8211; spacer jest wi\u0119c dostosowany do tego, by mog\u0142y w nim uczestniczy\u0107 ca\u0142e rodziny, r\u00f3wnie\u017c dzieci w w\u00f3zkach. Oby tylko aura dopisa\u0142a!<\/p>\n<p style=\"text-align: justify;\">Podczas zimy na miejskim odcinku Wis\u0142y w Krakowie pojawia si\u0119 spora grupa ptak\u00f3w. Miejsce pod Wawelem jest regularnym zimowiskiem dla licznej grupy \u0142ab\u0119dzi niemych, kt\u00f3re kilka razy w ci\u0105gu zimy s\u0105 tutaj obr\u0105czkowane. Opr\u00f3cz pospolitych ptak\u00f3w jak krzy\u017c\u00f3wka, \u0142yska czy mewa \u015bmieszka, nad Wis\u0142\u0105 mo\u017cna spotka\u0107 te\u017c o wiele rzadsze gatunki.<\/p>\n<p style=\"text-align: justify;\">Do niecodziennie spotykanych gatunk\u00f3w, kt\u00f3re w okresie zimowym pojawia\u0142y si\u0119 na miejskim odcinku Wis\u0142y w Krakowie, nale\u017c\u0105 m.in. \u0142ab\u0119d\u017a krzykliwy (na zdj\u0119ciu), bielaczek, mewa siod\u0142ata, sterniczka czy markaczka. Lista jest bardzo d\u0142uga i nie spos\u00f3b wymieni\u0107 tu wszystkich gatunk\u00f3w.<\/p>\n<p>Serdecznie zapraszamy do udzia\u0142u w wycieczce!<\/p>\n<p style=\"text-align: right;\"><em>Jakub Wyka<\/em><\/p>","protected":false},"excerpt":{"rendered":"<p>Ma\u0142opolskie Towarzystwo Ornitologiczne serdecznie zaprasza na kolejn\u0105 zimow\u0105 wycieczk\u0119. W nadchodz\u0105c\u0105 sobot\u0119 27 stycznia w\u0119drowa\u0107 b\u0119dziemy miejskim odcinkiem rzeki Wis\u0142y w Krakowie. Wycieczka rozpocznie si\u0119 o godzinie 9:30 i potrwa oko\u0142o 3 godzin. Prowadzi\u0107 j\u0105 b\u0119dzie pan Bogus\u0142aw Czerwi\u0144ski. Trasa prowadzi\u0107 b\u0119dzie od Mostu D\u0119bnickiego, do stopnia wodnego D\u0105bie. Uczestnicy b\u0119d\u0105 spacerowa\u0107 chodnikiem, wzd\u0142u\u017c rzeki &#8211; spacer jest wi\u0119c dostosowany do tego, by mog\u0142y w nim uczestniczy\u0107 ca\u0142e rodziny, r\u00f3wnie\u017c dzieci w w\u00f3zkach. Oby tylko aura dopisa\u0142a! Podczas zimy na miejskim odcinku Wis\u0142y w Krakowie pojawia si\u0119 spora grupa ptak\u00f3w. Miejsce pod Wawelem jest regularnym zimowiskiem dla licznej grupy \u0142ab\u0119dzi\u2026 <a class=\"continue-reading-link\" href=\"https:\/\/mto-kr.pl\/en\/2018\/01\/24\/zapraszamy-na-spacer-po-miejskim-odcinku-wisly-w-krakowie\/\">Czytaj dalej&#8230;<\/a><\/p>","protected":false},"author":1,"featured_media":483,"comment_status":"closed","ping_status":"open","sticky":false,"template":"","format":"standard","meta":{"_monsterinsights_skip_tracking":false,"footnotes":""},"categories":[4],"tags":[],"class_list":["post-480","post","type-post","status-publish","format-standard","has-post-thumbnail","hentry","category-aktualnosci"],"_links":{"self":[{"href":"https:\/\/mto-kr.pl\/en\/wp-json\/wp\/v2\/posts\/480","targetHints":{"allow":["GET"]}}],"collection":[{"href":"https:\/\/mto-kr.pl\/en\/wp-json\/wp\/v2\/posts"}],"about":[{"href":"https:\/\/mto-kr.pl\/en\/wp-json\/wp\/v2\/types\/post"}],"author":[{"embeddable":true,"href":"https:\/\/mto-kr.pl\/en\/wp-json\/wp\/v2\/users\/1"}],"replies":[{"embeddable":true,"href":"https:\/\/mto-kr.pl\/en\/wp-json\/wp\/v2\/comments?post=480"}],"version-history":[{"count":2,"href":"https:\/\/mto-kr.pl\/en\/wp-json\/wp\/v2\/posts\/480\/revisions"}],"predecessor-version":[{"id":484,"href":"https:\/\/mto-kr.pl\/en\/wp-json\/wp\/v2\/posts\/480\/revisions\/484"}],"wp:featuredmedia":[{"embeddable":true,"href":"https:\/\/mto-kr.pl\/en\/wp-json\/wp\/v2\/media\/483"}],"wp:attachment":[{"href":"https:\/\/mto-kr.pl\/en\/wp-json\/wp\/v2\/media?parent=480"}],"wp:term":[{"taxonomy":"category","embeddable":true,"href":"https:\/\/mto-kr.pl\/en\/wp-json\/wp\/v2\/categories?post=480"},{"taxonomy":"post_tag","embeddable":true,"href":"https:\/\/mto-kr.pl\/en\/wp-json\/wp\/v2\/tags?post=480"}],"curies":[{"name":"wp","href":"https:\/\/api.w.org\/{rel}","templated":true}]}}