{"id":4852,"date":"2025-12-31T14:59:17","date_gmt":"2025-12-31T13:59:17","guid":{"rendered":"https:\/\/mto-kr.pl\/wp\/?p=4852"},"modified":"2026-01-07T08:14:27","modified_gmt":"2026-01-07T07:14:27","slug":"miedzynarodowe-liczenie-labedzi-krzykliwych-i-czarnodziobych","status":"publish","type":"post","link":"https:\/\/mto-kr.pl\/en\/2025\/12\/31\/miedzynarodowe-liczenie-labedzi-krzykliwych-i-czarnodziobych\/","title":{"rendered":"Mi\u0119dzynarodowe liczenie \u0142ab\u0119dzi krzykliwych i czarnodziobych"},"content":{"rendered":"<div class=\"x14z9mp xat24cr x1lziwak x1vvkbs xtlvy1s x126k92a\">\n<div dir=\"auto\" style=\"text-align: justify;\">\n<p>Raz na 5 lat podczas Mi\u0119dzynarodowego Liczenia Ptak\u00f3w Wodnych przeprowadzany jest w Europie spis \u0142ab\u0119dzia czarnodziobego (<em>Cygnus columbianus<\/em>) i \u0142ab\u0119dzia krzykliwego (<em>Cygnus cygnus<\/em>), koordynowany przez Grup\u0119 Specjalist\u00f3w ds. \u0141ab\u0119dzi IUCN.<\/p>\n<p>Najbli\u017csze liczenie odb\u0119dzie w weekend <strong>17-18 stycznia 2026 r.<\/strong> Liczenie jest kontynuacj\u0105 ostatniego mi\u0119dzynarodowego spisu z 2020 r. (procedura zosta\u0142a zmieniona, z co pi\u0119\u0107 lat, na co sze\u015b\u0107 lat).<\/p>\n<\/div>\n<div dir=\"auto\" style=\"text-align: justify;\">\n<p>Oba gatunki \u0142ab\u0119dzi wykazuj\u0105 odmienne trendy. Populacja \u0142ab\u0119dzi krzykliwych ro\u015bnie i w 2020 roku w Europie zimowa\u0142o ponad 140 000 ptak\u00f3w natomiast silnie zagro\u017cony \u0142ab\u0119d\u017a czarnodzioby systematycznie zmniejsza liczebno\u015b\u0107. Pomi\u0119dzy rokiem 1995, a 2020 liczebno\u015b\u0107 tego gatunku spad\u0142a o ponad 56%, a w ostatnich latach populacja kurczy si\u0119 w tempie 8,5% rocznie. Systematyczne liczenia na zimowiskach w Europie pozwalaj\u0105 na zebranie informacji o stanie populacji, sukcesie rozrodczym oraz zajmowanych siedliskach.<\/p>\n<p>Podczas liczenia nale\u017cy zwr\u00f3ci\u0107 szczeg\u00f3ln\u0105 uwag\u0119 na liczb\u0119 m\u0142odych ptak\u00f3w w poszczeg\u00f3lnych rodzinach. Notujemy tak\u017ce rodzaj siedliska, w kt\u00f3rym przebywa\u0142y ptaki.<\/p>\n<p>Zach\u0119camy do odwiedzenia w po\u0142owie stycznia wszystkich miejsc w regionie Polski p\u0142d.-wsch., gdzie mo\u017cna zaobserwowa\u0107 te ptaki oraz wpisanie swoich obserwacji do bazy <a href=\"https:\/\/www.ornitho.pl\/index.php?m_id=1\" target=\"_blank\" rel=\"noopener\"><strong>ornitho.pl<\/strong><\/a> lub o przes\u0142anie danych obserwacji na adres mailowy koordynatora krajowego &#8211;\u00a0<strong>Przemys\u0142awa Wylega\u0142y<\/strong> &#8211; <a href=\"mailto:przemo@salamandra.org.pl\" target=\"_blank\" rel=\"noopener\"><strong>przemo@salamandra.org.pl<\/strong><\/a><\/p>\n<\/div>\n<\/div>\n<div dir=\"auto\"><a href=\"https:\/\/mto-kr.pl\/wp-content\/uploads\/2025\/12\/605740364_25862276700063768_6185565911492177832_n.jpg\"><img loading=\"lazy\" decoding=\"async\" class=\"aligncenter wp-image-4854 size-large\" src=\"https:\/\/mto-kr.pl\/wp-content\/uploads\/2025\/12\/605740364_25862276700063768_6185565911492177832_n-1024x551.jpg\" alt=\"\" width=\"920\" height=\"495\" srcset=\"https:\/\/mto-kr.pl\/wp-content\/uploads\/2025\/12\/605740364_25862276700063768_6185565911492177832_n-1024x551.jpg 1024w, https:\/\/mto-kr.pl\/wp-content\/uploads\/2025\/12\/605740364_25862276700063768_6185565911492177832_n-300x161.jpg 300w, https:\/\/mto-kr.pl\/wp-content\/uploads\/2025\/12\/605740364_25862276700063768_6185565911492177832_n-768x413.jpg 768w, https:\/\/mto-kr.pl\/wp-content\/uploads\/2025\/12\/605740364_25862276700063768_6185565911492177832_n-1536x826.jpg 1536w, https:\/\/mto-kr.pl\/wp-content\/uploads\/2025\/12\/605740364_25862276700063768_6185565911492177832_n-18x10.jpg 18w, https:\/\/mto-kr.pl\/wp-content\/uploads\/2025\/12\/605740364_25862276700063768_6185565911492177832_n-651x350.jpg 651w, https:\/\/mto-kr.pl\/wp-content\/uploads\/2025\/12\/605740364_25862276700063768_6185565911492177832_n-150x81.jpg 150w, https:\/\/mto-kr.pl\/wp-content\/uploads\/2025\/12\/605740364_25862276700063768_6185565911492177832_n.jpg 2048w\" sizes=\"auto, (max-width: 920px) 100vw, 920px\" \/><\/a><\/div>","protected":false},"excerpt":{"rendered":"<p>Raz na 5 lat podczas Mi\u0119dzynarodowego Liczenia Ptak\u00f3w Wodnych przeprowadzany jest w Europie spis \u0142ab\u0119dzia czarnodziobego (Cygnus columbianus) i \u0142ab\u0119dzia krzykliwego (Cygnus cygnus), koordynowany przez Grup\u0119 Specjalist\u00f3w ds. \u0141ab\u0119dzi IUCN. Najbli\u017csze liczenie odb\u0119dzie w weekend 17-18 stycznia 2026 r. Liczenie jest kontynuacj\u0105 ostatniego mi\u0119dzynarodowego spisu z 2020 r. (procedura zosta\u0142a zmieniona, z co pi\u0119\u0107 lat, na co sze\u015b\u0107 lat). Oba gatunki \u0142ab\u0119dzi wykazuj\u0105 odmienne trendy. Populacja \u0142ab\u0119dzi krzykliwych ro\u015bnie i w 2020 roku w Europie zimowa\u0142o ponad 140 000 ptak\u00f3w natomiast silnie zagro\u017cony \u0142ab\u0119d\u017a czarnodzioby systematycznie zmniejsza liczebno\u015b\u0107. Pomi\u0119dzy rokiem 1995, a 2020 liczebno\u015b\u0107 tego gatunku spad\u0142a o ponad 56%,\u2026 <a class=\"continue-reading-link\" href=\"https:\/\/mto-kr.pl\/en\/2025\/12\/31\/miedzynarodowe-liczenie-labedzi-krzykliwych-i-czarnodziobych\/\">Czytaj dalej&#8230;<\/a><\/p>","protected":false},"author":1,"featured_media":4854,"comment_status":"open","ping_status":"open","sticky":false,"template":"","format":"standard","meta":{"_monsterinsights_skip_tracking":false,"footnotes":""},"categories":[4,1],"tags":[],"class_list":["post-4852","post","type-post","status-publish","format-standard","has-post-thumbnail","hentry","category-aktualnosci","category-bez-kategorii"],"_links":{"self":[{"href":"https:\/\/mto-kr.pl\/en\/wp-json\/wp\/v2\/posts\/4852","targetHints":{"allow":["GET"]}}],"collection":[{"href":"https:\/\/mto-kr.pl\/en\/wp-json\/wp\/v2\/posts"}],"about":[{"href":"https:\/\/mto-kr.pl\/en\/wp-json\/wp\/v2\/types\/post"}],"author":[{"embeddable":true,"href":"https:\/\/mto-kr.pl\/en\/wp-json\/wp\/v2\/users\/1"}],"replies":[{"embeddable":true,"href":"https:\/\/mto-kr.pl\/en\/wp-json\/wp\/v2\/comments?post=4852"}],"version-history":[{"count":6,"href":"https:\/\/mto-kr.pl\/en\/wp-json\/wp\/v2\/posts\/4852\/revisions"}],"predecessor-version":[{"id":4856,"href":"https:\/\/mto-kr.pl\/en\/wp-json\/wp\/v2\/posts\/4852\/revisions\/4856"}],"wp:featuredmedia":[{"embeddable":true,"href":"https:\/\/mto-kr.pl\/en\/wp-json\/wp\/v2\/media\/4854"}],"wp:attachment":[{"href":"https:\/\/mto-kr.pl\/en\/wp-json\/wp\/v2\/media?parent=4852"}],"wp:term":[{"taxonomy":"category","embeddable":true,"href":"https:\/\/mto-kr.pl\/en\/wp-json\/wp\/v2\/categories?post=4852"},{"taxonomy":"post_tag","embeddable":true,"href":"https:\/\/mto-kr.pl\/en\/wp-json\/wp\/v2\/tags?post=4852"}],"curies":[{"name":"wp","href":"https:\/\/api.w.org\/{rel}","templated":true}]}}