{"id":4868,"date":"2026-02-06T20:46:37","date_gmt":"2026-02-06T19:46:37","guid":{"rendered":"https:\/\/mto-kr.pl\/wp\/?p=4868"},"modified":"2026-02-06T20:49:27","modified_gmt":"2026-02-06T19:49:27","slug":"zmarl-wlodzimierz-cichocki-ceniony-i-zasluzony-ornitolog","status":"publish","type":"post","link":"https:\/\/mto-kr.pl\/en\/2026\/02\/06\/zmarl-wlodzimierz-cichocki-ceniony-i-zasluzony-ornitolog\/","title":{"rendered":"Zmar\u0142 W\u0142odzimierz Cichocki &#8211; ceniony i zas\u0142u\u017cony ornitolog"},"content":{"rendered":"<div class=\"html-div xdj266r x14z9mp xat24cr x1lziwak xexx8yu xyri2b x18d9i69 x1c1uobl\" dir=\"auto\">\n<div class=\"html-div xdj266r x14z9mp xat24cr x1lziwak xexx8yu xyri2b x18d9i69 x1c1uobl\" data-ad-rendering-role=\"story_message\">\n<div class=\"x1l90r2v x1iorvi4 x1g0dm76 xpdmqnj\" data-ad-comet-preview=\"message\" data-ad-preview=\"message\">\n<div class=\"x78zum5 xdt5ytf xz62fqu x16ldp7u\">\n<div class=\"xu06os2 x1ok221b\">\n<div class=\"html-div xdj266r x14z9mp xat24cr x1lziwak xexx8yu xyri2b x18d9i69 x1c1uobl\">\n<div class=\"xdj266r x14z9mp xat24cr x1lziwak x1vvkbs x126k92a\">\n<div dir=\"auto\">\n<p style=\"text-align: justify;\">Z g\u0142\u0119bokim smutkiem przyj\u0119li\u015bmy wiadomo\u015b\u0107 o \u015bmierci naszego wieloletniego wsp\u00f3\u0142pracownika i sympatyka Ma\u0142opolskiego Towarzystwa Ornitologicznego &#8211; <strong>W\u0142odzimierza Cichockiego<\/strong>. By\u0142 autorem wielu tekst\u00f3w gatunkowych w dw\u00f3ch pierwszych monografiach regionalnych &#8211; &#8222;<em>Atlasie Ptak\u00f3w L\u0119gowych Ma\u0142opolski 1985-1991<\/em>&#8221; oraz &#8222;<em>Atlasie ptak\u00f3w zimuj\u0105cych Ma\u0142opolski<\/em>&#8222;, wydanych przez nasze Towarzystwo pod koniec XX wieku. Kolega W\u0142odzimierz by\u0142 te\u017c autorem ponad 100 publikacji naukowych i popularnonaukowych dotycz\u0105cych ptak\u00f3w i przyrody Tatr oraz Torfowisk Orawsko-Nowotarskich (m.in.<span class=\"x193iq5w xeuugli x13faqbe x1vvkbs x1xmvt09 x1lliihq x1s928wv xhkezso x1gmr53x x1cpjm7i x1fgarty x1943h6x xudqn12 x3x7a5m x6prxxf xvq8zen xo1l8bm xzsf02u x1yc453h\" dir=\"auto\"> &#8222;<em>Ptaki Tatr i Podtatrza<\/em>&#8222;, &#8222;<span dir=\"auto\"><em>Ochrona Tatr w obliczu zagro\u017ce\u0144<\/em>&#8222;<\/span>)<\/span>, a tak\u017ce wsp\u00f3\u0142autorem dw\u00f3ch wa\u017cnych opracowa\u0144 naukowych &#8211; &#8222;<em>Polskiego nazewnictwa ptak\u00f3w \u015bwiata<\/em>&#8221; oraz &#8222;<em>Polskiego nazewnictwa ssak\u00f3w \u015bwiata<\/em>&#8222;. <span class=\"x193iq5w xeuugli x13faqbe x1vvkbs x1xmvt09 x1lliihq x1s928wv xhkezso x1gmr53x x1cpjm7i x1fgarty x1943h6x xudqn12 x3x7a5m x6prxxf xvq8zen xo1l8bm xzsf02u x1yc453h\" dir=\"auto\">Jest wsp\u00f3\u0142tw\u00f3rc\u0105 dw\u00f3ch bardzo znanych i dzisiaj pr\u0119\u017cnie dzia\u0142aj\u0105cych organizacji eksperckich zajmuj\u0105cych si\u0119 ochron\u0105 ptak\u00f3w w Polsce &#8211; Komitetu Ochrony Or\u0142\u00f3w oraz Komitetu Ochrony Kurak\u00f3w. Dzia\u0142a\u0142 r\u00f3wnie pr\u0119\u017cnie na polu patriotycznym w okresie komunistycznym, b\u0119d\u0105c bardzo zaanga\u017cowanym dzia\u0142aczem Solidarno\u015bci w Zakopanem.<\/span><\/p>\n<p style=\"text-align: justify;\">Rodzinie sk\u0142adamy najszczersze wyrazy wsp\u00f3\u0142czucia i otuchy w tym trudnym czasie.<\/p>\n<p style=\"text-align: justify;\">Prezes wraz z Rad\u0105 MTO<\/p>\n<p>&nbsp;<\/p>\n<p><a href=\"https:\/\/mto-kr.pl\/wp-content\/uploads\/2026\/02\/626414122_1311750477655134_7579313285306885325_n.jpg\"><img loading=\"lazy\" decoding=\"async\" class=\"aligncenter wp-image-4871 size-large\" src=\"https:\/\/mto-kr.pl\/wp-content\/uploads\/2026\/02\/626414122_1311750477655134_7579313285306885325_n-768x1024.jpg\" alt=\"\" width=\"768\" height=\"1024\" srcset=\"https:\/\/mto-kr.pl\/wp-content\/uploads\/2026\/02\/626414122_1311750477655134_7579313285306885325_n-768x1024.jpg 768w, https:\/\/mto-kr.pl\/wp-content\/uploads\/2026\/02\/626414122_1311750477655134_7579313285306885325_n-225x300.jpg 225w, https:\/\/mto-kr.pl\/wp-content\/uploads\/2026\/02\/626414122_1311750477655134_7579313285306885325_n-9x12.jpg 9w, https:\/\/mto-kr.pl\/wp-content\/uploads\/2026\/02\/626414122_1311750477655134_7579313285306885325_n-263x350.jpg 263w, https:\/\/mto-kr.pl\/wp-content\/uploads\/2026\/02\/626414122_1311750477655134_7579313285306885325_n-113x150.jpg 113w, https:\/\/mto-kr.pl\/wp-content\/uploads\/2026\/02\/626414122_1311750477655134_7579313285306885325_n.jpg 1140w\" sizes=\"auto, (max-width: 768px) 100vw, 768px\" \/><\/a><\/p>\n<\/div>\n<\/div>\n<\/div>\n<\/div>\n<\/div>\n<\/div>\n<\/div>\n<\/div>","protected":false},"excerpt":{"rendered":"<p>Z g\u0142\u0119bokim smutkiem przyj\u0119li\u015bmy wiadomo\u015b\u0107 o \u015bmierci naszego wieloletniego wsp\u00f3\u0142pracownika i sympatyka Ma\u0142opolskiego Towarzystwa Ornitologicznego &#8211; W\u0142odzimierza Cichockiego. By\u0142 autorem wielu tekst\u00f3w gatunkowych w dw\u00f3ch pierwszych monografiach regionalnych &#8211; &#8222;Atlasie Ptak\u00f3w L\u0119gowych Ma\u0142opolski 1985-1991&#8221; oraz &#8222;Atlasie ptak\u00f3w zimuj\u0105cych Ma\u0142opolski&#8222;, wydanych przez nasze Towarzystwo pod koniec XX wieku. Kolega W\u0142odzimierz by\u0142 te\u017c autorem ponad 100 publikacji naukowych i popularnonaukowych dotycz\u0105cych ptak\u00f3w i przyrody Tatr oraz Torfowisk Orawsko-Nowotarskich (m.in. &#8222;Ptaki Tatr i Podtatrza&#8222;, &#8222;Ochrona Tatr w obliczu zagro\u017ce\u0144&#8222;), a tak\u017ce wsp\u00f3\u0142autorem dw\u00f3ch wa\u017cnych opracowa\u0144 naukowych &#8211; &#8222;Polskiego nazewnictwa ptak\u00f3w \u015bwiata&#8221; oraz &#8222;Polskiego nazewnictwa ssak\u00f3w \u015bwiata&#8222;. Jest wsp\u00f3\u0142tw\u00f3rc\u0105 dw\u00f3ch bardzo znanych i dzisiaj\u2026 <a class=\"continue-reading-link\" href=\"https:\/\/mto-kr.pl\/en\/2026\/02\/06\/zmarl-wlodzimierz-cichocki-ceniony-i-zasluzony-ornitolog\/\">Czytaj dalej&#8230;<\/a><\/p>","protected":false},"author":1,"featured_media":4876,"comment_status":"open","ping_status":"open","sticky":false,"template":"","format":"standard","meta":{"_monsterinsights_skip_tracking":false,"footnotes":""},"categories":[4,1],"tags":[],"class_list":["post-4868","post","type-post","status-publish","format-standard","has-post-thumbnail","hentry","category-aktualnosci","category-bez-kategorii"],"_links":{"self":[{"href":"https:\/\/mto-kr.pl\/en\/wp-json\/wp\/v2\/posts\/4868","targetHints":{"allow":["GET"]}}],"collection":[{"href":"https:\/\/mto-kr.pl\/en\/wp-json\/wp\/v2\/posts"}],"about":[{"href":"https:\/\/mto-kr.pl\/en\/wp-json\/wp\/v2\/types\/post"}],"author":[{"embeddable":true,"href":"https:\/\/mto-kr.pl\/en\/wp-json\/wp\/v2\/users\/1"}],"replies":[{"embeddable":true,"href":"https:\/\/mto-kr.pl\/en\/wp-json\/wp\/v2\/comments?post=4868"}],"version-history":[{"count":6,"href":"https:\/\/mto-kr.pl\/en\/wp-json\/wp\/v2\/posts\/4868\/revisions"}],"predecessor-version":[{"id":4875,"href":"https:\/\/mto-kr.pl\/en\/wp-json\/wp\/v2\/posts\/4868\/revisions\/4875"}],"wp:featuredmedia":[{"embeddable":true,"href":"https:\/\/mto-kr.pl\/en\/wp-json\/wp\/v2\/media\/4876"}],"wp:attachment":[{"href":"https:\/\/mto-kr.pl\/en\/wp-json\/wp\/v2\/media?parent=4868"}],"wp:term":[{"taxonomy":"category","embeddable":true,"href":"https:\/\/mto-kr.pl\/en\/wp-json\/wp\/v2\/categories?post=4868"},{"taxonomy":"post_tag","embeddable":true,"href":"https:\/\/mto-kr.pl\/en\/wp-json\/wp\/v2\/tags?post=4868"}],"curies":[{"name":"wp","href":"https:\/\/api.w.org\/{rel}","templated":true}]}}