{"id":4877,"date":"2026-02-20T15:30:41","date_gmt":"2026-02-20T14:30:41","guid":{"rendered":"https:\/\/mto-kr.pl\/wp\/?p=4877"},"modified":"2026-02-20T15:31:49","modified_gmt":"2026-02-20T14:31:49","slug":"o-mto-w-mediach","status":"publish","type":"post","link":"https:\/\/mto-kr.pl\/en\/2026\/02\/20\/o-mto-w-mediach\/","title":{"rendered":"O MTO W MEDIACH!!!"},"content":{"rendered":"<div class=\"html-div xdj266r x14z9mp xat24cr x1lziwak xexx8yu xyri2b x18d9i69 x1c1uobl\" dir=\"auto\">\n<div class=\"html-div xdj266r x14z9mp xat24cr x1lziwak xexx8yu xyri2b x18d9i69 x1c1uobl\" data-ad-rendering-role=\"story_message\">\n<div class=\"html-div xdj266r x14z9mp xat24cr x1lziwak x1l90r2v xpdmqnj x1g0dm76 x1iorvi4\">\n<div class=\"html-div xdj266r x14z9mp xat24cr x1lziwak xexx8yu xyri2b x18d9i69 x1c1uobl\" tabindex=\"-1\">\n<div class=\"html-div xdj266r x14z9mp x1lziwak xexx8yu xyri2b x18d9i69 x1c1uobl x1e56ztr\" style=\"text-align: justify;\">\n<p><span class=\"x193iq5w xeuugli x13faqbe x1vvkbs x1xmvt09 x6prxxf xvq8zen xo1l8bm xzsf02u\">Tajemnice krukowatych pozwala\u0142 zg\u0142\u0119bi\u0107 radios\u0142uchaczom Radia Krak\u00f3w cz\u0142onek MTO &#8211; <span class=\"html-span xdj266r x14z9mp xat24cr x1lziwak xexx8yu xyri2b x18d9i69 x1c1uobl x1hl2dhg x16tdsg8 x1vvkbs\"><strong class=\"html-strong xdj266r x14z9mp xat24cr x1lziwak xexx8yu xyri2b x18d9i69 x1c1uobl x1hl2dhg x16tdsg8 x1vvkbs x1s688f\">Miros\u0142aw Kata <\/strong><\/span>w trakcie cyklicznej audycji &#8222;Przed hejna\u0142em&#8221; w dniu 12.02.2026, prowadzonej przez redaktor &#8211; Ann\u0119 Piekarczyk. By\u0142o te\u017c o spacerach ornitologicznych organizowanych przez nas. Ca\u0142o\u015b\u0107 audycji mo\u017cecie ods\u0142ucha\u0107 pod tym linkiem &#8211; <a href=\"https:\/\/tiny.pl\/sk19826zn\"><strong>https:\/\/tiny.pl\/sk19826zn<\/strong><\/a><\/span><\/p>\n<\/div>\n<\/div>\n<div class=\"html-div xdj266r x14z9mp xat24cr x1lziwak xexx8yu xyri2b x18d9i69 x1c1uobl\" tabindex=\"-1\">\n<div class=\"html-div xdj266r x14z9mp x1lziwak xexx8yu xyri2b x18d9i69 x1c1uobl x1e56ztr\">\n<div class=\"html-div xdj266r x14z9mp xat24cr x1lziwak xexx8yu xyri2b x18d9i69 x1c1uobl\" style=\"text-align: justify;\" tabindex=\"-1\">\n<div class=\"html-div xdj266r x14z9mp x1lziwak xexx8yu xyri2b x18d9i69 x1c1uobl x1e56ztr\">\n<p><span class=\"x193iq5w xeuugli x13faqbe x1vvkbs x1xmvt09 x6prxxf xvq8zen xo1l8bm xzsf02u\">Ale na tym nie koniec, bo w Onecie w dniu 17.02.2026 ukaza\u0142a si\u0119 wersja tekstowa autorstwa Pani redaktor Anny Piekarczyk o tym, co mogli\u015bmy us\u0142ysze\u0107 w opowiadaniach Mirka podczas audycji radiowej. Link do tego tekstu &#8211; <strong><a href=\"https:\/\/tiny.pl\/5cfm5b4r3\">https:\/\/tiny.pl\/5cfm5b4r3<\/a><\/strong><\/span><\/p>\n<\/div>\n<\/div>\n<\/div>\n<\/div>\n<\/div>\n<\/div>\n<\/div>\n<div><a href=\"https:\/\/mto-kr.pl\/wp-content\/uploads\/2026\/02\/NNEk9kpTURBXy8xMDg3MjQ3ZDU0NTBkMmRhZDRmMmU2MDc3YWM3MWViZC5qcGeSlQMAAM0VwM0MPJUCzQOsAMLD3gADoTAFoTEBoTPD.webp\"><img loading=\"lazy\" decoding=\"async\" class=\"aligncenter wp-image-4878 size-full\" src=\"https:\/\/mto-kr.pl\/wp-content\/uploads\/2026\/02\/NNEk9kpTURBXy8xMDg3MjQ3ZDU0NTBkMmRhZDRmMmU2MDc3YWM3MWViZC5qcGeSlQMAAM0VwM0MPJUCzQOsAMLD3gADoTAFoTEBoTPD.webp\" alt=\"\" width=\"940\" height=\"528\" srcset=\"https:\/\/mto-kr.pl\/wp-content\/uploads\/2026\/02\/NNEk9kpTURBXy8xMDg3MjQ3ZDU0NTBkMmRhZDRmMmU2MDc3YWM3MWViZC5qcGeSlQMAAM0VwM0MPJUCzQOsAMLD3gADoTAFoTEBoTPD.webp 940w, https:\/\/mto-kr.pl\/wp-content\/uploads\/2026\/02\/NNEk9kpTURBXy8xMDg3MjQ3ZDU0NTBkMmRhZDRmMmU2MDc3YWM3MWViZC5qcGeSlQMAAM0VwM0MPJUCzQOsAMLD3gADoTAFoTEBoTPD-300x169.webp 300w, https:\/\/mto-kr.pl\/wp-content\/uploads\/2026\/02\/NNEk9kpTURBXy8xMDg3MjQ3ZDU0NTBkMmRhZDRmMmU2MDc3YWM3MWViZC5qcGeSlQMAAM0VwM0MPJUCzQOsAMLD3gADoTAFoTEBoTPD-768x431.webp 768w, https:\/\/mto-kr.pl\/wp-content\/uploads\/2026\/02\/NNEk9kpTURBXy8xMDg3MjQ3ZDU0NTBkMmRhZDRmMmU2MDc3YWM3MWViZC5qcGeSlQMAAM0VwM0MPJUCzQOsAMLD3gADoTAFoTEBoTPD-18x10.webp 18w, https:\/\/mto-kr.pl\/wp-content\/uploads\/2026\/02\/NNEk9kpTURBXy8xMDg3MjQ3ZDU0NTBkMmRhZDRmMmU2MDc3YWM3MWViZC5qcGeSlQMAAM0VwM0MPJUCzQOsAMLD3gADoTAFoTEBoTPD-623x350.webp 623w, https:\/\/mto-kr.pl\/wp-content\/uploads\/2026\/02\/NNEk9kpTURBXy8xMDg3MjQ3ZDU0NTBkMmRhZDRmMmU2MDc3YWM3MWViZC5qcGeSlQMAAM0VwM0MPJUCzQOsAMLD3gADoTAFoTEBoTPD-150x84.webp 150w\" sizes=\"auto, (max-width: 940px) 100vw, 940px\" \/><\/a><\/div>","protected":false},"excerpt":{"rendered":"<p>Tajemnice krukowatych pozwala\u0142 zg\u0142\u0119bi\u0107 radios\u0142uchaczom Radia Krak\u00f3w cz\u0142onek MTO &#8211; Miros\u0142aw Kata w trakcie cyklicznej audycji &#8222;Przed hejna\u0142em&#8221; w dniu 12.02.2026, prowadzonej przez redaktor &#8211; Ann\u0119 Piekarczyk. By\u0142o te\u017c o spacerach ornitologicznych organizowanych przez nas. Ca\u0142o\u015b\u0107 audycji mo\u017cecie ods\u0142ucha\u0107 pod tym linkiem &#8211; https:\/\/tiny.pl\/sk19826zn Ale na tym nie koniec, bo w Onecie w dniu 17.02.2026 ukaza\u0142a si\u0119 wersja tekstowa autorstwa Pani redaktor Anny Piekarczyk o tym, co mogli\u015bmy us\u0142ysze\u0107 w opowiadaniach Mirka podczas audycji radiowej. Link do tego tekstu &#8211; https:\/\/tiny.pl\/5cfm5b4r3 <a class=\"continue-reading-link\" href=\"https:\/\/mto-kr.pl\/en\/2026\/02\/20\/o-mto-w-mediach\/\">Czytaj dalej&#8230;<\/a><\/p>","protected":false},"author":1,"featured_media":4878,"comment_status":"open","ping_status":"open","sticky":false,"template":"","format":"standard","meta":{"_monsterinsights_skip_tracking":false,"footnotes":""},"categories":[4],"tags":[],"class_list":["post-4877","post","type-post","status-publish","format-standard","has-post-thumbnail","hentry","category-aktualnosci"],"_links":{"self":[{"href":"https:\/\/mto-kr.pl\/en\/wp-json\/wp\/v2\/posts\/4877","targetHints":{"allow":["GET"]}}],"collection":[{"href":"https:\/\/mto-kr.pl\/en\/wp-json\/wp\/v2\/posts"}],"about":[{"href":"https:\/\/mto-kr.pl\/en\/wp-json\/wp\/v2\/types\/post"}],"author":[{"embeddable":true,"href":"https:\/\/mto-kr.pl\/en\/wp-json\/wp\/v2\/users\/1"}],"replies":[{"embeddable":true,"href":"https:\/\/mto-kr.pl\/en\/wp-json\/wp\/v2\/comments?post=4877"}],"version-history":[{"count":5,"href":"https:\/\/mto-kr.pl\/en\/wp-json\/wp\/v2\/posts\/4877\/revisions"}],"predecessor-version":[{"id":4883,"href":"https:\/\/mto-kr.pl\/en\/wp-json\/wp\/v2\/posts\/4877\/revisions\/4883"}],"wp:featuredmedia":[{"embeddable":true,"href":"https:\/\/mto-kr.pl\/en\/wp-json\/wp\/v2\/media\/4878"}],"wp:attachment":[{"href":"https:\/\/mto-kr.pl\/en\/wp-json\/wp\/v2\/media?parent=4877"}],"wp:term":[{"taxonomy":"category","embeddable":true,"href":"https:\/\/mto-kr.pl\/en\/wp-json\/wp\/v2\/categories?post=4877"},{"taxonomy":"post_tag","embeddable":true,"href":"https:\/\/mto-kr.pl\/en\/wp-json\/wp\/v2\/tags?post=4877"}],"curies":[{"name":"wp","href":"https:\/\/api.w.org\/{rel}","templated":true}]}}