{"id":488,"date":"2018-01-30T18:31:06","date_gmt":"2018-01-30T17:31:06","guid":{"rendered":"https:\/\/mto-kr.pl\/?p=488"},"modified":"2018-01-30T18:31:42","modified_gmt":"2018-01-30T17:31:42","slug":"przedszkolaki-pomagaja","status":"publish","type":"post","link":"https:\/\/mto-kr.pl\/en\/2018\/01\/30\/przedszkolaki-pomagaja\/","title":{"rendered":"Przedszkolaki pomagaj\u0105!"},"content":{"rendered":"<p style=\"text-align: justify;\"><strong><a href=\"https:\/\/mto-kr.pl\/wp-content\/uploads\/2018\/01\/dary.jpg\"><img loading=\"lazy\" decoding=\"async\" class=\"alignleft size-medium wp-image-489\" src=\"https:\/\/mto-kr.pl\/wp-content\/uploads\/2018\/01\/dary-300x169.jpg\" alt=\"\" width=\"300\" height=\"169\" srcset=\"https:\/\/mto-kr.pl\/wp-content\/uploads\/2018\/01\/dary-300x169.jpg 300w, https:\/\/mto-kr.pl\/wp-content\/uploads\/2018\/01\/dary-768x432.jpg 768w, https:\/\/mto-kr.pl\/wp-content\/uploads\/2018\/01\/dary-623x350.jpg 623w, https:\/\/mto-kr.pl\/wp-content\/uploads\/2018\/01\/dary-150x84.jpg 150w, https:\/\/mto-kr.pl\/wp-content\/uploads\/2018\/01\/dary-356x200.jpg 356w, https:\/\/mto-kr.pl\/wp-content\/uploads\/2018\/01\/dary.jpg 900w\" sizes=\"auto, (max-width: 300px) 100vw, 300px\" \/><\/a>Jak podnosi\u0107 \u015bwiadomo\u015b\u0107 ekologiczn\u0105 i kszta\u0142towa\u0107 odpowiednie postawy wobec przyrody w\u015br\u00f3d najm\u0142odszych? Oto jeden z przyk\u0142ad\u00f3w! Efektem wsp\u00f3\u0142pracy z Ma\u0142opolskim Towarzystwem Ornitologicznym w jednym z krakowskich przedszkoli zosta\u0142a przeprowadzona zbi\u00f3rka pokarmu dla zimuj\u0105cych ptak\u00f3w.<\/strong><\/p>\n<p style=\"text-align: justify;\">Zbi\u00f3rka karmy dla ptak\u00f3w zimuj\u0105cych zosta\u0142a zainicjowana przez pani\u0105 <strong>King\u0119 Kope\u0107<\/strong> &#8211; nauczycielk\u0119 z przedszkola &#8222;<strong>The Little Steps<\/strong>&#8221; przy ul. Polonijnej 9 w Krakowie i jest kontynuacj\u0105 wsp\u00f3\u0142pracy z Ma\u0142opolskim Towarzystwem Ornitologicznym. Pierwsz\u0105 wsp\u00f3ln\u0105 inicjatyw\u0105 by\u0142y jesienne warsztaty ornitologiczne przeprowadzone przez <strong>Joann\u0119 Kajzer-Bonk<\/strong>. Akcja cieszy\u0142a si\u0119 sporym zainteresowaniem przedszkolak\u00f3w i rodzic\u00f3w, co wida\u0107 na za\u0142\u0105czonym zdj\u0119ciu.<\/p>\n<p style=\"text-align: justify;\">W\u015br\u00f3d zebranego pokarmu znalaz\u0142y si\u0119 m.in. s\u0142onecznik, kukurydza i p\u0142atki zb\u00f3\u017c. Karma zosta\u0142a przekazana na <strong>Akcj\u0119 Karmnik<\/strong> &#8211; po\u017cywi\u0105 si\u0119 ni\u0105 ptaki zimuj\u0105ce w lasku obok kampusu uniwersyteckiego Uniwersytetu Jagiello\u0144skiego przy ul. Gronostajowej.<\/p>\n<p style=\"text-align: justify;\">W imieniu ca\u0142ej krakowskiej ptasiej czeredy i mi\u0142o\u015bnik\u00f3w ptak\u00f3w\u00a0serdecznie dzi\u0119kujemy za przekazany pokarm i okazane serce\u00a0nauczycielom, rodzicom i dzieciom\u00a0z Przedszkola Samorz\u0105dowego &#8222;The Little Steps&#8221;\u00a0przy ul. Polonijnej 9 w Krakowie!<\/p>\n<p style=\"text-align: right;\"><em>JW\/JKB<\/em><\/p>","protected":false},"excerpt":{"rendered":"<p>Jak podnosi\u0107 \u015bwiadomo\u015b\u0107 ekologiczn\u0105 i kszta\u0142towa\u0107 odpowiednie postawy wobec przyrody w\u015br\u00f3d najm\u0142odszych? Oto jeden z przyk\u0142ad\u00f3w! Efektem wsp\u00f3\u0142pracy z Ma\u0142opolskim Towarzystwem Ornitologicznym w jednym z krakowskich przedszkoli zosta\u0142a przeprowadzona zbi\u00f3rka pokarmu dla zimuj\u0105cych ptak\u00f3w. Zbi\u00f3rka karmy dla ptak\u00f3w zimuj\u0105cych zosta\u0142a zainicjowana przez pani\u0105 King\u0119 Kope\u0107 &#8211; nauczycielk\u0119 z przedszkola &#8222;The Little Steps&#8221; przy ul. Polonijnej 9 w Krakowie i jest kontynuacj\u0105 wsp\u00f3\u0142pracy z Ma\u0142opolskim Towarzystwem Ornitologicznym. Pierwsz\u0105 wsp\u00f3ln\u0105 inicjatyw\u0105 by\u0142y jesienne warsztaty ornitologiczne przeprowadzone przez Joann\u0119 Kajzer-Bonk. Akcja cieszy\u0142a si\u0119 sporym zainteresowaniem przedszkolak\u00f3w i rodzic\u00f3w, co wida\u0107 na za\u0142\u0105czonym zdj\u0119ciu. W\u015br\u00f3d zebranego pokarmu znalaz\u0142y si\u0119 m.in. s\u0142onecznik, kukurydza i p\u0142atki\u2026 <a class=\"continue-reading-link\" href=\"https:\/\/mto-kr.pl\/en\/2018\/01\/30\/przedszkolaki-pomagaja\/\">Czytaj dalej&#8230;<\/a><\/p>","protected":false},"author":1,"featured_media":489,"comment_status":"closed","ping_status":"open","sticky":false,"template":"","format":"standard","meta":{"_monsterinsights_skip_tracking":false,"footnotes":""},"categories":[4],"tags":[],"class_list":["post-488","post","type-post","status-publish","format-standard","has-post-thumbnail","hentry","category-aktualnosci"],"_links":{"self":[{"href":"https:\/\/mto-kr.pl\/en\/wp-json\/wp\/v2\/posts\/488","targetHints":{"allow":["GET"]}}],"collection":[{"href":"https:\/\/mto-kr.pl\/en\/wp-json\/wp\/v2\/posts"}],"about":[{"href":"https:\/\/mto-kr.pl\/en\/wp-json\/wp\/v2\/types\/post"}],"author":[{"embeddable":true,"href":"https:\/\/mto-kr.pl\/en\/wp-json\/wp\/v2\/users\/1"}],"replies":[{"embeddable":true,"href":"https:\/\/mto-kr.pl\/en\/wp-json\/wp\/v2\/comments?post=488"}],"version-history":[{"count":4,"href":"https:\/\/mto-kr.pl\/en\/wp-json\/wp\/v2\/posts\/488\/revisions"}],"predecessor-version":[{"id":493,"href":"https:\/\/mto-kr.pl\/en\/wp-json\/wp\/v2\/posts\/488\/revisions\/493"}],"wp:featuredmedia":[{"embeddable":true,"href":"https:\/\/mto-kr.pl\/en\/wp-json\/wp\/v2\/media\/489"}],"wp:attachment":[{"href":"https:\/\/mto-kr.pl\/en\/wp-json\/wp\/v2\/media?parent=488"}],"wp:term":[{"taxonomy":"category","embeddable":true,"href":"https:\/\/mto-kr.pl\/en\/wp-json\/wp\/v2\/categories?post=488"},{"taxonomy":"post_tag","embeddable":true,"href":"https:\/\/mto-kr.pl\/en\/wp-json\/wp\/v2\/tags?post=488"}],"curies":[{"name":"wp","href":"https:\/\/api.w.org\/{rel}","templated":true}]}}