{"id":4946,"date":"2026-03-03T10:09:51","date_gmt":"2026-03-03T09:09:51","guid":{"rendered":"https:\/\/mto-kr.pl\/wp\/?p=4946"},"modified":"2026-04-08T07:49:43","modified_gmt":"2026-04-08T05:49:43","slug":"program-spacerow-ornitologicznych-mto-wiosna-2026","status":"publish","type":"post","link":"https:\/\/mto-kr.pl\/en\/2026\/03\/03\/program-spacerow-ornitologicznych-mto-wiosna-2026\/","title":{"rendered":"Program spacer\u00f3w ornitologicznych MTO &#8211; wiosna 2026"},"content":{"rendered":"<p>Drodzy obserwatorzy!<\/p>\n<p style=\"text-align: justify;\">W zak\u0142adce <a href=\"https:\/\/mto-kr.pl\/en\/program-wycieczek-mto\/\"><strong>Program spacer\u00f3w ornitologicznych MTO &#8211; wiosna 2026<\/strong><\/a> ukaza\u0142 si\u0119 w\u0142a\u015bnie nowy program spacerowy, kt\u00f3ry obejmuje 9 wyj\u015b\u0107 terenowych na obserwacje ptak\u00f3w w nadchodz\u0105cym okresie wiosennym. Wszystkich bardzo serdecznie zapraszamy do udzia\u0142u w tych spacerach terenowych lub zg\u0142aszania swoich propozycji wycieczek. Program nigdy nie jest zamkni\u0119ty i w tym celu prosimy kontaktowa\u0107 si\u0119 z koordynatorem spacer\u00f3w MTO &#8211; <strong>Miros\u0142awem Nowickim (<a href=\"mailto:nowickimirek@wp.pl\">nowickimirek@wp.pl<\/a>).<\/strong><\/p>\n<p><strong>Gor\u0105co zapraszamy i \u017cyczymy udanych obserwacji!<\/strong><\/p>\n<div id=\"attachment_4923\" style=\"width: 1034px\" class=\"wp-caption aligncenter\"><a href=\"https:\/\/mto-kr.pl\/wp-content\/uploads\/2026\/03\/20251115_080405.jpg\"><img loading=\"lazy\" decoding=\"async\" aria-describedby=\"caption-attachment-4923\" class=\"wp-image-4923 size-full\" src=\"https:\/\/mto-kr.pl\/wp-content\/uploads\/2026\/03\/20251115_080405.jpg\" alt=\"\" width=\"1024\" height=\"768\" srcset=\"https:\/\/mto-kr.pl\/wp-content\/uploads\/2026\/03\/20251115_080405.jpg 1024w, https:\/\/mto-kr.pl\/wp-content\/uploads\/2026\/03\/20251115_080405-300x225.jpg 300w, https:\/\/mto-kr.pl\/wp-content\/uploads\/2026\/03\/20251115_080405-768x576.jpg 768w, https:\/\/mto-kr.pl\/wp-content\/uploads\/2026\/03\/20251115_080405-16x12.jpg 16w, https:\/\/mto-kr.pl\/wp-content\/uploads\/2026\/03\/20251115_080405-467x350.jpg 467w, https:\/\/mto-kr.pl\/wp-content\/uploads\/2026\/03\/20251115_080405-150x113.jpg 150w\" sizes=\"auto, (max-width: 1024px) 100vw, 1024px\" \/><\/a><p id=\"caption-attachment-4923\" class=\"wp-caption-text\">Fot. Maria Krzy\u017canowska<\/p><\/div>","protected":false},"excerpt":{"rendered":"<p>Drodzy obserwatorzy! W zak\u0142adce Program spacer\u00f3w ornitologicznych MTO &#8211; wiosna 2026 ukaza\u0142 si\u0119 w\u0142a\u015bnie nowy program spacerowy, kt\u00f3ry obejmuje 9 wyj\u015b\u0107 terenowych na obserwacje ptak\u00f3w w nadchodz\u0105cym okresie wiosennym. Wszystkich bardzo serdecznie zapraszamy do udzia\u0142u w tych spacerach terenowych lub zg\u0142aszania swoich propozycji wycieczek. Program nigdy nie jest zamkni\u0119ty i w tym celu prosimy kontaktowa\u0107 si\u0119 z koordynatorem spacer\u00f3w MTO &#8211; Miros\u0142awem Nowickim (nowickimirek@wp.pl). Gor\u0105co zapraszamy i \u017cyczymy udanych obserwacji! <a class=\"continue-reading-link\" href=\"https:\/\/mto-kr.pl\/en\/2026\/03\/03\/program-spacerow-ornitologicznych-mto-wiosna-2026\/\">Czytaj dalej&#8230;<\/a><\/p>","protected":false},"author":1,"featured_media":4923,"comment_status":"open","ping_status":"open","sticky":false,"template":"","format":"standard","meta":{"_monsterinsights_skip_tracking":false,"footnotes":""},"categories":[4],"tags":[],"class_list":["post-4946","post","type-post","status-publish","format-standard","has-post-thumbnail","hentry","category-aktualnosci"],"_links":{"self":[{"href":"https:\/\/mto-kr.pl\/en\/wp-json\/wp\/v2\/posts\/4946","targetHints":{"allow":["GET"]}}],"collection":[{"href":"https:\/\/mto-kr.pl\/en\/wp-json\/wp\/v2\/posts"}],"about":[{"href":"https:\/\/mto-kr.pl\/en\/wp-json\/wp\/v2\/types\/post"}],"author":[{"embeddable":true,"href":"https:\/\/mto-kr.pl\/en\/wp-json\/wp\/v2\/users\/1"}],"replies":[{"embeddable":true,"href":"https:\/\/mto-kr.pl\/en\/wp-json\/wp\/v2\/comments?post=4946"}],"version-history":[{"count":7,"href":"https:\/\/mto-kr.pl\/en\/wp-json\/wp\/v2\/posts\/4946\/revisions"}],"predecessor-version":[{"id":4953,"href":"https:\/\/mto-kr.pl\/en\/wp-json\/wp\/v2\/posts\/4946\/revisions\/4953"}],"wp:featuredmedia":[{"embeddable":true,"href":"https:\/\/mto-kr.pl\/en\/wp-json\/wp\/v2\/media\/4923"}],"wp:attachment":[{"href":"https:\/\/mto-kr.pl\/en\/wp-json\/wp\/v2\/media?parent=4946"}],"wp:term":[{"taxonomy":"category","embeddable":true,"href":"https:\/\/mto-kr.pl\/en\/wp-json\/wp\/v2\/categories?post=4946"},{"taxonomy":"post_tag","embeddable":true,"href":"https:\/\/mto-kr.pl\/en\/wp-json\/wp\/v2\/tags?post=4946"}],"curies":[{"name":"wp","href":"https:\/\/api.w.org\/{rel}","templated":true}]}}