{"id":4971,"date":"2026-03-09T21:23:25","date_gmt":"2026-03-09T20:23:25","guid":{"rendered":"https:\/\/mto-kr.pl\/wp\/?p=4971"},"modified":"2026-03-09T21:30:51","modified_gmt":"2026-03-09T20:30:51","slug":"atlas-ptakow-krakowa-2026-2028","status":"publish","type":"post","link":"https:\/\/mto-kr.pl\/en\/2026\/03\/09\/atlas-ptakow-krakowa-2026-2028\/","title":{"rendered":"ATLAS OF BIRDS OF CRACOW 2026-2028"},"content":{"rendered":"<div class=\"html-div xdj266r x14z9mp xat24cr x1lziwak xexx8yu xyri2b x18d9i69 x1c1uobl\" tabindex=\"-1\">\n<p style=\"text-align: justify;\">Mija 20 lat od pierwszej pr\u00f3by zebrania danych do Atlasu Ptak\u00f3w Krakowa. W latach 2003-2006 pod kierunkiem \u015bp. dr Kazimierza Walasza zebrano bardzo bogaty materia\u0142 z obszaru miasta. Niestety wyniki te nie zosta\u0142y dotychczas opublikowane. Przez 20 lat obraz Krakowa, jego zagospodarowanie powierzchni, uleg\u0142 ogromnym zmianom. Zmiany te na pewno mia\u0142y ogromny wp\u0142yw na rozmieszczenie i liczebno\u015b\u0107 ptak\u00f3w, szczeg\u00f3lnie tych z gatunk\u00f3w l\u0119gowych, dlatego powracamy do tych bada\u0144. Mamy nadziej\u0119, \u017ce w okresie 3 lat uda nam si\u0119 skontrolowa\u0107 wszystkie wyznaczone pola atlasowe pokrywaj\u0105ce administracyjny obszar Krakowa. Owocem tego wysi\u0142ku b\u0119dzie ksi\u0105\u017cka obrazuj\u0105ca zmiany, jakie zasz\u0142y w awifaunie miasta na przestrzeni \u0107wier\u0107wiecza.<\/p>\n<p style=\"text-align: justify;\">Aby wzi\u0105\u0107 udzia\u0142 w programie konieczne b\u0119dzie z\u0142o\u017cenie deklaracji dotycz\u0105cej kontroli wybranych p\u00f3l w okresie l\u0119gowym i zimowym. Do kontrolowania krakowski p\u00f3l atlasowych zapraszamy przede wszystkim osoby mieszkaj\u0105ce obecnie w Krakowie. W tym celu prosimy o wys\u0142anie zg\u0142oszenia na adres &#8211; <a href=\"mailto:ptakikrakowa@mto-kr.pl\"><strong>ptakikrakowa@mto-kr.pl<\/strong><\/a> podaj\u0105c wybrane numery p\u00f3l atlasowych, kt\u00f3re mo\u017cna znale\u017a\u0107 na poni\u017cszej mapie (na zielono zaznaczone s\u0105 kwadraty &#8222;wolne&#8221; &#8211; dost\u0119pne do z\u0142o\u017cenia deklaracji, na pomara\u0144czowo &#8211; zaj\u0119te).<\/p>\n<p>R\u00f3wnie\u017c obserwacje dokonane jedynie podczas odwiedzin Krakowa b\u0119d\u0105 cennym uzupe\u0142nieniem materia\u0142u. Prosimy o ich wpisywanie do baz danych: <a href=\"https:\/\/www.ornitho.pl\/index.php\" target=\"_blank\" rel=\"noopener\"><strong>ornitho.pl<\/strong><\/a> lub <a href=\"https:\/\/www.iop.krakow.pl\/dbPtak\/login?ReturnUrl=%2FdbPtak%2Fkontrola\" target=\"_blank\" rel=\"noopener\"><strong>dbPtak<\/strong><\/a><\/p>\n<p>Instrukcj\u0119 bada\u0144 oraz arkusz szacowania liczebno\u015bci znajdziecie Pa\u0144stwo na naszej stronie internetowej w zak\u0142adce <a href=\"https:\/\/mto-kr.pl\/en\/atlas-ptakow-krakowa-2026-2028\/\" target=\"_blank\" rel=\"noopener\"><strong>ATLAS OF BIRDS OF CRACOW 2026-2028<\/strong><\/a><\/p>\n<p><strong>\u017byczymy Pa\u0144stwu owocnych obserwacji i mamy nadziej\u0119, \u017ce dostarcz\u0105 one Pa\u0144stwu wiele satysfakcji! <\/strong><strong>Ruszajmy wi\u0119c w Krak\u00f3w!<\/strong><\/p>\n<p>Stanis\u0142aw Czy\u017c<br \/>\nPREZES MTO<\/p>\n<\/div>\n<p><iframe loading=\"lazy\" src=\"https:\/\/www.google.com\/maps\/d\/embed?mid=1xM0ojDglcTl97DmAkN_e4uYXK5-X73I&amp;ehbc=2E312F\" width=\"640\" height=\"480\"><\/iframe><\/p>","protected":false},"excerpt":{"rendered":"<p>Mija 20 lat od pierwszej pr\u00f3by zebrania danych do Atlasu Ptak\u00f3w Krakowa. W latach 2003-2006 pod kierunkiem \u015bp. dr Kazimierza Walasza zebrano bardzo bogaty materia\u0142 z obszaru miasta. Niestety wyniki te nie zosta\u0142y dotychczas opublikowane. Przez 20 lat obraz Krakowa, jego zagospodarowanie powierzchni, uleg\u0142 ogromnym zmianom. Zmiany te na pewno mia\u0142y ogromny wp\u0142yw na rozmieszczenie i liczebno\u015b\u0107 ptak\u00f3w, szczeg\u00f3lnie tych z gatunk\u00f3w l\u0119gowych, dlatego powracamy do tych bada\u0144. Mamy nadziej\u0119, \u017ce w okresie 3 lat uda nam si\u0119 skontrolowa\u0107 wszystkie wyznaczone pola atlasowe pokrywaj\u0105ce administracyjny obszar Krakowa. Owocem tego wysi\u0142ku b\u0119dzie ksi\u0105\u017cka obrazuj\u0105ca zmiany, jakie zasz\u0142y w awifaunie miasta na\u2026 <a class=\"continue-reading-link\" href=\"https:\/\/mto-kr.pl\/en\/2026\/03\/09\/atlas-ptakow-krakowa-2026-2028\/\">Czytaj dalej&#8230;<\/a><\/p>","protected":false},"author":1,"featured_media":4972,"comment_status":"open","ping_status":"open","sticky":false,"template":"","format":"standard","meta":{"_monsterinsights_skip_tracking":false,"footnotes":""},"categories":[4],"tags":[],"class_list":["post-4971","post","type-post","status-publish","format-standard","has-post-thumbnail","hentry","category-aktualnosci"],"_links":{"self":[{"href":"https:\/\/mto-kr.pl\/en\/wp-json\/wp\/v2\/posts\/4971","targetHints":{"allow":["GET"]}}],"collection":[{"href":"https:\/\/mto-kr.pl\/en\/wp-json\/wp\/v2\/posts"}],"about":[{"href":"https:\/\/mto-kr.pl\/en\/wp-json\/wp\/v2\/types\/post"}],"author":[{"embeddable":true,"href":"https:\/\/mto-kr.pl\/en\/wp-json\/wp\/v2\/users\/1"}],"replies":[{"embeddable":true,"href":"https:\/\/mto-kr.pl\/en\/wp-json\/wp\/v2\/comments?post=4971"}],"version-history":[{"count":5,"href":"https:\/\/mto-kr.pl\/en\/wp-json\/wp\/v2\/posts\/4971\/revisions"}],"predecessor-version":[{"id":4975,"href":"https:\/\/mto-kr.pl\/en\/wp-json\/wp\/v2\/posts\/4971\/revisions\/4975"}],"wp:featuredmedia":[{"embeddable":true,"href":"https:\/\/mto-kr.pl\/en\/wp-json\/wp\/v2\/media\/4972"}],"wp:attachment":[{"href":"https:\/\/mto-kr.pl\/en\/wp-json\/wp\/v2\/media?parent=4971"}],"wp:term":[{"taxonomy":"category","embeddable":true,"href":"https:\/\/mto-kr.pl\/en\/wp-json\/wp\/v2\/categories?post=4971"},{"taxonomy":"post_tag","embeddable":true,"href":"https:\/\/mto-kr.pl\/en\/wp-json\/wp\/v2\/tags?post=4971"}],"curies":[{"name":"wp","href":"https:\/\/api.w.org\/{rel}","templated":true}]}}